{"id":3562,"date":"2021-10-05T05:30:15","date_gmt":"2021-10-05T05:30:15","guid":{"rendered":"https:\/\/www.jeveuxaider.gouv.fr\/?p=3562"},"modified":"2021-10-05T05:30:15","modified_gmt":"2021-10-05T05:30:15","slug":"jeveuxaider-gouv-fr-une-force-de-mobilisation-massive-pour-le-mentorat","status":"publish","type":"post","link":"https:\/\/www.jeveuxaider.gouv.fr\/engagement\/actualite\/jeveuxaider-gouv-fr-une-force-de-mobilisation-massive-pour-le-mentorat\/","title":{"rendered":"JeVeuxAider.gouv.fr : une force de mobilisation massive pour le mentorat"},"content":{"rendered":"<div class=\"wpb-content-wrapper\"><p>[vc_row][vc_column column_width_use_pixel=\u00a0\u00bbyes\u00a0\u00bb gutter_size=\u00a0\u00bb2&Prime; overlay_alpha=\u00a0\u00bb50&Prime; shift_x=\u00a0\u00bb0&Prime; shift_y=\u00a0\u00bb0&Prime; shift_y_down=\u00a0\u00bb0&Prime; z_index=\u00a0\u00bb0&Prime; medium_width=\u00a0\u00bb0&Prime; mobile_width=\u00a0\u00bb0&Prime; width=\u00a0\u00bb1\/1&Prime; column_width_pixel=\u00a0\u00bb800&Prime;][vc_column_text]<strong>JeVeuxAider.gouv.fr<\/strong> (d\u00e9velopp\u00e9 par la R\u00e9serve Civique) accompagne <a href=\"https:\/\/www.1jeune1mentor.fr\/\">le dispositif gouvernemental \u201c1 jeune 1 mentor\u201d<\/a> en aidant les associations \u00e0 trouver facilement et rapidement leurs mentors b\u00e9n\u00e9voles. Cet appui au niveau national contribuera sans doute \u00e0 la r\u00e9ussite du dispositif, car il a d\u00e9j\u00e0 fait ses preuves aupr\u00e8s des grandes associations sp\u00e9cialistes, comme Article 1, l\u2019Afev ou Parrains par mille.<\/p>\n<p><strong>Agathe Bouffet<\/strong>, charg\u00e9e de mobilisation \u00e0 l&rsquo;<a href=\"https:\/\/afev.org\/\">Afev<\/a><i>, <\/i>explique :<\/p>\n<blockquote><p>\u00ab\u00a0<i>JeVeuxAider.gouv.fr nous a offert une meilleure visibilit\u00e9 aupr\u00e8s d&rsquo;un public que l&rsquo;on approche peu lors de nos actions de mobilisation en pr\u00e9sentiel. Gr\u00e2ce \u00e0 la mobilisation num\u00e9rique, nous promouvons notre offre de b\u00e9n\u00e9volat vers de nouveaux territoires et mobilisons des mentors partout en France<\/i>\u00ab\u00a0, explique Agathe Bouffet, charg\u00e9e de mobilisation \u00e0 l&rsquo;Afev<i>.<br \/>\n<\/i><\/p><\/blockquote>\n<p><strong>L\u00e9a B\u00e9gu\u00e9<\/strong>, charg\u00e9e de d\u00e9veloppement de l\u2019association <a href=\"https:\/\/ppm-asso.org\/\">Parrains par Mille<\/a>, abonde\u00a0:<\/p>\n<blockquote><p><i>\u00ab\u00a0JeVeuxAider.gouv.fr nous a permis d\u2019\u00eatre reconnu aupr\u00e8s d\u2019un public moins sensibilis\u00e9 au parrainage. Son c\u00f4t\u00e9 institutionnel nous a donn\u00e9 une vraie visibilit\u00e9, tout en permettant aux b\u00e9n\u00e9voles de se sentir en confiance lorsqu\u2019ils candidatent aux missions. <\/i>\u00bb<\/p><\/blockquote>\n<h3><b>L\u2019engagement en faveur de la r\u00e9ussite scolaire, une priorit\u00e9 r\u00e9affirm\u00e9e<\/b><\/h3>\n<p>Depuis son lancement en mars 2020, la plateforme publique du b\u00e9n\u00e9volat a fait de l\u2019\u00e9ducation l\u2019une de ses th\u00e9matiques phares. Elle propose des milliers de missions de mentorat, qui consistent \u00e0 instaurer un lien de confiance entre un enfant ou un jeune en difficult\u00e9 scolaire et un adulte, pour lui apporter un soutien sur divers plans\u00a0: scolaire ou acad\u00e9mique, mais aussi social, culturel, personnel. Un accompagnement qui dure souvent plus d\u2019une ann\u00e9e.<\/p>\n<p>Selon L\u00e9a B\u00e9gu\u00e9, le mentorat ou son \u00e9quivalent, le parrainage \u00ab <i>constitue une ressource essentielle pour de nombreux enfants, jeunes et familles vuln\u00e9rables, et dont l\u2019efficacit\u00e9 a \u00e9t\u00e9 pleinement d\u00e9montr\u00e9e. Parce que le capital culturel influe sur la r\u00e9ussite sociale et scolaire de l\u2019enfant, parce que l\u2019\u00e9galit\u00e9 des chances n\u00e9cessite une certaine mobilit\u00e9 sociale, parce qu\u2019en France le d\u00e9terminisme social demeure tr\u00e8s ancr\u00e9, Parrains par Mille contribue au d\u00e9cloisonnement des territoires en favorisant la rencontre interg\u00e9n\u00e9rationnelle et interculturelle de personnes de tous horizons.<\/i>\u00a0\u00bb<\/p>\n<h3><b>Un engouement pour le mentorat raviv\u00e9 par la crise sanitaire\u00a0<\/b><\/h3>\n<p>Les missions de mentorat propos\u00e9es sur JeVeuxAider.gouv.fr par des associations comme <a href=\"https:\/\/article-1.eu\/\">Article 1<\/a>, l\u2019AFEV, Parrains par Mille, <a href=\"https:\/\/www.cheminsdavenirs.fr\/\">Chemins d\u2019avenir<\/a>, <a href=\"https:\/\/www.proxite.com\/\">Proxit\u00e9<\/a> ou encore <a href=\"https:\/\/zupdeco.org\/\">ZUPdeCO<\/a> connaissent un franc succ\u00e8s. Si l\u2019on se base sur le nombre de participations, l\u2019\u00e9ducation est la cause n\u00b02 pl\u00e9biscit\u00e9e par les 330 000 b\u00e9n\u00e9voles inscrits. Une solidarit\u00e9 envers la jeunesse raviv\u00e9e par la crise sanitaire et la fermeture temporaire des \u00e9coles et des universit\u00e9s. Certaines associations ont m\u00eame con\u00e7u des programmes d\u2019urgence, comme Article 1 qui propose \u00ab <i>un accompagnement coup de pouce, sur 3 mois, pour les \u00e9tudiants boursiers en difficult\u00e9 pour r\u00e9pondre \u00e0 leurs besoins plus ponctuels : trouver un stage, am\u00e9liorer son anglais, garder le moral en ce moment&#8230; Cette plateforme met en relation des professionnels avec des \u00e9tudiants qu&rsquo;ils accompagnent sur des besoins pr\u00e9cis avec la possibilit\u00e9 de continuer sur un mentorat plus long par la suite<\/i>\u00a0\u00bb, explique Henry Choel, directeur du P\u00f4le R\u00e9ussir.[\/vc_column_text][vc_empty_space empty_h=\u00a0\u00bb0&Prime;][vc_separator][vc_empty_space empty_h=\u00a0\u00bb0&Prime;][vc_custom_heading sub_lead=\u00a0\u00bbyes\u00a0\u00bb sub_reduced=\u00a0\u00bbyes\u00a0\u00bb subheading=\u00a0\u00bbDepuis mars 2020, sur la plateforme JeVeuxAider.gouv.fr :\u00a0\u00bb]En chiffres[\/vc_custom_heading][uncode_list larger=\u00a0\u00bbyes\u00a0\u00bb icon=\u00a0\u00bbfa fa-tick\u00a0\u00bb]<\/p>\n<ul>\n<li>L\u2019\u00e9ducation arrive en <strong>2e place dans les causes prioritaires<\/strong> pour les b\u00e9n\u00e9voles, juste apr\u00e8s le soutien aux personnes isol\u00e9es.<\/li>\n<li>Plus de <strong>15 000 participations<\/strong> \u00e0 des missions de mentorat et b\u00e9n\u00e9volat \u00e9ducatif \u00e0 destination des enfants et des jeunes : aide aux devoirs, soutien scolaire, accompagnement dans l\u2019orientation acad\u00e9mique et professionnelle.<\/li>\n<li>Gr\u00e2ce \u00e0 l\u2019API Engagement, JeVeuxAider.gouv.fr a effectu\u00e9 plus de <strong>5300 redirections vers des missions<\/strong> li\u00e9es \u00e0 l\u2019\u00e9ducation chez des plateformes partenaires.<\/li>\n<li>\u00c0 date, JeVeuxAider.gouv.fr propose <strong>30 000 places de b\u00e9n\u00e9volat<\/strong> dans le domaine Education \u00e0 destination d\u2019un enfant ou un jeune.<\/li>\n<\/ul>\n<p>[\/uncode_list][\/vc_column][\/vc_row]<\/p>\n<\/div>","protected":false},"excerpt":{"rendered":"<p>En soutien du dispositif public \u201c1 jeune, 1 mentor\u201d, la plateforme publique du b\u00e9n\u00e9volat mobilise des milliers de mentors b\u00e9n\u00e9voles pour r\u00e9duire les in\u00e9galit\u00e9s sociales et favoriser la r\u00e9ussite des jeunes. <\/p>\n","protected":false},"author":1,"featured_media":3580,"comment_status":"open","ping_status":"open","sticky":false,"template":"","format":"standard","meta":{"footnotes":""},"categories":[2,5],"tags":[],"class_list":["post-3562","post","type-post","status-publish","format-standard","has-post-thumbnail","hentry","category-actualite","category-info"],"yoast_head":"<!-- This site is optimized with the Yoast SEO plugin v27.2 - https:\/\/yoast.com\/product\/yoast-seo-wordpress\/ -->\n<title>JeVeuxAider.gouv.fr : une force de mobilisation massive pour le mentorat - Blog B\u00e9n\u00e9volat<\/title>\n<meta name=\"description\" content=\"Toutes les actualit\u00e9s du b\u00e9n\u00e9volat sur le blog de JeVeuxAider.gouv.fr\" \/>\n<meta name=\"robots\" content=\"index, follow, max-snippet:-1, max-image-preview:large, max-video-preview:-1\" \/>\n<link rel=\"canonical\" href=\"https:\/\/www.jeveuxaider.gouv.fr\/engagement\/actualite\/jeveuxaider-gouv-fr-une-force-de-mobilisation-massive-pour-le-mentorat\/\" \/>\n<meta property=\"og:locale\" content=\"fr_FR\" \/>\n<meta property=\"og:type\" content=\"article\" \/>\n<meta property=\"og:title\" content=\"JeVeuxAider.gouv.fr : une force de mobilisation massive pour le mentorat - Blog B\u00e9n\u00e9volat\" \/>\n<meta property=\"og:description\" content=\"Toutes les actualit\u00e9s du b\u00e9n\u00e9volat sur le blog de JeVeuxAider.gouv.fr\" \/>\n<meta property=\"og:url\" content=\"https:\/\/www.jeveuxaider.gouv.fr\/engagement\/actualite\/jeveuxaider-gouv-fr-une-force-de-mobilisation-massive-pour-le-mentorat\/\" \/>\n<meta property=\"og:site_name\" content=\"JeVeuxAider.gouv.fr | Le Blog de l&#039;Engagement\" \/>\n<meta property=\"article:published_time\" content=\"2021-10-05T05:30:15+00:00\" \/>\n<meta property=\"og:image\" content=\"https:\/\/jeveuxaider-wp.s3.eu-west-3.amazonaws.com\/uploads\/2021\/10\/mentorat-1024x464.png\" \/>\n\t<meta property=\"og:image:width\" content=\"1024\" \/>\n\t<meta property=\"og:image:height\" content=\"464\" \/>\n\t<meta property=\"og:image:type\" content=\"image\/png\" \/>\n<meta name=\"author\" content=\"Nicolas\" \/>\n<meta name=\"twitter:card\" content=\"summary_large_image\" \/>\n<meta name=\"twitter:label1\" content=\"Written by\" \/>\n\t<meta name=\"twitter:data1\" content=\"Nicolas\" \/>\n\t<meta name=\"twitter:label2\" content=\"Est. reading time\" \/>\n\t<meta name=\"twitter:data2\" content=\"4 minutes\" \/>\n<script type=\"application\/ld+json\" class=\"yoast-schema-graph\">{\"@context\":\"https:\/\/schema.org\",\"@graph\":[{\"@type\":\"Article\",\"@id\":\"https:\/\/www.jeveuxaider.gouv.fr\/engagement\/actualite\/jeveuxaider-gouv-fr-une-force-de-mobilisation-massive-pour-le-mentorat\/#article\",\"isPartOf\":{\"@id\":\"https:\/\/www.jeveuxaider.gouv.fr\/engagement\/actualite\/jeveuxaider-gouv-fr-une-force-de-mobilisation-massive-pour-le-mentorat\/\"},\"author\":{\"name\":\"Nicolas\",\"@id\":\"https:\/\/prod-jeveuxaider-wordpress.osc-secnum-fr1.scalingo.io\/#\/schema\/person\/a1038efd7988d1bb686b3592a0dc4f28\"},\"headline\":\"JeVeuxAider.gouv.fr : une force de mobilisation massive pour le mentorat\",\"datePublished\":\"2021-10-05T05:30:15+00:00\",\"mainEntityOfPage\":{\"@id\":\"https:\/\/www.jeveuxaider.gouv.fr\/engagement\/actualite\/jeveuxaider-gouv-fr-une-force-de-mobilisation-massive-pour-le-mentorat\/\"},\"wordCount\":758,\"commentCount\":0,\"image\":{\"@id\":\"https:\/\/www.jeveuxaider.gouv.fr\/engagement\/actualite\/jeveuxaider-gouv-fr-une-force-de-mobilisation-massive-pour-le-mentorat\/#primaryimage\"},\"thumbnailUrl\":\"https:\/\/jeveuxaider-wp.s3.eu-west-3.amazonaws.com\/uploads\/2021\/10\/mentorat.png\",\"articleSection\":[\"Actualit\u00e9s\",\"Info\"],\"inLanguage\":\"fr-FR\",\"potentialAction\":[{\"@type\":\"CommentAction\",\"name\":\"Comment\",\"target\":[\"https:\/\/www.jeveuxaider.gouv.fr\/engagement\/actualite\/jeveuxaider-gouv-fr-une-force-de-mobilisation-massive-pour-le-mentorat\/#respond\"]}]},{\"@type\":\"WebPage\",\"@id\":\"https:\/\/www.jeveuxaider.gouv.fr\/engagement\/actualite\/jeveuxaider-gouv-fr-une-force-de-mobilisation-massive-pour-le-mentorat\/\",\"url\":\"https:\/\/www.jeveuxaider.gouv.fr\/engagement\/actualite\/jeveuxaider-gouv-fr-une-force-de-mobilisation-massive-pour-le-mentorat\/\",\"name\":\"JeVeuxAider.gouv.fr : une force de mobilisation massive pour le mentorat - Blog B\u00e9n\u00e9volat\",\"isPartOf\":{\"@id\":\"https:\/\/prod-jeveuxaider-wordpress.osc-secnum-fr1.scalingo.io\/#website\"},\"primaryImageOfPage\":{\"@id\":\"https:\/\/www.jeveuxaider.gouv.fr\/engagement\/actualite\/jeveuxaider-gouv-fr-une-force-de-mobilisation-massive-pour-le-mentorat\/#primaryimage\"},\"image\":{\"@id\":\"https:\/\/www.jeveuxaider.gouv.fr\/engagement\/actualite\/jeveuxaider-gouv-fr-une-force-de-mobilisation-massive-pour-le-mentorat\/#primaryimage\"},\"thumbnailUrl\":\"https:\/\/jeveuxaider-wp.s3.eu-west-3.amazonaws.com\/uploads\/2021\/10\/mentorat.png\",\"datePublished\":\"2021-10-05T05:30:15+00:00\",\"author\":{\"@id\":\"https:\/\/prod-jeveuxaider-wordpress.osc-secnum-fr1.scalingo.io\/#\/schema\/person\/a1038efd7988d1bb686b3592a0dc4f28\"},\"description\":\"Toutes les actualit\u00e9s du b\u00e9n\u00e9volat sur le blog de JeVeuxAider.gouv.fr\",\"breadcrumb\":{\"@id\":\"https:\/\/www.jeveuxaider.gouv.fr\/engagement\/actualite\/jeveuxaider-gouv-fr-une-force-de-mobilisation-massive-pour-le-mentorat\/#breadcrumb\"},\"inLanguage\":\"fr-FR\",\"potentialAction\":[{\"@type\":\"ReadAction\",\"target\":[\"https:\/\/www.jeveuxaider.gouv.fr\/engagement\/actualite\/jeveuxaider-gouv-fr-une-force-de-mobilisation-massive-pour-le-mentorat\/\"]}]},{\"@type\":\"ImageObject\",\"inLanguage\":\"fr-FR\",\"@id\":\"https:\/\/www.jeveuxaider.gouv.fr\/engagement\/actualite\/jeveuxaider-gouv-fr-une-force-de-mobilisation-massive-pour-le-mentorat\/#primaryimage\",\"url\":\"https:\/\/jeveuxaider-wp.s3.eu-west-3.amazonaws.com\/uploads\/2021\/10\/mentorat.png\",\"contentUrl\":\"https:\/\/jeveuxaider-wp.s3.eu-west-3.amazonaws.com\/uploads\/2021\/10\/mentorat.png\",\"width\":1914,\"height\":868},{\"@type\":\"BreadcrumbList\",\"@id\":\"https:\/\/www.jeveuxaider.gouv.fr\/engagement\/actualite\/jeveuxaider-gouv-fr-une-force-de-mobilisation-massive-pour-le-mentorat\/#breadcrumb\",\"itemListElement\":[{\"@type\":\"ListItem\",\"position\":1,\"name\":\"Accueil\",\"item\":\"https:\/\/www.jeveuxaider.gouv.fr\/engagement\/\"},{\"@type\":\"ListItem\",\"position\":2,\"name\":\"JeVeuxAider.gouv.fr : une force de mobilisation massive pour le mentorat\"}]},{\"@type\":\"WebSite\",\"@id\":\"https:\/\/prod-jeveuxaider-wordpress.osc-secnum-fr1.scalingo.io\/#website\",\"url\":\"https:\/\/prod-jeveuxaider-wordpress.osc-secnum-fr1.scalingo.io\/\",\"name\":\"JeVeuxAider.gouv.fr | Le Blog\",\"description\":\"Devenez b\u00e9n\u00e9vole et trouvez des missions en quelques clics\",\"alternateName\":\"JeVeuxAider.gouv.fr | Le Blog\",\"potentialAction\":[{\"@type\":\"SearchAction\",\"target\":{\"@type\":\"EntryPoint\",\"urlTemplate\":\"https:\/\/prod-jeveuxaider-wordpress.osc-secnum-fr1.scalingo.io\/?s={search_term_string}\"},\"query-input\":{\"@type\":\"PropertyValueSpecification\",\"valueRequired\":true,\"valueName\":\"search_term_string\"}}],\"inLanguage\":\"fr-FR\"},{\"@type\":\"Person\",\"@id\":\"https:\/\/prod-jeveuxaider-wordpress.osc-secnum-fr1.scalingo.io\/#\/schema\/person\/a1038efd7988d1bb686b3592a0dc4f28\",\"name\":\"Nicolas\",\"image\":{\"@type\":\"ImageObject\",\"inLanguage\":\"fr-FR\",\"@id\":\"https:\/\/secure.gravatar.com\/avatar\/09455ddc73331fa8c8480bf5e787afcdaeed30de1cfeb4ae87e69b74a32d54c1?s=96&d=mm&r=g\",\"url\":\"https:\/\/secure.gravatar.com\/avatar\/09455ddc73331fa8c8480bf5e787afcdaeed30de1cfeb4ae87e69b74a32d54c1?s=96&d=mm&r=g\",\"contentUrl\":\"https:\/\/secure.gravatar.com\/avatar\/09455ddc73331fa8c8480bf5e787afcdaeed30de1cfeb4ae87e69b74a32d54c1?s=96&d=mm&r=g\",\"caption\":\"Nicolas\"}}]}<\/script>\n<!-- \/ Yoast SEO plugin. -->","yoast_head_json":{"title":"JeVeuxAider.gouv.fr : une force de mobilisation massive pour le mentorat - Blog B\u00e9n\u00e9volat","description":"Toutes les actualit\u00e9s du b\u00e9n\u00e9volat sur le blog de JeVeuxAider.gouv.fr","robots":{"index":"index","follow":"follow","max-snippet":"max-snippet:-1","max-image-preview":"max-image-preview:large","max-video-preview":"max-video-preview:-1"},"canonical":"https:\/\/www.jeveuxaider.gouv.fr\/engagement\/actualite\/jeveuxaider-gouv-fr-une-force-de-mobilisation-massive-pour-le-mentorat\/","og_locale":"fr_FR","og_type":"article","og_title":"JeVeuxAider.gouv.fr : une force de mobilisation massive pour le mentorat - Blog B\u00e9n\u00e9volat","og_description":"Toutes les actualit\u00e9s du b\u00e9n\u00e9volat sur le blog de JeVeuxAider.gouv.fr","og_url":"https:\/\/www.jeveuxaider.gouv.fr\/engagement\/actualite\/jeveuxaider-gouv-fr-une-force-de-mobilisation-massive-pour-le-mentorat\/","og_site_name":"JeVeuxAider.gouv.fr | Le Blog de l&#039;Engagement","article_published_time":"2021-10-05T05:30:15+00:00","og_image":[{"width":1024,"height":464,"url":"https:\/\/jeveuxaider-wp.s3.eu-west-3.amazonaws.com\/uploads\/2021\/10\/mentorat-1024x464.png","type":"image\/png"}],"author":"Nicolas","twitter_card":"summary_large_image","twitter_misc":{"Written by":"Nicolas","Est. reading time":"4 minutes"},"schema":{"@context":"https:\/\/schema.org","@graph":[{"@type":"Article","@id":"https:\/\/www.jeveuxaider.gouv.fr\/engagement\/actualite\/jeveuxaider-gouv-fr-une-force-de-mobilisation-massive-pour-le-mentorat\/#article","isPartOf":{"@id":"https:\/\/www.jeveuxaider.gouv.fr\/engagement\/actualite\/jeveuxaider-gouv-fr-une-force-de-mobilisation-massive-pour-le-mentorat\/"},"author":{"name":"Nicolas","@id":"https:\/\/prod-jeveuxaider-wordpress.osc-secnum-fr1.scalingo.io\/#\/schema\/person\/a1038efd7988d1bb686b3592a0dc4f28"},"headline":"JeVeuxAider.gouv.fr : une force de mobilisation massive pour le mentorat","datePublished":"2021-10-05T05:30:15+00:00","mainEntityOfPage":{"@id":"https:\/\/www.jeveuxaider.gouv.fr\/engagement\/actualite\/jeveuxaider-gouv-fr-une-force-de-mobilisation-massive-pour-le-mentorat\/"},"wordCount":758,"commentCount":0,"image":{"@id":"https:\/\/www.jeveuxaider.gouv.fr\/engagement\/actualite\/jeveuxaider-gouv-fr-une-force-de-mobilisation-massive-pour-le-mentorat\/#primaryimage"},"thumbnailUrl":"https:\/\/jeveuxaider-wp.s3.eu-west-3.amazonaws.com\/uploads\/2021\/10\/mentorat.png","articleSection":["Actualit\u00e9s","Info"],"inLanguage":"fr-FR","potentialAction":[{"@type":"CommentAction","name":"Comment","target":["https:\/\/www.jeveuxaider.gouv.fr\/engagement\/actualite\/jeveuxaider-gouv-fr-une-force-de-mobilisation-massive-pour-le-mentorat\/#respond"]}]},{"@type":"WebPage","@id":"https:\/\/www.jeveuxaider.gouv.fr\/engagement\/actualite\/jeveuxaider-gouv-fr-une-force-de-mobilisation-massive-pour-le-mentorat\/","url":"https:\/\/www.jeveuxaider.gouv.fr\/engagement\/actualite\/jeveuxaider-gouv-fr-une-force-de-mobilisation-massive-pour-le-mentorat\/","name":"JeVeuxAider.gouv.fr : une force de mobilisation massive pour le mentorat - Blog B\u00e9n\u00e9volat","isPartOf":{"@id":"https:\/\/prod-jeveuxaider-wordpress.osc-secnum-fr1.scalingo.io\/#website"},"primaryImageOfPage":{"@id":"https:\/\/www.jeveuxaider.gouv.fr\/engagement\/actualite\/jeveuxaider-gouv-fr-une-force-de-mobilisation-massive-pour-le-mentorat\/#primaryimage"},"image":{"@id":"https:\/\/www.jeveuxaider.gouv.fr\/engagement\/actualite\/jeveuxaider-gouv-fr-une-force-de-mobilisation-massive-pour-le-mentorat\/#primaryimage"},"thumbnailUrl":"https:\/\/jeveuxaider-wp.s3.eu-west-3.amazonaws.com\/uploads\/2021\/10\/mentorat.png","datePublished":"2021-10-05T05:30:15+00:00","author":{"@id":"https:\/\/prod-jeveuxaider-wordpress.osc-secnum-fr1.scalingo.io\/#\/schema\/person\/a1038efd7988d1bb686b3592a0dc4f28"},"description":"Toutes les actualit\u00e9s du b\u00e9n\u00e9volat sur le blog de JeVeuxAider.gouv.fr","breadcrumb":{"@id":"https:\/\/www.jeveuxaider.gouv.fr\/engagement\/actualite\/jeveuxaider-gouv-fr-une-force-de-mobilisation-massive-pour-le-mentorat\/#breadcrumb"},"inLanguage":"fr-FR","potentialAction":[{"@type":"ReadAction","target":["https:\/\/www.jeveuxaider.gouv.fr\/engagement\/actualite\/jeveuxaider-gouv-fr-une-force-de-mobilisation-massive-pour-le-mentorat\/"]}]},{"@type":"ImageObject","inLanguage":"fr-FR","@id":"https:\/\/www.jeveuxaider.gouv.fr\/engagement\/actualite\/jeveuxaider-gouv-fr-une-force-de-mobilisation-massive-pour-le-mentorat\/#primaryimage","url":"https:\/\/jeveuxaider-wp.s3.eu-west-3.amazonaws.com\/uploads\/2021\/10\/mentorat.png","contentUrl":"https:\/\/jeveuxaider-wp.s3.eu-west-3.amazonaws.com\/uploads\/2021\/10\/mentorat.png","width":1914,"height":868},{"@type":"BreadcrumbList","@id":"https:\/\/www.jeveuxaider.gouv.fr\/engagement\/actualite\/jeveuxaider-gouv-fr-une-force-de-mobilisation-massive-pour-le-mentorat\/#breadcrumb","itemListElement":[{"@type":"ListItem","position":1,"name":"Accueil","item":"https:\/\/www.jeveuxaider.gouv.fr\/engagement\/"},{"@type":"ListItem","position":2,"name":"JeVeuxAider.gouv.fr : une force de mobilisation massive pour le mentorat"}]},{"@type":"WebSite","@id":"https:\/\/prod-jeveuxaider-wordpress.osc-secnum-fr1.scalingo.io\/#website","url":"https:\/\/prod-jeveuxaider-wordpress.osc-secnum-fr1.scalingo.io\/","name":"JeVeuxAider.gouv.fr | Le Blog","description":"Devenez b\u00e9n\u00e9vole et trouvez des missions en quelques clics","alternateName":"JeVeuxAider.gouv.fr | Le Blog","potentialAction":[{"@type":"SearchAction","target":{"@type":"EntryPoint","urlTemplate":"https:\/\/prod-jeveuxaider-wordpress.osc-secnum-fr1.scalingo.io\/?s={search_term_string}"},"query-input":{"@type":"PropertyValueSpecification","valueRequired":true,"valueName":"search_term_string"}}],"inLanguage":"fr-FR"},{"@type":"Person","@id":"https:\/\/prod-jeveuxaider-wordpress.osc-secnum-fr1.scalingo.io\/#\/schema\/person\/a1038efd7988d1bb686b3592a0dc4f28","name":"Nicolas","image":{"@type":"ImageObject","inLanguage":"fr-FR","@id":"https:\/\/secure.gravatar.com\/avatar\/09455ddc73331fa8c8480bf5e787afcdaeed30de1cfeb4ae87e69b74a32d54c1?s=96&d=mm&r=g","url":"https:\/\/secure.gravatar.com\/avatar\/09455ddc73331fa8c8480bf5e787afcdaeed30de1cfeb4ae87e69b74a32d54c1?s=96&d=mm&r=g","contentUrl":"https:\/\/secure.gravatar.com\/avatar\/09455ddc73331fa8c8480bf5e787afcdaeed30de1cfeb4ae87e69b74a32d54c1?s=96&d=mm&r=g","caption":"Nicolas"}}]}},"_links":{"self":[{"href":"https:\/\/www.jeveuxaider.gouv.fr\/engagement\/wp-json\/wp\/v2\/posts\/3562","targetHints":{"allow":["GET"]}}],"collection":[{"href":"https:\/\/www.jeveuxaider.gouv.fr\/engagement\/wp-json\/wp\/v2\/posts"}],"about":[{"href":"https:\/\/www.jeveuxaider.gouv.fr\/engagement\/wp-json\/wp\/v2\/types\/post"}],"author":[{"embeddable":true,"href":"https:\/\/www.jeveuxaider.gouv.fr\/engagement\/wp-json\/wp\/v2\/users\/1"}],"replies":[{"embeddable":true,"href":"https:\/\/www.jeveuxaider.gouv.fr\/engagement\/wp-json\/wp\/v2\/comments?post=3562"}],"version-history":[{"count":0,"href":"https:\/\/www.jeveuxaider.gouv.fr\/engagement\/wp-json\/wp\/v2\/posts\/3562\/revisions"}],"wp:featuredmedia":[{"embeddable":true,"href":"https:\/\/www.jeveuxaider.gouv.fr\/engagement\/wp-json\/wp\/v2\/media\/3580"}],"wp:attachment":[{"href":"https:\/\/www.jeveuxaider.gouv.fr\/engagement\/wp-json\/wp\/v2\/media?parent=3562"}],"wp:term":[{"taxonomy":"category","embeddable":true,"href":"https:\/\/www.jeveuxaider.gouv.fr\/engagement\/wp-json\/wp\/v2\/categories?post=3562"},{"taxonomy":"post_tag","embeddable":true,"href":"https:\/\/www.jeveuxaider.gouv.fr\/engagement\/wp-json\/wp\/v2\/tags?post=3562"}],"curies":[{"name":"wp","href":"https:\/\/api.w.org\/{rel}","templated":true}]}}