{"id":3261,"date":"2021-06-23T14:14:13","date_gmt":"2021-06-23T14:14:13","guid":{"rendered":"https:\/\/www.jeveuxaider.gouv.fr\/?p=3261"},"modified":"2021-06-23T14:14:13","modified_gmt":"2021-06-23T14:14:13","slug":"a-castres-deux-jeunes-benevoles-de-jva-ont-tenu-un-bureau-de-vote","status":"publish","type":"post","link":"https:\/\/www.jeveuxaider.gouv.fr\/engagement\/actualite\/a-castres-deux-jeunes-benevoles-de-jva-ont-tenu-un-bureau-de-vote\/","title":{"rendered":"A Castres, deux jeunes b\u00e9n\u00e9voles de JVA ont tenu un bureau de vote"},"content":{"rendered":"<div class=\"wpb-content-wrapper\"><p>[vc_row][vc_column width=\u00a0\u00bb1\/1&Prime;][vc_column_text]\u00a0\u00bbCes deux fr\u00e8re et s\u0153ur castrais de 18 et 23 ans ont vot\u00e9 dimanche dernier pour le premier tour de ce scrutin mais surtout particip\u00e9 \u00e0 cette \u00e9lection en tant qu\u2019assesseurs. Un exemple d\u2019engagement citoyen \u00e0 une \u00e9poque o\u00f9 les mairies courent apr\u00e8s ces volontaires qui se font de plus en plus rares pour tenir les bureaux de vote.<\/p>\n<p>Laure a toujours eu cette envie d\u2019\u00eatre utile. D\u00e9j\u00e0 pr\u00e9sidente d\u2019une association litt\u00e9raire, l\u2019\u00e9tudiante en droit \u00e0 Bordeaux, (&#8230;) s\u2019\u00e9tait inscrite sur le site internet jeveuxaider.gouv.fr pour int\u00e9grer la r\u00e9serve civique et devenir b\u00e9n\u00e9vole pour des associations et des organisations publiques.<\/p>\n<blockquote><p>\u00ab\u2005C\u2019\u00e9tait durant le premier confinement en mars l\u2019an dernier, les cours \u00e9taient termin\u00e9s, j\u2019\u00e9tais \u00e0 Castres chez mes parents, je n\u2019avais rien \u00e0 faire. Je voulais donner un coup de main. J\u2019avais du temps alors autant le mettre \u00e0 disposition des autres, explique la jeune femme qui va devenir b\u00e9n\u00e9vole pour une \u00e9picerie solidaire \u00e0 Castres. Ils manquaient de monde parce que les b\u00e9n\u00e9voles \u00e2g\u00e9s ne pouvaient plus aider\u2005\u00bb.<\/p><\/blockquote>\n<p><strong>Et Laure a re\u00e7u r\u00e9cemment un SMS de la r\u00e9serve civique disant qu\u2019il y avait besoin d\u2019assesseurs pour cette \u00e9lection.<\/strong><\/p>\n<blockquote><p>\u00ab\u2005Je me suis inscrite et la mairie de Castres m\u2019a appel\u00e9, explique l\u2019\u00e9tudiante qui est toujours dans l\u2019id\u00e9e de rendre service. J\u2019ai trouv\u00e9 \u00e7a normal de m\u2019engager en tant que citoyenne pour le fonctionnement de la d\u00e9mocratie. En plus, ils avaient l\u2019air de manquer de monde.\u2005\u00bb<\/p><\/blockquote>\n<h3><a href=\"https:\/\/www.ladepeche.fr\/2021\/06\/22\/castres-a-18-ans-et-2-jours-il-a-tenu-un-bureau-de-vote-avec-sa-soeur-de-23-ans-9624032.php\">Lisez la suite de l&rsquo;article de Brian Mendibure sur La D\u00e9p\u00eache !<\/a><\/h3>\n<p>Cr\u00e9dit photo : DDM Br. M[\/vc_column_text][\/vc_column][\/vc_row]<\/p>\n<\/div>","protected":false},"excerpt":{"rendered":"<p>Qui a dit que les jeunes ne s\u2019int\u00e9ressaient pas aux \u00e9lections\u2005? Mathieu et Laure Dautezac prouvent le contraire : ils se sont engag\u00e9s comme assesseurs b\u00e9n\u00e9voles. <\/p>\n","protected":false},"author":1,"featured_media":3262,"comment_status":"open","ping_status":"open","sticky":false,"template":"","format":"standard","meta":{"footnotes":""},"categories":[2,4,6],"tags":[],"class_list":["post-3261","post","type-post","status-publish","format-standard","has-post-thumbnail","hentry","category-actualite","category-focus","category-temoignage"],"yoast_head":"<!-- This site is optimized with the Yoast SEO plugin v27.2 - https:\/\/yoast.com\/product\/yoast-seo-wordpress\/ -->\n<title>A Castres, deux jeunes b\u00e9n\u00e9voles de JVA ont tenu un bureau de vote - Blog B\u00e9n\u00e9volat<\/title>\n<meta name=\"description\" content=\"Toutes les actualit\u00e9s du b\u00e9n\u00e9volat sur le blog de JeVeuxAider.gouv.fr\" \/>\n<meta name=\"robots\" content=\"index, follow, max-snippet:-1, max-image-preview:large, max-video-preview:-1\" \/>\n<link rel=\"canonical\" href=\"https:\/\/www.jeveuxaider.gouv.fr\/engagement\/actualite\/a-castres-deux-jeunes-benevoles-de-jva-ont-tenu-un-bureau-de-vote\/\" \/>\n<meta property=\"og:locale\" content=\"fr_FR\" \/>\n<meta property=\"og:type\" content=\"article\" \/>\n<meta property=\"og:title\" content=\"A Castres, deux jeunes b\u00e9n\u00e9voles de JVA ont tenu un bureau de vote - Blog B\u00e9n\u00e9volat\" \/>\n<meta property=\"og:description\" content=\"Toutes les actualit\u00e9s du b\u00e9n\u00e9volat sur le blog de JeVeuxAider.gouv.fr\" \/>\n<meta property=\"og:url\" content=\"https:\/\/www.jeveuxaider.gouv.fr\/engagement\/actualite\/a-castres-deux-jeunes-benevoles-de-jva-ont-tenu-un-bureau-de-vote\/\" \/>\n<meta property=\"og:site_name\" content=\"JeVeuxAider.gouv.fr | Le Blog de l&#039;Engagement\" \/>\n<meta property=\"article:published_time\" content=\"2021-06-23T14:14:13+00:00\" \/>\n<meta property=\"og:image\" content=\"https:\/\/jeveuxaider-wp.s3.eu-west-3.amazonaws.com\/uploads\/2021\/06\/image.jpg\" \/>\n\t<meta property=\"og:image:width\" content=\"885\" \/>\n\t<meta property=\"og:image:height\" content=\"500\" \/>\n\t<meta property=\"og:image:type\" content=\"image\/jpeg\" \/>\n<meta name=\"author\" content=\"Nicolas\" \/>\n<meta name=\"twitter:card\" content=\"summary_large_image\" \/>\n<meta name=\"twitter:label1\" content=\"Written by\" \/>\n\t<meta name=\"twitter:data1\" content=\"Nicolas\" \/>\n\t<meta name=\"twitter:label2\" content=\"Est. reading time\" \/>\n\t<meta name=\"twitter:data2\" content=\"2 minutes\" \/>\n<script type=\"application\/ld+json\" class=\"yoast-schema-graph\">{\"@context\":\"https:\/\/schema.org\",\"@graph\":[{\"@type\":\"Article\",\"@id\":\"https:\/\/www.jeveuxaider.gouv.fr\/engagement\/actualite\/a-castres-deux-jeunes-benevoles-de-jva-ont-tenu-un-bureau-de-vote\/#article\",\"isPartOf\":{\"@id\":\"https:\/\/www.jeveuxaider.gouv.fr\/engagement\/actualite\/a-castres-deux-jeunes-benevoles-de-jva-ont-tenu-un-bureau-de-vote\/\"},\"author\":{\"name\":\"Nicolas\",\"@id\":\"https:\/\/prod-jeveuxaider-wordpress.osc-secnum-fr1.scalingo.io\/#\/schema\/person\/a1038efd7988d1bb686b3592a0dc4f28\"},\"headline\":\"A Castres, deux jeunes b\u00e9n\u00e9voles de JVA ont tenu un bureau de vote\",\"datePublished\":\"2021-06-23T14:14:13+00:00\",\"mainEntityOfPage\":{\"@id\":\"https:\/\/www.jeveuxaider.gouv.fr\/engagement\/actualite\/a-castres-deux-jeunes-benevoles-de-jva-ont-tenu-un-bureau-de-vote\/\"},\"wordCount\":317,\"commentCount\":0,\"image\":{\"@id\":\"https:\/\/www.jeveuxaider.gouv.fr\/engagement\/actualite\/a-castres-deux-jeunes-benevoles-de-jva-ont-tenu-un-bureau-de-vote\/#primaryimage\"},\"thumbnailUrl\":\"https:\/\/jeveuxaider-wp.s3.eu-west-3.amazonaws.com\/uploads\/2021\/06\/image.jpg\",\"articleSection\":[\"Actualit\u00e9s\",\"Focus\",\"T\u00e9moignage\"],\"inLanguage\":\"fr-FR\",\"potentialAction\":[{\"@type\":\"CommentAction\",\"name\":\"Comment\",\"target\":[\"https:\/\/www.jeveuxaider.gouv.fr\/engagement\/actualite\/a-castres-deux-jeunes-benevoles-de-jva-ont-tenu-un-bureau-de-vote\/#respond\"]}]},{\"@type\":\"WebPage\",\"@id\":\"https:\/\/www.jeveuxaider.gouv.fr\/engagement\/actualite\/a-castres-deux-jeunes-benevoles-de-jva-ont-tenu-un-bureau-de-vote\/\",\"url\":\"https:\/\/www.jeveuxaider.gouv.fr\/engagement\/actualite\/a-castres-deux-jeunes-benevoles-de-jva-ont-tenu-un-bureau-de-vote\/\",\"name\":\"A Castres, deux jeunes b\u00e9n\u00e9voles de JVA ont tenu un bureau de vote - Blog B\u00e9n\u00e9volat\",\"isPartOf\":{\"@id\":\"https:\/\/prod-jeveuxaider-wordpress.osc-secnum-fr1.scalingo.io\/#website\"},\"primaryImageOfPage\":{\"@id\":\"https:\/\/www.jeveuxaider.gouv.fr\/engagement\/actualite\/a-castres-deux-jeunes-benevoles-de-jva-ont-tenu-un-bureau-de-vote\/#primaryimage\"},\"image\":{\"@id\":\"https:\/\/www.jeveuxaider.gouv.fr\/engagement\/actualite\/a-castres-deux-jeunes-benevoles-de-jva-ont-tenu-un-bureau-de-vote\/#primaryimage\"},\"thumbnailUrl\":\"https:\/\/jeveuxaider-wp.s3.eu-west-3.amazonaws.com\/uploads\/2021\/06\/image.jpg\",\"datePublished\":\"2021-06-23T14:14:13+00:00\",\"author\":{\"@id\":\"https:\/\/prod-jeveuxaider-wordpress.osc-secnum-fr1.scalingo.io\/#\/schema\/person\/a1038efd7988d1bb686b3592a0dc4f28\"},\"description\":\"Toutes les actualit\u00e9s du b\u00e9n\u00e9volat sur le blog de JeVeuxAider.gouv.fr\",\"breadcrumb\":{\"@id\":\"https:\/\/www.jeveuxaider.gouv.fr\/engagement\/actualite\/a-castres-deux-jeunes-benevoles-de-jva-ont-tenu-un-bureau-de-vote\/#breadcrumb\"},\"inLanguage\":\"fr-FR\",\"potentialAction\":[{\"@type\":\"ReadAction\",\"target\":[\"https:\/\/www.jeveuxaider.gouv.fr\/engagement\/actualite\/a-castres-deux-jeunes-benevoles-de-jva-ont-tenu-un-bureau-de-vote\/\"]}]},{\"@type\":\"ImageObject\",\"inLanguage\":\"fr-FR\",\"@id\":\"https:\/\/www.jeveuxaider.gouv.fr\/engagement\/actualite\/a-castres-deux-jeunes-benevoles-de-jva-ont-tenu-un-bureau-de-vote\/#primaryimage\",\"url\":\"https:\/\/jeveuxaider-wp.s3.eu-west-3.amazonaws.com\/uploads\/2021\/06\/image.jpg\",\"contentUrl\":\"https:\/\/jeveuxaider-wp.s3.eu-west-3.amazonaws.com\/uploads\/2021\/06\/image.jpg\",\"width\":885,\"height\":500},{\"@type\":\"BreadcrumbList\",\"@id\":\"https:\/\/www.jeveuxaider.gouv.fr\/engagement\/actualite\/a-castres-deux-jeunes-benevoles-de-jva-ont-tenu-un-bureau-de-vote\/#breadcrumb\",\"itemListElement\":[{\"@type\":\"ListItem\",\"position\":1,\"name\":\"Accueil\",\"item\":\"https:\/\/www.jeveuxaider.gouv.fr\/engagement\/\"},{\"@type\":\"ListItem\",\"position\":2,\"name\":\"A Castres, deux jeunes b\u00e9n\u00e9voles de JVA ont tenu un bureau de vote\"}]},{\"@type\":\"WebSite\",\"@id\":\"https:\/\/prod-jeveuxaider-wordpress.osc-secnum-fr1.scalingo.io\/#website\",\"url\":\"https:\/\/prod-jeveuxaider-wordpress.osc-secnum-fr1.scalingo.io\/\",\"name\":\"JeVeuxAider.gouv.fr | Le Blog\",\"description\":\"Devenez b\u00e9n\u00e9vole et trouvez des missions en quelques clics\",\"alternateName\":\"JeVeuxAider.gouv.fr | Le Blog\",\"potentialAction\":[{\"@type\":\"SearchAction\",\"target\":{\"@type\":\"EntryPoint\",\"urlTemplate\":\"https:\/\/prod-jeveuxaider-wordpress.osc-secnum-fr1.scalingo.io\/?s={search_term_string}\"},\"query-input\":{\"@type\":\"PropertyValueSpecification\",\"valueRequired\":true,\"valueName\":\"search_term_string\"}}],\"inLanguage\":\"fr-FR\"},{\"@type\":\"Person\",\"@id\":\"https:\/\/prod-jeveuxaider-wordpress.osc-secnum-fr1.scalingo.io\/#\/schema\/person\/a1038efd7988d1bb686b3592a0dc4f28\",\"name\":\"Nicolas\",\"image\":{\"@type\":\"ImageObject\",\"inLanguage\":\"fr-FR\",\"@id\":\"https:\/\/secure.gravatar.com\/avatar\/09455ddc73331fa8c8480bf5e787afcdaeed30de1cfeb4ae87e69b74a32d54c1?s=96&d=mm&r=g\",\"url\":\"https:\/\/secure.gravatar.com\/avatar\/09455ddc73331fa8c8480bf5e787afcdaeed30de1cfeb4ae87e69b74a32d54c1?s=96&d=mm&r=g\",\"contentUrl\":\"https:\/\/secure.gravatar.com\/avatar\/09455ddc73331fa8c8480bf5e787afcdaeed30de1cfeb4ae87e69b74a32d54c1?s=96&d=mm&r=g\",\"caption\":\"Nicolas\"}}]}<\/script>\n<!-- \/ Yoast SEO plugin. -->","yoast_head_json":{"title":"A Castres, deux jeunes b\u00e9n\u00e9voles de JVA ont tenu un bureau de vote - Blog B\u00e9n\u00e9volat","description":"Toutes les actualit\u00e9s du b\u00e9n\u00e9volat sur le blog de JeVeuxAider.gouv.fr","robots":{"index":"index","follow":"follow","max-snippet":"max-snippet:-1","max-image-preview":"max-image-preview:large","max-video-preview":"max-video-preview:-1"},"canonical":"https:\/\/www.jeveuxaider.gouv.fr\/engagement\/actualite\/a-castres-deux-jeunes-benevoles-de-jva-ont-tenu-un-bureau-de-vote\/","og_locale":"fr_FR","og_type":"article","og_title":"A Castres, deux jeunes b\u00e9n\u00e9voles de JVA ont tenu un bureau de vote - Blog B\u00e9n\u00e9volat","og_description":"Toutes les actualit\u00e9s du b\u00e9n\u00e9volat sur le blog de JeVeuxAider.gouv.fr","og_url":"https:\/\/www.jeveuxaider.gouv.fr\/engagement\/actualite\/a-castres-deux-jeunes-benevoles-de-jva-ont-tenu-un-bureau-de-vote\/","og_site_name":"JeVeuxAider.gouv.fr | Le Blog de l&#039;Engagement","article_published_time":"2021-06-23T14:14:13+00:00","og_image":[{"width":885,"height":500,"url":"https:\/\/jeveuxaider-wp.s3.eu-west-3.amazonaws.com\/uploads\/2021\/06\/image.jpg","type":"image\/jpeg"}],"author":"Nicolas","twitter_card":"summary_large_image","twitter_misc":{"Written by":"Nicolas","Est. reading time":"2 minutes"},"schema":{"@context":"https:\/\/schema.org","@graph":[{"@type":"Article","@id":"https:\/\/www.jeveuxaider.gouv.fr\/engagement\/actualite\/a-castres-deux-jeunes-benevoles-de-jva-ont-tenu-un-bureau-de-vote\/#article","isPartOf":{"@id":"https:\/\/www.jeveuxaider.gouv.fr\/engagement\/actualite\/a-castres-deux-jeunes-benevoles-de-jva-ont-tenu-un-bureau-de-vote\/"},"author":{"name":"Nicolas","@id":"https:\/\/prod-jeveuxaider-wordpress.osc-secnum-fr1.scalingo.io\/#\/schema\/person\/a1038efd7988d1bb686b3592a0dc4f28"},"headline":"A Castres, deux jeunes b\u00e9n\u00e9voles de JVA ont tenu un bureau de vote","datePublished":"2021-06-23T14:14:13+00:00","mainEntityOfPage":{"@id":"https:\/\/www.jeveuxaider.gouv.fr\/engagement\/actualite\/a-castres-deux-jeunes-benevoles-de-jva-ont-tenu-un-bureau-de-vote\/"},"wordCount":317,"commentCount":0,"image":{"@id":"https:\/\/www.jeveuxaider.gouv.fr\/engagement\/actualite\/a-castres-deux-jeunes-benevoles-de-jva-ont-tenu-un-bureau-de-vote\/#primaryimage"},"thumbnailUrl":"https:\/\/jeveuxaider-wp.s3.eu-west-3.amazonaws.com\/uploads\/2021\/06\/image.jpg","articleSection":["Actualit\u00e9s","Focus","T\u00e9moignage"],"inLanguage":"fr-FR","potentialAction":[{"@type":"CommentAction","name":"Comment","target":["https:\/\/www.jeveuxaider.gouv.fr\/engagement\/actualite\/a-castres-deux-jeunes-benevoles-de-jva-ont-tenu-un-bureau-de-vote\/#respond"]}]},{"@type":"WebPage","@id":"https:\/\/www.jeveuxaider.gouv.fr\/engagement\/actualite\/a-castres-deux-jeunes-benevoles-de-jva-ont-tenu-un-bureau-de-vote\/","url":"https:\/\/www.jeveuxaider.gouv.fr\/engagement\/actualite\/a-castres-deux-jeunes-benevoles-de-jva-ont-tenu-un-bureau-de-vote\/","name":"A Castres, deux jeunes b\u00e9n\u00e9voles de JVA ont tenu un bureau de vote - Blog B\u00e9n\u00e9volat","isPartOf":{"@id":"https:\/\/prod-jeveuxaider-wordpress.osc-secnum-fr1.scalingo.io\/#website"},"primaryImageOfPage":{"@id":"https:\/\/www.jeveuxaider.gouv.fr\/engagement\/actualite\/a-castres-deux-jeunes-benevoles-de-jva-ont-tenu-un-bureau-de-vote\/#primaryimage"},"image":{"@id":"https:\/\/www.jeveuxaider.gouv.fr\/engagement\/actualite\/a-castres-deux-jeunes-benevoles-de-jva-ont-tenu-un-bureau-de-vote\/#primaryimage"},"thumbnailUrl":"https:\/\/jeveuxaider-wp.s3.eu-west-3.amazonaws.com\/uploads\/2021\/06\/image.jpg","datePublished":"2021-06-23T14:14:13+00:00","author":{"@id":"https:\/\/prod-jeveuxaider-wordpress.osc-secnum-fr1.scalingo.io\/#\/schema\/person\/a1038efd7988d1bb686b3592a0dc4f28"},"description":"Toutes les actualit\u00e9s du b\u00e9n\u00e9volat sur le blog de JeVeuxAider.gouv.fr","breadcrumb":{"@id":"https:\/\/www.jeveuxaider.gouv.fr\/engagement\/actualite\/a-castres-deux-jeunes-benevoles-de-jva-ont-tenu-un-bureau-de-vote\/#breadcrumb"},"inLanguage":"fr-FR","potentialAction":[{"@type":"ReadAction","target":["https:\/\/www.jeveuxaider.gouv.fr\/engagement\/actualite\/a-castres-deux-jeunes-benevoles-de-jva-ont-tenu-un-bureau-de-vote\/"]}]},{"@type":"ImageObject","inLanguage":"fr-FR","@id":"https:\/\/www.jeveuxaider.gouv.fr\/engagement\/actualite\/a-castres-deux-jeunes-benevoles-de-jva-ont-tenu-un-bureau-de-vote\/#primaryimage","url":"https:\/\/jeveuxaider-wp.s3.eu-west-3.amazonaws.com\/uploads\/2021\/06\/image.jpg","contentUrl":"https:\/\/jeveuxaider-wp.s3.eu-west-3.amazonaws.com\/uploads\/2021\/06\/image.jpg","width":885,"height":500},{"@type":"BreadcrumbList","@id":"https:\/\/www.jeveuxaider.gouv.fr\/engagement\/actualite\/a-castres-deux-jeunes-benevoles-de-jva-ont-tenu-un-bureau-de-vote\/#breadcrumb","itemListElement":[{"@type":"ListItem","position":1,"name":"Accueil","item":"https:\/\/www.jeveuxaider.gouv.fr\/engagement\/"},{"@type":"ListItem","position":2,"name":"A Castres, deux jeunes b\u00e9n\u00e9voles de JVA ont tenu un bureau de vote"}]},{"@type":"WebSite","@id":"https:\/\/prod-jeveuxaider-wordpress.osc-secnum-fr1.scalingo.io\/#website","url":"https:\/\/prod-jeveuxaider-wordpress.osc-secnum-fr1.scalingo.io\/","name":"JeVeuxAider.gouv.fr | Le Blog","description":"Devenez b\u00e9n\u00e9vole et trouvez des missions en quelques clics","alternateName":"JeVeuxAider.gouv.fr | Le Blog","potentialAction":[{"@type":"SearchAction","target":{"@type":"EntryPoint","urlTemplate":"https:\/\/prod-jeveuxaider-wordpress.osc-secnum-fr1.scalingo.io\/?s={search_term_string}"},"query-input":{"@type":"PropertyValueSpecification","valueRequired":true,"valueName":"search_term_string"}}],"inLanguage":"fr-FR"},{"@type":"Person","@id":"https:\/\/prod-jeveuxaider-wordpress.osc-secnum-fr1.scalingo.io\/#\/schema\/person\/a1038efd7988d1bb686b3592a0dc4f28","name":"Nicolas","image":{"@type":"ImageObject","inLanguage":"fr-FR","@id":"https:\/\/secure.gravatar.com\/avatar\/09455ddc73331fa8c8480bf5e787afcdaeed30de1cfeb4ae87e69b74a32d54c1?s=96&d=mm&r=g","url":"https:\/\/secure.gravatar.com\/avatar\/09455ddc73331fa8c8480bf5e787afcdaeed30de1cfeb4ae87e69b74a32d54c1?s=96&d=mm&r=g","contentUrl":"https:\/\/secure.gravatar.com\/avatar\/09455ddc73331fa8c8480bf5e787afcdaeed30de1cfeb4ae87e69b74a32d54c1?s=96&d=mm&r=g","caption":"Nicolas"}}]}},"_links":{"self":[{"href":"https:\/\/www.jeveuxaider.gouv.fr\/engagement\/wp-json\/wp\/v2\/posts\/3261","targetHints":{"allow":["GET"]}}],"collection":[{"href":"https:\/\/www.jeveuxaider.gouv.fr\/engagement\/wp-json\/wp\/v2\/posts"}],"about":[{"href":"https:\/\/www.jeveuxaider.gouv.fr\/engagement\/wp-json\/wp\/v2\/types\/post"}],"author":[{"embeddable":true,"href":"https:\/\/www.jeveuxaider.gouv.fr\/engagement\/wp-json\/wp\/v2\/users\/1"}],"replies":[{"embeddable":true,"href":"https:\/\/www.jeveuxaider.gouv.fr\/engagement\/wp-json\/wp\/v2\/comments?post=3261"}],"version-history":[{"count":0,"href":"https:\/\/www.jeveuxaider.gouv.fr\/engagement\/wp-json\/wp\/v2\/posts\/3261\/revisions"}],"wp:featuredmedia":[{"embeddable":true,"href":"https:\/\/www.jeveuxaider.gouv.fr\/engagement\/wp-json\/wp\/v2\/media\/3262"}],"wp:attachment":[{"href":"https:\/\/www.jeveuxaider.gouv.fr\/engagement\/wp-json\/wp\/v2\/media?parent=3261"}],"wp:term":[{"taxonomy":"category","embeddable":true,"href":"https:\/\/www.jeveuxaider.gouv.fr\/engagement\/wp-json\/wp\/v2\/categories?post=3261"},{"taxonomy":"post_tag","embeddable":true,"href":"https:\/\/www.jeveuxaider.gouv.fr\/engagement\/wp-json\/wp\/v2\/tags?post=3261"}],"curies":[{"name":"wp","href":"https:\/\/api.w.org\/{rel}","templated":true}]}}