{"id":3095,"date":"2021-05-31T09:23:03","date_gmt":"2021-05-31T09:23:03","guid":{"rendered":"https:\/\/www.jeveuxaider.gouv.fr\/?p=3095"},"modified":"2021-05-31T09:23:03","modified_gmt":"2021-05-31T09:23:03","slug":"mai-a-velo-continue-en-juin","status":"publish","type":"post","link":"https:\/\/www.jeveuxaider.gouv.fr\/engagement\/actualite\/mai-a-velo-continue-en-juin\/","title":{"rendered":"\u00ab\u00a0Mai \u00e0 v\u00e9lo\u00a0\u00bb continue en juin !"},"content":{"rendered":"<div class=\"wpb-content-wrapper\"><p>[vc_row][vc_column column_width_use_pixel=\u00a0\u00bbyes\u00a0\u00bb gutter_size=\u00a0\u00bb3&Prime; overlay_alpha=\u00a0\u00bb50&Prime; shift_x=\u00a0\u00bb0&Prime; shift_y=\u00a0\u00bb0&Prime; shift_y_down=\u00a0\u00bb0&Prime; z_index=\u00a0\u00bb0&Prime; medium_width=\u00a0\u00bb0&Prime; mobile_width=\u00a0\u00bb0&Prime; width=\u00a0\u00bb1\/1&Prime; column_width_pixel=\u00a0\u00bb800&Prime;][vc_column_text]<\/p>\n<div class=\"wpb_text_column wpb_content_element \">\n<div class=\"wpb_wrapper\">\n<p>Il y a de nombreux atouts \u00e0 int\u00e9grer et promouvoir la pratique du v\u00e9lo. \u00c9cologique, b\u00e9n\u00e9fique pour la sant\u00e9, le v\u00e9lo r\u00e9pond aux enjeux \u00e9conomiques, sociaux et sanitaires de nos territoires. Plus que jamais le v\u00e9lo appara\u00eet comme une solution \u00e0 part enti\u00e8re pour r\u00e9pondre \u00e0 ces enjeux de taille. Il aide \u00e0 faire face au contexte actuel et ouvre des perspectives porteuses d\u2019espoir.<\/p>\n<p><a href=\"https:\/\/www.maiavelo.fr\/\"><strong>Mai \u00e0 v\u00e9lo<\/strong><\/a> est un collectif d\u2019acteurs nationaux du v\u00e9lo, soutenu par le Minist\u00e8re de la Transition \u00e9cologique et le Minist\u00e8re des sports. Il rassemble toutes les actions entreprises localement, sur tout le territoire, pour promouvoir la pratique du v\u00e9lo, sous toutes ses formes, aupr\u00e8s du plus grand nombre, \u00e0 travers des \u00e9v\u00e9nements cyclables, p\u00e9dagogiques et populaires.<\/p>\n<\/div>\n<\/div>\n<p><span dir=\"ltr\">Mai \u00e0 v\u00e9lo encourage les collectivit\u00e9s, associations, entreprises, <\/span><span dir=\"ltr\">\u00e9tablissements <\/span><span dir=\"ltr\">scolaires \u00e0 se mobiliser <\/span><span dir=\"ltr\">et organiser des \u00e9v\u00e9nements cyclables, festifs, populaires, p\u00e9dagogiques <\/span><span dir=\"ltr\">dans le respec<\/span><span dir=\"ltr\">t des r\u00e8gles <\/span><span dir=\"ltr\">sanitaires<\/span><span dir=\"ltr\">&#8230; Et elles <\/span><span dir=\"ltr\">sont <\/span><span dir=\"ltr\">nombreuses \u00e0 le faire. <\/span><\/p>\n<p><strong><span dir=\"ltr\">\ud83d\udeb2 Ce sont actuellement p<\/span><span dir=\"ltr\">lus <\/span><span dir=\"ltr\">de <\/span><a href=\"https:\/\/www.maiavelo.fr\/nos-evenements\/\"><span dir=\"ltr\">1500 \u00e9v\u00e9nements et challenges enregistr\u00e9s sur le<\/span><span dir=\"ltr\"> site internet de Mai \u00e0 v\u00e9lo !<\/span><\/a><\/strong><\/p>\n<p><strong>\ud83d\udeb2 Et si vous cherchez une mission de b\u00e9n\u00e9volat en rapport avec le v\u00e9lo, il y en a des centaines sur JeVeuxAider.gouv.fr ! <\/strong><a href=\"https:\/\/www.jeveuxaider.gouv.fr\/missions-benevolat?query=velo\"><strong>D\u00e9couvrez-les ici.<\/strong><\/a>[\/vc_column_text][vc_single_image media=\u00a0\u00bb3108&Prime; media_width_use_pixel=\u00a0\u00bbyes\u00a0\u00bb alignment=\u00a0\u00bbcenter\u00a0\u00bb media_width_pixel=\u00a0\u00bb600&Prime;][vc_single_image media=\u00a0\u00bb3097&Prime; media_width_use_pixel=\u00a0\u00bbyes\u00a0\u00bb alignment=\u00a0\u00bbcenter\u00a0\u00bb media_width_pixel=\u00a0\u00bb300&Prime; media_link=\u00a0\u00bburl:https%3A%2F%2Fwww.maiavelo.fr%2F|||\u00a0\u00bb][\/vc_column][\/vc_row]<\/p>\n<\/div>","protected":false},"excerpt":{"rendered":"<p>Pour sa premi\u00e8re \u00e9dition, Mai \u00e0 V\u00e9lo vous propose 1500 \u00e9v\u00e8nements dans toute la France, jusqu&rsquo;au 30 juin. Profitez-en pour (re)d\u00e9couvrir les bienfaits du v\u00e9lo et l\u2019adopter&#8230; pour la vie !<\/p>\n","protected":false},"author":1,"featured_media":3096,"comment_status":"open","ping_status":"open","sticky":false,"template":"","format":"standard","meta":{"footnotes":""},"categories":[2,5],"tags":[],"class_list":["post-3095","post","type-post","status-publish","format-standard","has-post-thumbnail","hentry","category-actualite","category-info"],"yoast_head":"<!-- This site is optimized with the Yoast SEO plugin v27.2 - https:\/\/yoast.com\/product\/yoast-seo-wordpress\/ -->\n<title>&quot;Mai \u00e0 v\u00e9lo&quot; continue en juin ! - Blog B\u00e9n\u00e9volat<\/title>\n<meta name=\"description\" content=\"Toutes les actualit\u00e9s du b\u00e9n\u00e9volat sur le blog de JeVeuxAider.gouv.fr\" \/>\n<meta name=\"robots\" content=\"index, follow, max-snippet:-1, max-image-preview:large, max-video-preview:-1\" \/>\n<link rel=\"canonical\" href=\"https:\/\/www.jeveuxaider.gouv.fr\/engagement\/actualite\/mai-a-velo-continue-en-juin\/\" \/>\n<meta property=\"og:locale\" content=\"fr_FR\" \/>\n<meta property=\"og:type\" content=\"article\" \/>\n<meta property=\"og:title\" content=\"&quot;Mai \u00e0 v\u00e9lo&quot; continue en juin ! - Blog B\u00e9n\u00e9volat\" \/>\n<meta property=\"og:description\" content=\"Toutes les actualit\u00e9s du b\u00e9n\u00e9volat sur le blog de JeVeuxAider.gouv.fr\" \/>\n<meta property=\"og:url\" content=\"https:\/\/www.jeveuxaider.gouv.fr\/engagement\/actualite\/mai-a-velo-continue-en-juin\/\" \/>\n<meta property=\"og:site_name\" content=\"JeVeuxAider.gouv.fr | Le Blog de l&#039;Engagement\" \/>\n<meta property=\"article:published_time\" content=\"2021-05-31T09:23:03+00:00\" \/>\n<meta property=\"og:image\" content=\"https:\/\/jeveuxaider-wp.s3.eu-west-3.amazonaws.com\/uploads\/2021\/05\/1024x512px-1.jpg\" \/>\n\t<meta property=\"og:image:width\" content=\"1024\" \/>\n\t<meta property=\"og:image:height\" content=\"512\" \/>\n\t<meta property=\"og:image:type\" content=\"image\/jpeg\" \/>\n<meta name=\"author\" content=\"Nicolas\" \/>\n<meta name=\"twitter:card\" content=\"summary_large_image\" \/>\n<meta name=\"twitter:label1\" content=\"Written by\" \/>\n\t<meta name=\"twitter:data1\" content=\"Nicolas\" \/>\n\t<meta name=\"twitter:label2\" content=\"Est. reading time\" \/>\n\t<meta name=\"twitter:data2\" content=\"1 minute\" \/>\n<script type=\"application\/ld+json\" class=\"yoast-schema-graph\">{\"@context\":\"https:\/\/schema.org\",\"@graph\":[{\"@type\":\"Article\",\"@id\":\"https:\/\/www.jeveuxaider.gouv.fr\/engagement\/actualite\/mai-a-velo-continue-en-juin\/#article\",\"isPartOf\":{\"@id\":\"https:\/\/www.jeveuxaider.gouv.fr\/engagement\/actualite\/mai-a-velo-continue-en-juin\/\"},\"author\":{\"name\":\"Nicolas\",\"@id\":\"https:\/\/prod-jeveuxaider-wordpress.osc-secnum-fr1.scalingo.io\/#\/schema\/person\/a1038efd7988d1bb686b3592a0dc4f28\"},\"headline\":\"\u00ab\u00a0Mai \u00e0 v\u00e9lo\u00a0\u00bb continue en juin !\",\"datePublished\":\"2021-05-31T09:23:03+00:00\",\"mainEntityOfPage\":{\"@id\":\"https:\/\/www.jeveuxaider.gouv.fr\/engagement\/actualite\/mai-a-velo-continue-en-juin\/\"},\"wordCount\":305,\"commentCount\":0,\"image\":{\"@id\":\"https:\/\/www.jeveuxaider.gouv.fr\/engagement\/actualite\/mai-a-velo-continue-en-juin\/#primaryimage\"},\"thumbnailUrl\":\"https:\/\/jeveuxaider-wp.s3.eu-west-3.amazonaws.com\/uploads\/2021\/05\/1024x512px-1.jpg\",\"articleSection\":[\"Actualit\u00e9s\",\"Info\"],\"inLanguage\":\"fr-FR\",\"potentialAction\":[{\"@type\":\"CommentAction\",\"name\":\"Comment\",\"target\":[\"https:\/\/www.jeveuxaider.gouv.fr\/engagement\/actualite\/mai-a-velo-continue-en-juin\/#respond\"]}]},{\"@type\":\"WebPage\",\"@id\":\"https:\/\/www.jeveuxaider.gouv.fr\/engagement\/actualite\/mai-a-velo-continue-en-juin\/\",\"url\":\"https:\/\/www.jeveuxaider.gouv.fr\/engagement\/actualite\/mai-a-velo-continue-en-juin\/\",\"name\":\"\\\"Mai \u00e0 v\u00e9lo\\\" continue en juin ! - Blog B\u00e9n\u00e9volat\",\"isPartOf\":{\"@id\":\"https:\/\/prod-jeveuxaider-wordpress.osc-secnum-fr1.scalingo.io\/#website\"},\"primaryImageOfPage\":{\"@id\":\"https:\/\/www.jeveuxaider.gouv.fr\/engagement\/actualite\/mai-a-velo-continue-en-juin\/#primaryimage\"},\"image\":{\"@id\":\"https:\/\/www.jeveuxaider.gouv.fr\/engagement\/actualite\/mai-a-velo-continue-en-juin\/#primaryimage\"},\"thumbnailUrl\":\"https:\/\/jeveuxaider-wp.s3.eu-west-3.amazonaws.com\/uploads\/2021\/05\/1024x512px-1.jpg\",\"datePublished\":\"2021-05-31T09:23:03+00:00\",\"author\":{\"@id\":\"https:\/\/prod-jeveuxaider-wordpress.osc-secnum-fr1.scalingo.io\/#\/schema\/person\/a1038efd7988d1bb686b3592a0dc4f28\"},\"description\":\"Toutes les actualit\u00e9s du b\u00e9n\u00e9volat sur le blog de JeVeuxAider.gouv.fr\",\"breadcrumb\":{\"@id\":\"https:\/\/www.jeveuxaider.gouv.fr\/engagement\/actualite\/mai-a-velo-continue-en-juin\/#breadcrumb\"},\"inLanguage\":\"fr-FR\",\"potentialAction\":[{\"@type\":\"ReadAction\",\"target\":[\"https:\/\/www.jeveuxaider.gouv.fr\/engagement\/actualite\/mai-a-velo-continue-en-juin\/\"]}]},{\"@type\":\"ImageObject\",\"inLanguage\":\"fr-FR\",\"@id\":\"https:\/\/www.jeveuxaider.gouv.fr\/engagement\/actualite\/mai-a-velo-continue-en-juin\/#primaryimage\",\"url\":\"https:\/\/jeveuxaider-wp.s3.eu-west-3.amazonaws.com\/uploads\/2021\/05\/1024x512px-1.jpg\",\"contentUrl\":\"https:\/\/jeveuxaider-wp.s3.eu-west-3.amazonaws.com\/uploads\/2021\/05\/1024x512px-1.jpg\",\"width\":1024,\"height\":512},{\"@type\":\"BreadcrumbList\",\"@id\":\"https:\/\/www.jeveuxaider.gouv.fr\/engagement\/actualite\/mai-a-velo-continue-en-juin\/#breadcrumb\",\"itemListElement\":[{\"@type\":\"ListItem\",\"position\":1,\"name\":\"Accueil\",\"item\":\"https:\/\/www.jeveuxaider.gouv.fr\/engagement\/\"},{\"@type\":\"ListItem\",\"position\":2,\"name\":\"\u00ab\u00a0Mai \u00e0 v\u00e9lo\u00a0\u00bb continue en juin !\"}]},{\"@type\":\"WebSite\",\"@id\":\"https:\/\/prod-jeveuxaider-wordpress.osc-secnum-fr1.scalingo.io\/#website\",\"url\":\"https:\/\/prod-jeveuxaider-wordpress.osc-secnum-fr1.scalingo.io\/\",\"name\":\"JeVeuxAider.gouv.fr | Le Blog\",\"description\":\"Devenez b\u00e9n\u00e9vole et trouvez des missions en quelques clics\",\"alternateName\":\"JeVeuxAider.gouv.fr | Le Blog\",\"potentialAction\":[{\"@type\":\"SearchAction\",\"target\":{\"@type\":\"EntryPoint\",\"urlTemplate\":\"https:\/\/prod-jeveuxaider-wordpress.osc-secnum-fr1.scalingo.io\/?s={search_term_string}\"},\"query-input\":{\"@type\":\"PropertyValueSpecification\",\"valueRequired\":true,\"valueName\":\"search_term_string\"}}],\"inLanguage\":\"fr-FR\"},{\"@type\":\"Person\",\"@id\":\"https:\/\/prod-jeveuxaider-wordpress.osc-secnum-fr1.scalingo.io\/#\/schema\/person\/a1038efd7988d1bb686b3592a0dc4f28\",\"name\":\"Nicolas\",\"image\":{\"@type\":\"ImageObject\",\"inLanguage\":\"fr-FR\",\"@id\":\"https:\/\/secure.gravatar.com\/avatar\/09455ddc73331fa8c8480bf5e787afcdaeed30de1cfeb4ae87e69b74a32d54c1?s=96&d=mm&r=g\",\"url\":\"https:\/\/secure.gravatar.com\/avatar\/09455ddc73331fa8c8480bf5e787afcdaeed30de1cfeb4ae87e69b74a32d54c1?s=96&d=mm&r=g\",\"contentUrl\":\"https:\/\/secure.gravatar.com\/avatar\/09455ddc73331fa8c8480bf5e787afcdaeed30de1cfeb4ae87e69b74a32d54c1?s=96&d=mm&r=g\",\"caption\":\"Nicolas\"}}]}<\/script>\n<!-- \/ Yoast SEO plugin. -->","yoast_head_json":{"title":"\"Mai \u00e0 v\u00e9lo\" continue en juin ! - Blog B\u00e9n\u00e9volat","description":"Toutes les actualit\u00e9s du b\u00e9n\u00e9volat sur le blog de JeVeuxAider.gouv.fr","robots":{"index":"index","follow":"follow","max-snippet":"max-snippet:-1","max-image-preview":"max-image-preview:large","max-video-preview":"max-video-preview:-1"},"canonical":"https:\/\/www.jeveuxaider.gouv.fr\/engagement\/actualite\/mai-a-velo-continue-en-juin\/","og_locale":"fr_FR","og_type":"article","og_title":"\"Mai \u00e0 v\u00e9lo\" continue en juin ! - Blog B\u00e9n\u00e9volat","og_description":"Toutes les actualit\u00e9s du b\u00e9n\u00e9volat sur le blog de JeVeuxAider.gouv.fr","og_url":"https:\/\/www.jeveuxaider.gouv.fr\/engagement\/actualite\/mai-a-velo-continue-en-juin\/","og_site_name":"JeVeuxAider.gouv.fr | Le Blog de l&#039;Engagement","article_published_time":"2021-05-31T09:23:03+00:00","og_image":[{"width":1024,"height":512,"url":"https:\/\/jeveuxaider-wp.s3.eu-west-3.amazonaws.com\/uploads\/2021\/05\/1024x512px-1.jpg","type":"image\/jpeg"}],"author":"Nicolas","twitter_card":"summary_large_image","twitter_misc":{"Written by":"Nicolas","Est. reading time":"1 minute"},"schema":{"@context":"https:\/\/schema.org","@graph":[{"@type":"Article","@id":"https:\/\/www.jeveuxaider.gouv.fr\/engagement\/actualite\/mai-a-velo-continue-en-juin\/#article","isPartOf":{"@id":"https:\/\/www.jeveuxaider.gouv.fr\/engagement\/actualite\/mai-a-velo-continue-en-juin\/"},"author":{"name":"Nicolas","@id":"https:\/\/prod-jeveuxaider-wordpress.osc-secnum-fr1.scalingo.io\/#\/schema\/person\/a1038efd7988d1bb686b3592a0dc4f28"},"headline":"\u00ab\u00a0Mai \u00e0 v\u00e9lo\u00a0\u00bb continue en juin !","datePublished":"2021-05-31T09:23:03+00:00","mainEntityOfPage":{"@id":"https:\/\/www.jeveuxaider.gouv.fr\/engagement\/actualite\/mai-a-velo-continue-en-juin\/"},"wordCount":305,"commentCount":0,"image":{"@id":"https:\/\/www.jeveuxaider.gouv.fr\/engagement\/actualite\/mai-a-velo-continue-en-juin\/#primaryimage"},"thumbnailUrl":"https:\/\/jeveuxaider-wp.s3.eu-west-3.amazonaws.com\/uploads\/2021\/05\/1024x512px-1.jpg","articleSection":["Actualit\u00e9s","Info"],"inLanguage":"fr-FR","potentialAction":[{"@type":"CommentAction","name":"Comment","target":["https:\/\/www.jeveuxaider.gouv.fr\/engagement\/actualite\/mai-a-velo-continue-en-juin\/#respond"]}]},{"@type":"WebPage","@id":"https:\/\/www.jeveuxaider.gouv.fr\/engagement\/actualite\/mai-a-velo-continue-en-juin\/","url":"https:\/\/www.jeveuxaider.gouv.fr\/engagement\/actualite\/mai-a-velo-continue-en-juin\/","name":"\"Mai \u00e0 v\u00e9lo\" continue en juin ! - Blog B\u00e9n\u00e9volat","isPartOf":{"@id":"https:\/\/prod-jeveuxaider-wordpress.osc-secnum-fr1.scalingo.io\/#website"},"primaryImageOfPage":{"@id":"https:\/\/www.jeveuxaider.gouv.fr\/engagement\/actualite\/mai-a-velo-continue-en-juin\/#primaryimage"},"image":{"@id":"https:\/\/www.jeveuxaider.gouv.fr\/engagement\/actualite\/mai-a-velo-continue-en-juin\/#primaryimage"},"thumbnailUrl":"https:\/\/jeveuxaider-wp.s3.eu-west-3.amazonaws.com\/uploads\/2021\/05\/1024x512px-1.jpg","datePublished":"2021-05-31T09:23:03+00:00","author":{"@id":"https:\/\/prod-jeveuxaider-wordpress.osc-secnum-fr1.scalingo.io\/#\/schema\/person\/a1038efd7988d1bb686b3592a0dc4f28"},"description":"Toutes les actualit\u00e9s du b\u00e9n\u00e9volat sur le blog de JeVeuxAider.gouv.fr","breadcrumb":{"@id":"https:\/\/www.jeveuxaider.gouv.fr\/engagement\/actualite\/mai-a-velo-continue-en-juin\/#breadcrumb"},"inLanguage":"fr-FR","potentialAction":[{"@type":"ReadAction","target":["https:\/\/www.jeveuxaider.gouv.fr\/engagement\/actualite\/mai-a-velo-continue-en-juin\/"]}]},{"@type":"ImageObject","inLanguage":"fr-FR","@id":"https:\/\/www.jeveuxaider.gouv.fr\/engagement\/actualite\/mai-a-velo-continue-en-juin\/#primaryimage","url":"https:\/\/jeveuxaider-wp.s3.eu-west-3.amazonaws.com\/uploads\/2021\/05\/1024x512px-1.jpg","contentUrl":"https:\/\/jeveuxaider-wp.s3.eu-west-3.amazonaws.com\/uploads\/2021\/05\/1024x512px-1.jpg","width":1024,"height":512},{"@type":"BreadcrumbList","@id":"https:\/\/www.jeveuxaider.gouv.fr\/engagement\/actualite\/mai-a-velo-continue-en-juin\/#breadcrumb","itemListElement":[{"@type":"ListItem","position":1,"name":"Accueil","item":"https:\/\/www.jeveuxaider.gouv.fr\/engagement\/"},{"@type":"ListItem","position":2,"name":"\u00ab\u00a0Mai \u00e0 v\u00e9lo\u00a0\u00bb continue en juin !"}]},{"@type":"WebSite","@id":"https:\/\/prod-jeveuxaider-wordpress.osc-secnum-fr1.scalingo.io\/#website","url":"https:\/\/prod-jeveuxaider-wordpress.osc-secnum-fr1.scalingo.io\/","name":"JeVeuxAider.gouv.fr | Le Blog","description":"Devenez b\u00e9n\u00e9vole et trouvez des missions en quelques clics","alternateName":"JeVeuxAider.gouv.fr | Le Blog","potentialAction":[{"@type":"SearchAction","target":{"@type":"EntryPoint","urlTemplate":"https:\/\/prod-jeveuxaider-wordpress.osc-secnum-fr1.scalingo.io\/?s={search_term_string}"},"query-input":{"@type":"PropertyValueSpecification","valueRequired":true,"valueName":"search_term_string"}}],"inLanguage":"fr-FR"},{"@type":"Person","@id":"https:\/\/prod-jeveuxaider-wordpress.osc-secnum-fr1.scalingo.io\/#\/schema\/person\/a1038efd7988d1bb686b3592a0dc4f28","name":"Nicolas","image":{"@type":"ImageObject","inLanguage":"fr-FR","@id":"https:\/\/secure.gravatar.com\/avatar\/09455ddc73331fa8c8480bf5e787afcdaeed30de1cfeb4ae87e69b74a32d54c1?s=96&d=mm&r=g","url":"https:\/\/secure.gravatar.com\/avatar\/09455ddc73331fa8c8480bf5e787afcdaeed30de1cfeb4ae87e69b74a32d54c1?s=96&d=mm&r=g","contentUrl":"https:\/\/secure.gravatar.com\/avatar\/09455ddc73331fa8c8480bf5e787afcdaeed30de1cfeb4ae87e69b74a32d54c1?s=96&d=mm&r=g","caption":"Nicolas"}}]}},"_links":{"self":[{"href":"https:\/\/www.jeveuxaider.gouv.fr\/engagement\/wp-json\/wp\/v2\/posts\/3095","targetHints":{"allow":["GET"]}}],"collection":[{"href":"https:\/\/www.jeveuxaider.gouv.fr\/engagement\/wp-json\/wp\/v2\/posts"}],"about":[{"href":"https:\/\/www.jeveuxaider.gouv.fr\/engagement\/wp-json\/wp\/v2\/types\/post"}],"author":[{"embeddable":true,"href":"https:\/\/www.jeveuxaider.gouv.fr\/engagement\/wp-json\/wp\/v2\/users\/1"}],"replies":[{"embeddable":true,"href":"https:\/\/www.jeveuxaider.gouv.fr\/engagement\/wp-json\/wp\/v2\/comments?post=3095"}],"version-history":[{"count":0,"href":"https:\/\/www.jeveuxaider.gouv.fr\/engagement\/wp-json\/wp\/v2\/posts\/3095\/revisions"}],"wp:featuredmedia":[{"embeddable":true,"href":"https:\/\/www.jeveuxaider.gouv.fr\/engagement\/wp-json\/wp\/v2\/media\/3096"}],"wp:attachment":[{"href":"https:\/\/www.jeveuxaider.gouv.fr\/engagement\/wp-json\/wp\/v2\/media?parent=3095"}],"wp:term":[{"taxonomy":"category","embeddable":true,"href":"https:\/\/www.jeveuxaider.gouv.fr\/engagement\/wp-json\/wp\/v2\/categories?post=3095"},{"taxonomy":"post_tag","embeddable":true,"href":"https:\/\/www.jeveuxaider.gouv.fr\/engagement\/wp-json\/wp\/v2\/tags?post=3095"}],"curies":[{"name":"wp","href":"https:\/\/api.w.org\/{rel}","templated":true}]}}