{"id":1469,"date":"2020-11-02T09:12:59","date_gmt":"2020-11-02T09:12:59","guid":{"rendered":"https:\/\/covid19.reserve-civique.gouv.fr\/?p=1469"},"modified":"2020-11-02T09:12:59","modified_gmt":"2020-11-02T09:12:59","slug":"radio-ladmr-lutte-contre-lisolement-avec-la-reserve-civique","status":"publish","type":"post","link":"https:\/\/www.jeveuxaider.gouv.fr\/engagement\/focus\/radio-ladmr-lutte-contre-lisolement-avec-la-reserve-civique\/","title":{"rendered":"[Radio] L&rsquo;ADMR lutte contre l&rsquo;isolement avec la R\u00e9serve Civique"},"content":{"rendered":"<div class=\"wpb-content-wrapper\"><p>[vc_row][vc_column column_width_use_pixel=\u00a0\u00bbyes\u00a0\u00bb gutter_size=\u00a0\u00bb3&Prime; overlay_alpha=\u00a0\u00bb50&Prime; shift_x=\u00a0\u00bb0&Prime; shift_y=\u00a0\u00bb0&Prime; shift_y_down=\u00a0\u00bb0&Prime; z_index=\u00a0\u00bb0&Prime; medium_width=\u00a0\u00bb0&Prime; mobile_width=\u00a0\u00bb0&Prime; width=\u00a0\u00bb1\/1&Prime; column_width_pixel=\u00a0\u00bb800&Prime;][vc_column_text]<strong>L&rsquo;isolement relationnel touche aujourd&rsquo;hui 7 millions de Fran\u00e7ais, et en particulier 1,7 million de personnes \u00e2g\u00e9es.<\/strong> Cela se traduit par une acc\u00e9l\u00e9ration de la perte d&rsquo;autonomie pour les plus \u00e2g\u00e9s et une d\u00e9gradation de la sant\u00e9 pour tous. L&rsquo;isolement est un marqueur d&rsquo;in\u00e9galit\u00e9. A un niveau collectif, il a un impact n\u00e9gatif sur la citoyennet\u00e9 et la coh\u00e9sion sociale.<\/p>\n<p><strong>Dans le Jura, la f\u00e9d\u00e9ration ADMR s&rsquo;engage dans le <a href=\"https:\/\/www.monalisa-asso.fr\/\">dispositif MONALISA<\/a>, pour lutter contre l&rsquo;isolement des personnes \u00e2g\u00e9es.<\/strong> Deux \u00e9quipes citoyennes sont actuellement mobilis\u00e9es dans ce d\u00e9partement.<\/p>\n<p><a href=\"https:\/\/www.admr.org\/\">L&rsquo;ADMR<\/a> est un r\u00e9seau associatif de services \u00e0 la personne. Fond\u00e9 en 1945, il intervient en France, tout au long de la vie, dans quatre domaines : autonomie, services de confort \u00e0 domicile, famille et sant\u00e9. Il est constitu\u00e9 de 2 700 associations locales autonomes qui interviennent sur un territoire d\u00e9termin\u00e9.<\/p>\n<p>Plus d&rsquo;information sur leur mode d&rsquo;action dans cette \u00e9mission de radio \ud83d\udc47[\/vc_column_text][vc_raw_html]JTNDaWZyYW1lJTIwc3JjJTNEJTIyaHR0cHMlM0ElMkYlMkZyY2YuZnIlMkZlbWJlZCUyRjI1MDYwNTMlMjIlMjBmcmFtZWJvcmRlciUzRCUyMjAlMjIlMjB3aWR0aCUzRCUyMjEwMCUyNSUyMiUyMGhlaWdodCUzRCUyMjIyMCUyMiUyMCUzRSUzQyUyRmlmcmFtZSUzRQ==[\/vc_raw_html][vc_column_text]<\/p>\n<h4>\ud83d\udc49Envie de vous engager pour la solidarit\u00e9 avec l&rsquo;ADMR ? <a href=\"https:\/\/covid19.reserve-civique.gouv.fr\/missions?query=admr\">D\u00e9couvrez toutes leurs missions sur la R\u00e9serve Civique ! <\/a><\/h4>\n<p>[\/vc_column_text][\/vc_column][\/vc_row]<\/p>\n<\/div>","protected":false},"excerpt":{"rendered":"<p>Dans le Jura, deux \u00e9quipes de b\u00e9n\u00e9voles viennent en aide aux personnes \u00e2g\u00e9es isol\u00e9es. <\/p>\n","protected":false},"author":1,"featured_media":1471,"comment_status":"open","ping_status":"open","sticky":false,"template":"","format":"standard","meta":{"footnotes":""},"categories":[4,5],"tags":[],"class_list":["post-1469","post","type-post","status-publish","format-standard","has-post-thumbnail","hentry","category-focus","category-info"],"yoast_head":"<!-- This site is optimized with the Yoast SEO plugin v27.2 - https:\/\/yoast.com\/product\/yoast-seo-wordpress\/ -->\n<title>[Radio] L&#039;ADMR lutte contre l&#039;isolement avec la R\u00e9serve Civique - Blog B\u00e9n\u00e9volat<\/title>\n<meta name=\"description\" content=\"Toutes les actualit\u00e9s du b\u00e9n\u00e9volat sur le blog de JeVeuxAider.gouv.fr\" \/>\n<meta name=\"robots\" content=\"index, follow, max-snippet:-1, max-image-preview:large, max-video-preview:-1\" \/>\n<link rel=\"canonical\" href=\"https:\/\/www.jeveuxaider.gouv.fr\/engagement\/focus\/radio-ladmr-lutte-contre-lisolement-avec-la-reserve-civique\/\" \/>\n<meta property=\"og:locale\" content=\"fr_FR\" \/>\n<meta property=\"og:type\" content=\"article\" \/>\n<meta property=\"og:title\" content=\"[Radio] L&#039;ADMR lutte contre l&#039;isolement avec la R\u00e9serve Civique - Blog B\u00e9n\u00e9volat\" \/>\n<meta property=\"og:description\" content=\"Toutes les actualit\u00e9s du b\u00e9n\u00e9volat sur le blog de JeVeuxAider.gouv.fr\" \/>\n<meta property=\"og:url\" content=\"https:\/\/www.jeveuxaider.gouv.fr\/engagement\/focus\/radio-ladmr-lutte-contre-lisolement-avec-la-reserve-civique\/\" \/>\n<meta property=\"og:site_name\" content=\"JeVeuxAider.gouv.fr | Le Blog de l&#039;Engagement\" \/>\n<meta property=\"article:published_time\" content=\"2020-11-02T09:12:59+00:00\" \/>\n<meta property=\"og:image\" content=\"https:\/\/jeveuxaider-wp.s3.eu-west-3.amazonaws.com\/uploads\/2020\/11\/cdc-ddKBuWekZr0-unsplash-scaled-1.jpg\" \/>\n\t<meta property=\"og:image:width\" content=\"2560\" \/>\n\t<meta property=\"og:image:height\" content=\"1707\" \/>\n\t<meta property=\"og:image:type\" content=\"image\/jpeg\" \/>\n<meta name=\"author\" content=\"Nicolas\" \/>\n<meta name=\"twitter:card\" content=\"summary_large_image\" \/>\n<meta name=\"twitter:label1\" content=\"Written by\" \/>\n\t<meta name=\"twitter:data1\" content=\"Nicolas\" \/>\n\t<meta name=\"twitter:label2\" content=\"Est. reading time\" \/>\n\t<meta name=\"twitter:data2\" content=\"1 minute\" \/>\n<script type=\"application\/ld+json\" class=\"yoast-schema-graph\">{\"@context\":\"https:\/\/schema.org\",\"@graph\":[{\"@type\":\"Article\",\"@id\":\"https:\/\/www.jeveuxaider.gouv.fr\/engagement\/focus\/radio-ladmr-lutte-contre-lisolement-avec-la-reserve-civique\/#article\",\"isPartOf\":{\"@id\":\"https:\/\/www.jeveuxaider.gouv.fr\/engagement\/focus\/radio-ladmr-lutte-contre-lisolement-avec-la-reserve-civique\/\"},\"author\":{\"name\":\"Nicolas\",\"@id\":\"https:\/\/prod-jeveuxaider-wordpress.osc-secnum-fr1.scalingo.io\/#\/schema\/person\/a1038efd7988d1bb686b3592a0dc4f28\"},\"headline\":\"[Radio] L&rsquo;ADMR lutte contre l&rsquo;isolement avec la R\u00e9serve Civique\",\"datePublished\":\"2020-11-02T09:12:59+00:00\",\"mainEntityOfPage\":{\"@id\":\"https:\/\/www.jeveuxaider.gouv.fr\/engagement\/focus\/radio-ladmr-lutte-contre-lisolement-avec-la-reserve-civique\/\"},\"wordCount\":259,\"commentCount\":0,\"image\":{\"@id\":\"https:\/\/www.jeveuxaider.gouv.fr\/engagement\/focus\/radio-ladmr-lutte-contre-lisolement-avec-la-reserve-civique\/#primaryimage\"},\"thumbnailUrl\":\"https:\/\/jeveuxaider-wp.s3.eu-west-3.amazonaws.com\/uploads\/2020\/11\/cdc-ddKBuWekZr0-unsplash-scaled-1.jpg\",\"articleSection\":[\"Focus\",\"Info\"],\"inLanguage\":\"fr-FR\",\"potentialAction\":[{\"@type\":\"CommentAction\",\"name\":\"Comment\",\"target\":[\"https:\/\/www.jeveuxaider.gouv.fr\/engagement\/focus\/radio-ladmr-lutte-contre-lisolement-avec-la-reserve-civique\/#respond\"]}]},{\"@type\":\"WebPage\",\"@id\":\"https:\/\/www.jeveuxaider.gouv.fr\/engagement\/focus\/radio-ladmr-lutte-contre-lisolement-avec-la-reserve-civique\/\",\"url\":\"https:\/\/www.jeveuxaider.gouv.fr\/engagement\/focus\/radio-ladmr-lutte-contre-lisolement-avec-la-reserve-civique\/\",\"name\":\"[Radio] L'ADMR lutte contre l'isolement avec la R\u00e9serve Civique - Blog B\u00e9n\u00e9volat\",\"isPartOf\":{\"@id\":\"https:\/\/prod-jeveuxaider-wordpress.osc-secnum-fr1.scalingo.io\/#website\"},\"primaryImageOfPage\":{\"@id\":\"https:\/\/www.jeveuxaider.gouv.fr\/engagement\/focus\/radio-ladmr-lutte-contre-lisolement-avec-la-reserve-civique\/#primaryimage\"},\"image\":{\"@id\":\"https:\/\/www.jeveuxaider.gouv.fr\/engagement\/focus\/radio-ladmr-lutte-contre-lisolement-avec-la-reserve-civique\/#primaryimage\"},\"thumbnailUrl\":\"https:\/\/jeveuxaider-wp.s3.eu-west-3.amazonaws.com\/uploads\/2020\/11\/cdc-ddKBuWekZr0-unsplash-scaled-1.jpg\",\"datePublished\":\"2020-11-02T09:12:59+00:00\",\"author\":{\"@id\":\"https:\/\/prod-jeveuxaider-wordpress.osc-secnum-fr1.scalingo.io\/#\/schema\/person\/a1038efd7988d1bb686b3592a0dc4f28\"},\"description\":\"Toutes les actualit\u00e9s du b\u00e9n\u00e9volat sur le blog de JeVeuxAider.gouv.fr\",\"breadcrumb\":{\"@id\":\"https:\/\/www.jeveuxaider.gouv.fr\/engagement\/focus\/radio-ladmr-lutte-contre-lisolement-avec-la-reserve-civique\/#breadcrumb\"},\"inLanguage\":\"fr-FR\",\"potentialAction\":[{\"@type\":\"ReadAction\",\"target\":[\"https:\/\/www.jeveuxaider.gouv.fr\/engagement\/focus\/radio-ladmr-lutte-contre-lisolement-avec-la-reserve-civique\/\"]}]},{\"@type\":\"ImageObject\",\"inLanguage\":\"fr-FR\",\"@id\":\"https:\/\/www.jeveuxaider.gouv.fr\/engagement\/focus\/radio-ladmr-lutte-contre-lisolement-avec-la-reserve-civique\/#primaryimage\",\"url\":\"https:\/\/jeveuxaider-wp.s3.eu-west-3.amazonaws.com\/uploads\/2020\/11\/cdc-ddKBuWekZr0-unsplash-scaled-1.jpg\",\"contentUrl\":\"https:\/\/jeveuxaider-wp.s3.eu-west-3.amazonaws.com\/uploads\/2020\/11\/cdc-ddKBuWekZr0-unsplash-scaled-1.jpg\",\"width\":2560,\"height\":1707},{\"@type\":\"BreadcrumbList\",\"@id\":\"https:\/\/www.jeveuxaider.gouv.fr\/engagement\/focus\/radio-ladmr-lutte-contre-lisolement-avec-la-reserve-civique\/#breadcrumb\",\"itemListElement\":[{\"@type\":\"ListItem\",\"position\":1,\"name\":\"Accueil\",\"item\":\"https:\/\/www.jeveuxaider.gouv.fr\/engagement\/\"},{\"@type\":\"ListItem\",\"position\":2,\"name\":\"[Radio] L&rsquo;ADMR lutte contre l&rsquo;isolement avec la R\u00e9serve Civique\"}]},{\"@type\":\"WebSite\",\"@id\":\"https:\/\/prod-jeveuxaider-wordpress.osc-secnum-fr1.scalingo.io\/#website\",\"url\":\"https:\/\/prod-jeveuxaider-wordpress.osc-secnum-fr1.scalingo.io\/\",\"name\":\"JeVeuxAider.gouv.fr | Le Blog\",\"description\":\"Devenez b\u00e9n\u00e9vole et trouvez des missions en quelques clics\",\"alternateName\":\"JeVeuxAider.gouv.fr | Le Blog\",\"potentialAction\":[{\"@type\":\"SearchAction\",\"target\":{\"@type\":\"EntryPoint\",\"urlTemplate\":\"https:\/\/prod-jeveuxaider-wordpress.osc-secnum-fr1.scalingo.io\/?s={search_term_string}\"},\"query-input\":{\"@type\":\"PropertyValueSpecification\",\"valueRequired\":true,\"valueName\":\"search_term_string\"}}],\"inLanguage\":\"fr-FR\"},{\"@type\":\"Person\",\"@id\":\"https:\/\/prod-jeveuxaider-wordpress.osc-secnum-fr1.scalingo.io\/#\/schema\/person\/a1038efd7988d1bb686b3592a0dc4f28\",\"name\":\"Nicolas\",\"image\":{\"@type\":\"ImageObject\",\"inLanguage\":\"fr-FR\",\"@id\":\"https:\/\/secure.gravatar.com\/avatar\/09455ddc73331fa8c8480bf5e787afcdaeed30de1cfeb4ae87e69b74a32d54c1?s=96&d=mm&r=g\",\"url\":\"https:\/\/secure.gravatar.com\/avatar\/09455ddc73331fa8c8480bf5e787afcdaeed30de1cfeb4ae87e69b74a32d54c1?s=96&d=mm&r=g\",\"contentUrl\":\"https:\/\/secure.gravatar.com\/avatar\/09455ddc73331fa8c8480bf5e787afcdaeed30de1cfeb4ae87e69b74a32d54c1?s=96&d=mm&r=g\",\"caption\":\"Nicolas\"}}]}<\/script>\n<!-- \/ Yoast SEO plugin. -->","yoast_head_json":{"title":"[Radio] L'ADMR lutte contre l'isolement avec la R\u00e9serve Civique - Blog B\u00e9n\u00e9volat","description":"Toutes les actualit\u00e9s du b\u00e9n\u00e9volat sur le blog de JeVeuxAider.gouv.fr","robots":{"index":"index","follow":"follow","max-snippet":"max-snippet:-1","max-image-preview":"max-image-preview:large","max-video-preview":"max-video-preview:-1"},"canonical":"https:\/\/www.jeveuxaider.gouv.fr\/engagement\/focus\/radio-ladmr-lutte-contre-lisolement-avec-la-reserve-civique\/","og_locale":"fr_FR","og_type":"article","og_title":"[Radio] L'ADMR lutte contre l'isolement avec la R\u00e9serve Civique - Blog B\u00e9n\u00e9volat","og_description":"Toutes les actualit\u00e9s du b\u00e9n\u00e9volat sur le blog de JeVeuxAider.gouv.fr","og_url":"https:\/\/www.jeveuxaider.gouv.fr\/engagement\/focus\/radio-ladmr-lutte-contre-lisolement-avec-la-reserve-civique\/","og_site_name":"JeVeuxAider.gouv.fr | Le Blog de l&#039;Engagement","article_published_time":"2020-11-02T09:12:59+00:00","og_image":[{"width":2560,"height":1707,"url":"https:\/\/jeveuxaider-wp.s3.eu-west-3.amazonaws.com\/uploads\/2020\/11\/cdc-ddKBuWekZr0-unsplash-scaled-1.jpg","type":"image\/jpeg"}],"author":"Nicolas","twitter_card":"summary_large_image","twitter_misc":{"Written by":"Nicolas","Est. reading time":"1 minute"},"schema":{"@context":"https:\/\/schema.org","@graph":[{"@type":"Article","@id":"https:\/\/www.jeveuxaider.gouv.fr\/engagement\/focus\/radio-ladmr-lutte-contre-lisolement-avec-la-reserve-civique\/#article","isPartOf":{"@id":"https:\/\/www.jeveuxaider.gouv.fr\/engagement\/focus\/radio-ladmr-lutte-contre-lisolement-avec-la-reserve-civique\/"},"author":{"name":"Nicolas","@id":"https:\/\/prod-jeveuxaider-wordpress.osc-secnum-fr1.scalingo.io\/#\/schema\/person\/a1038efd7988d1bb686b3592a0dc4f28"},"headline":"[Radio] L&rsquo;ADMR lutte contre l&rsquo;isolement avec la R\u00e9serve Civique","datePublished":"2020-11-02T09:12:59+00:00","mainEntityOfPage":{"@id":"https:\/\/www.jeveuxaider.gouv.fr\/engagement\/focus\/radio-ladmr-lutte-contre-lisolement-avec-la-reserve-civique\/"},"wordCount":259,"commentCount":0,"image":{"@id":"https:\/\/www.jeveuxaider.gouv.fr\/engagement\/focus\/radio-ladmr-lutte-contre-lisolement-avec-la-reserve-civique\/#primaryimage"},"thumbnailUrl":"https:\/\/jeveuxaider-wp.s3.eu-west-3.amazonaws.com\/uploads\/2020\/11\/cdc-ddKBuWekZr0-unsplash-scaled-1.jpg","articleSection":["Focus","Info"],"inLanguage":"fr-FR","potentialAction":[{"@type":"CommentAction","name":"Comment","target":["https:\/\/www.jeveuxaider.gouv.fr\/engagement\/focus\/radio-ladmr-lutte-contre-lisolement-avec-la-reserve-civique\/#respond"]}]},{"@type":"WebPage","@id":"https:\/\/www.jeveuxaider.gouv.fr\/engagement\/focus\/radio-ladmr-lutte-contre-lisolement-avec-la-reserve-civique\/","url":"https:\/\/www.jeveuxaider.gouv.fr\/engagement\/focus\/radio-ladmr-lutte-contre-lisolement-avec-la-reserve-civique\/","name":"[Radio] L'ADMR lutte contre l'isolement avec la R\u00e9serve Civique - Blog B\u00e9n\u00e9volat","isPartOf":{"@id":"https:\/\/prod-jeveuxaider-wordpress.osc-secnum-fr1.scalingo.io\/#website"},"primaryImageOfPage":{"@id":"https:\/\/www.jeveuxaider.gouv.fr\/engagement\/focus\/radio-ladmr-lutte-contre-lisolement-avec-la-reserve-civique\/#primaryimage"},"image":{"@id":"https:\/\/www.jeveuxaider.gouv.fr\/engagement\/focus\/radio-ladmr-lutte-contre-lisolement-avec-la-reserve-civique\/#primaryimage"},"thumbnailUrl":"https:\/\/jeveuxaider-wp.s3.eu-west-3.amazonaws.com\/uploads\/2020\/11\/cdc-ddKBuWekZr0-unsplash-scaled-1.jpg","datePublished":"2020-11-02T09:12:59+00:00","author":{"@id":"https:\/\/prod-jeveuxaider-wordpress.osc-secnum-fr1.scalingo.io\/#\/schema\/person\/a1038efd7988d1bb686b3592a0dc4f28"},"description":"Toutes les actualit\u00e9s du b\u00e9n\u00e9volat sur le blog de JeVeuxAider.gouv.fr","breadcrumb":{"@id":"https:\/\/www.jeveuxaider.gouv.fr\/engagement\/focus\/radio-ladmr-lutte-contre-lisolement-avec-la-reserve-civique\/#breadcrumb"},"inLanguage":"fr-FR","potentialAction":[{"@type":"ReadAction","target":["https:\/\/www.jeveuxaider.gouv.fr\/engagement\/focus\/radio-ladmr-lutte-contre-lisolement-avec-la-reserve-civique\/"]}]},{"@type":"ImageObject","inLanguage":"fr-FR","@id":"https:\/\/www.jeveuxaider.gouv.fr\/engagement\/focus\/radio-ladmr-lutte-contre-lisolement-avec-la-reserve-civique\/#primaryimage","url":"https:\/\/jeveuxaider-wp.s3.eu-west-3.amazonaws.com\/uploads\/2020\/11\/cdc-ddKBuWekZr0-unsplash-scaled-1.jpg","contentUrl":"https:\/\/jeveuxaider-wp.s3.eu-west-3.amazonaws.com\/uploads\/2020\/11\/cdc-ddKBuWekZr0-unsplash-scaled-1.jpg","width":2560,"height":1707},{"@type":"BreadcrumbList","@id":"https:\/\/www.jeveuxaider.gouv.fr\/engagement\/focus\/radio-ladmr-lutte-contre-lisolement-avec-la-reserve-civique\/#breadcrumb","itemListElement":[{"@type":"ListItem","position":1,"name":"Accueil","item":"https:\/\/www.jeveuxaider.gouv.fr\/engagement\/"},{"@type":"ListItem","position":2,"name":"[Radio] L&rsquo;ADMR lutte contre l&rsquo;isolement avec la R\u00e9serve Civique"}]},{"@type":"WebSite","@id":"https:\/\/prod-jeveuxaider-wordpress.osc-secnum-fr1.scalingo.io\/#website","url":"https:\/\/prod-jeveuxaider-wordpress.osc-secnum-fr1.scalingo.io\/","name":"JeVeuxAider.gouv.fr | Le Blog","description":"Devenez b\u00e9n\u00e9vole et trouvez des missions en quelques clics","alternateName":"JeVeuxAider.gouv.fr | Le Blog","potentialAction":[{"@type":"SearchAction","target":{"@type":"EntryPoint","urlTemplate":"https:\/\/prod-jeveuxaider-wordpress.osc-secnum-fr1.scalingo.io\/?s={search_term_string}"},"query-input":{"@type":"PropertyValueSpecification","valueRequired":true,"valueName":"search_term_string"}}],"inLanguage":"fr-FR"},{"@type":"Person","@id":"https:\/\/prod-jeveuxaider-wordpress.osc-secnum-fr1.scalingo.io\/#\/schema\/person\/a1038efd7988d1bb686b3592a0dc4f28","name":"Nicolas","image":{"@type":"ImageObject","inLanguage":"fr-FR","@id":"https:\/\/secure.gravatar.com\/avatar\/09455ddc73331fa8c8480bf5e787afcdaeed30de1cfeb4ae87e69b74a32d54c1?s=96&d=mm&r=g","url":"https:\/\/secure.gravatar.com\/avatar\/09455ddc73331fa8c8480bf5e787afcdaeed30de1cfeb4ae87e69b74a32d54c1?s=96&d=mm&r=g","contentUrl":"https:\/\/secure.gravatar.com\/avatar\/09455ddc73331fa8c8480bf5e787afcdaeed30de1cfeb4ae87e69b74a32d54c1?s=96&d=mm&r=g","caption":"Nicolas"}}]}},"_links":{"self":[{"href":"https:\/\/www.jeveuxaider.gouv.fr\/engagement\/wp-json\/wp\/v2\/posts\/1469","targetHints":{"allow":["GET"]}}],"collection":[{"href":"https:\/\/www.jeveuxaider.gouv.fr\/engagement\/wp-json\/wp\/v2\/posts"}],"about":[{"href":"https:\/\/www.jeveuxaider.gouv.fr\/engagement\/wp-json\/wp\/v2\/types\/post"}],"author":[{"embeddable":true,"href":"https:\/\/www.jeveuxaider.gouv.fr\/engagement\/wp-json\/wp\/v2\/users\/1"}],"replies":[{"embeddable":true,"href":"https:\/\/www.jeveuxaider.gouv.fr\/engagement\/wp-json\/wp\/v2\/comments?post=1469"}],"version-history":[{"count":0,"href":"https:\/\/www.jeveuxaider.gouv.fr\/engagement\/wp-json\/wp\/v2\/posts\/1469\/revisions"}],"wp:featuredmedia":[{"embeddable":true,"href":"https:\/\/www.jeveuxaider.gouv.fr\/engagement\/wp-json\/wp\/v2\/media\/1471"}],"wp:attachment":[{"href":"https:\/\/www.jeveuxaider.gouv.fr\/engagement\/wp-json\/wp\/v2\/media?parent=1469"}],"wp:term":[{"taxonomy":"category","embeddable":true,"href":"https:\/\/www.jeveuxaider.gouv.fr\/engagement\/wp-json\/wp\/v2\/categories?post=1469"},{"taxonomy":"post_tag","embeddable":true,"href":"https:\/\/www.jeveuxaider.gouv.fr\/engagement\/wp-json\/wp\/v2\/tags?post=1469"}],"curies":[{"name":"wp","href":"https:\/\/api.w.org\/{rel}","templated":true}]}}