{"id":137571,"date":"2026-04-29T11:33:24","date_gmt":"2026-04-29T11:33:24","guid":{"rendered":"https:\/\/www.jeveuxaider.gouv.fr\/engagement\/?p=137571"},"modified":"2026-04-29T11:33:24","modified_gmt":"2026-04-29T11:33:24","slug":"printemps-pour-la-planete-2026-lheure-du-bilan-%f0%9f%8c%bf","status":"publish","type":"post","link":"https:\/\/www.jeveuxaider.gouv.fr\/engagement\/actualite\/printemps-pour-la-planete-2026-lheure-du-bilan-%f0%9f%8c%bf\/","title":{"rendered":"Printemps pour la plan\u00e8te 2026 : l&rsquo;heure du bilan \ud83c\udf3f"},"content":{"rendered":"<div class=\"wpb-content-wrapper\"><p>[vc_row row_height_percent=\u00a0\u00bb0&Prime; override_padding=\u00a0\u00bbyes\u00a0\u00bb h_padding=\u00a0\u00bb2&Prime; top_padding=\u00a0\u00bb0&Prime; bottom_padding=\u00a0\u00bb3&Prime; overlay_alpha=\u00a0\u00bb100&Prime; gutter_size=\u00a0\u00bb3&Prime; column_width_percent=\u00a0\u00bb100&Prime; shift_y=\u00a0\u00bb0&Prime; z_index=\u00a0\u00bb0&Prime; row_height_use_pixel=\u00a0\u00bb\u00a0\u00bb uncode_shortcode_id=\u00a0\u00bb200644&Prime;][vc_column column_width_use_pixel=\u00a0\u00bbyes\u00a0\u00bb gutter_size=\u00a0\u00bb3&Prime; overlay_alpha=\u00a0\u00bb50&Prime; shift_x=\u00a0\u00bb0&Prime; shift_y=\u00a0\u00bb0&Prime; shift_y_down=\u00a0\u00bb0&Prime; z_index=\u00a0\u00bb0&Prime; medium_width=\u00a0\u00bb0&Prime; mobile_width=\u00a0\u00bb0&Prime; zoom_width=\u00a0\u00bb0&Prime; zoom_height=\u00a0\u00bb0&Prime; column_width_pixel=\u00a0\u00bb900&Prime; uncode_shortcode_id=\u00a0\u00bb132975&Prime;][vc_empty_space][vc_custom_heading uncode_shortcode_id=\u00a0\u00bb963145&Prime;]Gen\u00e8se[\/vc_custom_heading][vc_column_text text_lead=\u00a0\u00bbyes\u00a0\u00bb uncode_shortcode_id=\u00a0\u00bb627904&Prime; el_class=\u00a0\u00bbliste\u00a0\u00bb]<\/p>\n<blockquote><p><em>\u00ab Je suis tr\u00e8s satisfaite de la plateforme, gratuite et bien construite. Par contre la place qu&rsquo;on donne \u00e0 la protection animale est faible ! Les \u00e9v\u00e9nements ne nous concernent pas trop. \u00bb<\/em><\/p><\/blockquote>\n<blockquote><p><em>\u00ab Bonjour, il manque le domaine protection animale qui est absent. \u00bb<\/em><\/p><\/blockquote>\n<p>Au support utilisateurs de <a href=\"http:\/\/JeVeuxAider.gouv.fr\">JeVeuxAider.gouv.fr<\/a>, f\u00e9vrier s\u2019achevait avec un petit go\u00fbt de <em>\u201cil y a quelque chose \u00e0 faire pour la cause animale\u201d.<\/em><\/p>\n<p>Alors on a retrouss\u00e9 nos manches. Objectif : <strong>faire une belle place au vivant, dans toute sa diversit\u00e9<\/strong>, sur la plateforme.<\/p>\n<p>Et tr\u00e8s vite, une \u00e9vidence s\u2019est impos\u00e9e : porter cet \u00e9lan dans la campagne <a href=\"https:\/\/www.jeveuxaider.gouv.fr\/engagement\/printemps-pour-la-planete\/\"><em>Printemps pour la plan\u00e8te<\/em><\/a>, aux c\u00f4t\u00e9s d\u2019un nouveau partenaire,<strong> la SPA<\/strong>. \ud83d\udc3b<\/p>\n<p><em>Printemps pour la plan\u00e8te 2026<\/em> est ainsi revenue en avril plus vivante et inclusive que jamais, aux c\u00f4t\u00e9s de la SPA mais aussi de l&rsquo;<strong>ADEME et Nos Gestes Climat, la Fondation pour la Nature et l&rsquo;Homme, et l&rsquo;Office Fran\u00e7ais de la Biodiversit\u00e9.<\/strong> Biodiversit\u00e9, faune, comportements : tout est li\u00e9, et cette interd\u00e9pendance, les structures nous l\u2019ont fait remonter de mani\u00e8re tr\u00e8s concr\u00e8te. Par exemple, elles observent que la mis\u00e8re animale tend \u00e0 augmenter avec la mis\u00e8re humaine : quand nous traversons des difficult\u00e9s, nos animaux en subissent aussi les cons\u00e9quences.<br \/>\nAccompagner les uns, c&rsquo;est toujours prot\u00e9ger les autres.<!-- notionvc: 338c7965-68db-444d-84da-62a4bbe9bca8 --><\/p>\n<p><!-- notionvc: b3774f0c-7526-42c7-82ae-9e47ead4d6c6 -->[\/vc_column_text][vc_custom_heading heading_semantic=\u00a0\u00bbh3&Prime; uncode_shortcode_id=\u00a0\u00bb194644&Prime;]La mobilisation en chiffres[\/vc_custom_heading][vc_single_image media=\u00a0\u00bb137575&Prime; media_width_percent=\u00a0\u00bb100&Prime; uncode_shortcode_id=\u00a0\u00bb174908&Prime;][vc_column_text text_lead=\u00a0\u00bbyes\u00a0\u00bb uncode_shortcode_id=\u00a0\u00bb719714&Prime; el_class=\u00a0\u00bbliste\u00a0\u00bb]Du 14 au 30 avril, voici ce que les b\u00e9n\u00e9voles et les structures ont accompli ensemble par l\u2019entremise de <a href=\"http:\/\/JeVeuxAider.gouv.fr\">JeVeuxAider.gouv.fr<\/a>:<\/p>\n<ul>\n<li><strong>935 missions de b\u00e9n\u00e9volat<\/strong> ont \u00e9t\u00e9 propos\u00e9es par plus de <strong>400 organisations<\/strong><\/li>\n<li>pr\u00e8s de <strong>3 000 b\u00e9n\u00e9voles<\/strong> ont propos\u00e9 leur aide dans 95 <strong>d\u00e9partements<\/strong><\/li>\n<li>parmi eux, pr\u00e8s de <strong>700 b\u00e9n\u00e9voles<\/strong> ont propos\u00e9 leur aide sur des missions de <strong>protection animale<\/strong><\/li>\n<\/ul>\n<p>\u00c0 dur\u00e9e \u00e9gale, ces chiffres d\u00e9passent ceux de l&rsquo;\u00e9dition pr\u00e9c\u00e9dente. (<strong>+35%<\/strong> de propositions de b\u00e9n\u00e9voles re\u00e7ues). Ils racontent une chose sur notre humanit\u00e9 : quand on \u00e9largit notre d\u00e9finition du vivant, on \u00e9largit aussi les envies d&rsquo;agir. \u2764\ufe0f<!-- notionvc: 184e2952-3e9c-4758-b29b-2c2bee8c85d2 --><\/p>\n<p><!-- notionvc: bd9954b0-f26f-4df4-93f1-5fdce92a514a -->[\/vc_column_text][vc_button button_color=\u00a0\u00bbaccent\u00a0\u00bb size=\u00a0\u00bbbtn-lg\u00a0\u00bb radius=\u00a0\u00bbbtn-square\u00a0\u00bb border_width=\u00a0\u00bb0&Prime; link=\u00a0\u00bburl:https%3A%2F%2Fwww.jeveuxaider.gouv.fr%2Fmissions-benevolat%3Fdomaines%3DProtection%2Bde%2Bla%2Bnature|title:B%C3%A9n%C3%A9volat%20Printemps%20pour%20la%20plan%C3%A8te|target:_blank\u00a0\u00bb button_color_type=\u00a0\u00bbuncode-palette\u00a0\u00bb uncode_shortcode_id=\u00a0\u00bb475204&Prime;]D\u00e9couvrir les missions de b\u00e9n\u00e9volat dans l&rsquo;\u00e9cologie[\/vc_button][vc_empty_space][vc_custom_heading uncode_shortcode_id=\u00a0\u00bb168069&Prime;]Ce que les b\u00e9n\u00e9voles ont d\u00e9couvert \u00e0 la SPA[\/vc_custom_heading][vc_single_image media=\u00a0\u00bb137578&Prime; media_width_percent=\u00a0\u00bb100&Prime; uncode_shortcode_id=\u00a0\u00bb249668&Prime;][vc_column_text text_lead=\u00a0\u00bbyes\u00a0\u00bb uncode_shortcode_id=\u00a0\u00bb178865&Prime; el_class=\u00a0\u00bbliste\u00a0\u00bb]Au d\u00e9but de son livre, <strong><em>La Vie secr\u00e8te des arbres<\/em><\/strong>, Peter Wohlleben, se prom\u00e8ne dans une vieille h\u00eatraie et tombe sur une souche recouverte de mousse. \u00c9trangement, le bois n&rsquo;a pas pourri. Les h\u00eatres alentour la maintenaient en vie depuis des ann\u00e9es via leurs racines. Ils n&rsquo;avaient tout simplement pas laiss\u00e9 mourir l&rsquo;un des leurs.<\/p>\n<p>Les b\u00e9n\u00e9voles de la SPA ont fait une d\u00e9couverte de cet ordre. Les liens qui font tenir debout sont souvent enfouis, invisibles comme les racines de h\u00eatres. Et prendre soin des animaux passe, bien plus qu&rsquo;on ne l&rsquo;imagine, par prendre soin des humains qui les entourent.<\/p>\n<blockquote><p><em>\u00ab Nous sommes sans cesse au contact du public, et la qualit\u00e9 des relations humaines constitue un levier essentiel de nos actions en faveur du bien-\u00eatre animal. Que ce soit dans les refuges aupr\u00e8s des adoptants pour les sensibiliser, dans les \u00e9coles pour \u00e9duquer les futures g\u00e9n\u00e9rations, ou encore aupr\u00e8s de particuliers faisant l&rsquo;objet de signalements pour maltraitance, l&rsquo;engagement passe par le dialogue et la p\u00e9dagogie. \u00bb<\/em> <strong>La SPA<\/strong><\/p><\/blockquote>\n<p><!-- notionvc: 4f49415d-1643-442b-b088-bda35a98349e -->[\/vc_column_text][vc_custom_heading uncode_shortcode_id=\u00a0\u00bb185498&Prime;]Il y a des choses qui comptent mais qui ne se comptent pas[\/vc_custom_heading][vc_single_image media=\u00a0\u00bb137574&Prime; media_width_percent=\u00a0\u00bb100&Prime; uncode_shortcode_id=\u00a0\u00bb181882&Prime;][vc_column_text text_lead=\u00a0\u00bbyes\u00a0\u00bb uncode_shortcode_id=\u00a0\u00bb162441&Prime; el_class=\u00a0\u00bbliste\u00a0\u00bb]<span class=\"notion-enable-hover\" data-token-index=\"0\">\u00ab Je me suis sentie comme une star en fin d&rsquo;animation p\u00e9dagogique, car je devais donner des autographes \u00e0 tous les enfants. Un autre moment marquant, c&rsquo;est quand on constate qu&rsquo;un chien que l&rsquo;on a sauv\u00e9 de la maltraitance est bien trait\u00e9 dans sa nouvelle famille. \u00bb<\/span> <span class=\"notion-enable-hover\" data-token-index=\"2\">Une b\u00e9n\u00e9vole \u00e0 la SPA<\/span><!-- notionvc: 9f05d3ff-f6f2-4e1d-b671-0b8305b1d8ce -->[\/vc_column_text][vc_custom_heading uncode_shortcode_id=\u00a0\u00bb148839&Prime;]L\u2019engagement a aussi pris d\u2019autres formes \ud83c\udf3f<!-- notionvc: 32076cbf-7481-4c9c-8169-2684c313a8d6 -->[\/vc_custom_heading][vc_column_text text_lead=\u00a0\u00bbyes\u00a0\u00bb uncode_shortcode_id=\u00a0\u00bb698879&Prime; el_class=\u00a0\u00bbliste\u00a0\u00bb]Pr\u00e8s de 600 personnes se sont rapproch\u00e9es d&rsquo;associations proposant des missions de <strong>sensibilisation<\/strong> et pr\u00e8s de 300 b\u00e9n\u00e9voles ont contact\u00e9 des organisations proposant des missions de <strong>collecte de d\u00e9chets<\/strong> durant cette campagne. Au c\u0153ur de l\u2019action : le collectif, la transmission, le \u00ab vivre ensemble \u00bb.<\/p>\n<blockquote><p>\u201cJ\u2019ai particip\u00e9 comme b\u00e9n\u00e9vole \u00e0 une exposition destin\u00e9e \u00e0 sensibiliser les enfants au changement climatique. (\u2026) Ce fut une exp\u00e9rience tr\u00e8s enrichissante et int\u00e9ressante. L\u2019ambiance \u00e9tait excellente : les personnes avec qui j\u2019ai travaill\u00e9 \u00e9taient extr\u00eamement gentilles, accueillantes et agr\u00e9ables.<\/p>\n<p>Ce serait un vrai plaisir de pouvoir y participer \u00e0 nouveau. Je recommande vivement cette exp\u00e9rience !\u201d Camilla b\u00e9n\u00e9vole pour l\u2019exposition <em>Climat et Biodiversit\u00e9<\/em><\/p><\/blockquote>\n<p><!-- notionvc: 2d5d5113-7388-4bed-aa0a-1eeeaf972e8b --><!-- notionvc: dd43f249-44e0-4bce-b8aa-3bc18aa39711 -->[\/vc_column_text][vc_empty_space][vc_separator sep_color=\u00a0\u00bb\u00a0\u00bb uncode_shortcode_id=\u00a0\u00bb589398&Prime;][vc_custom_heading uncode_shortcode_id=\u00a0\u00bb384813&Prime;]Merci, et \u00e0 l&rsquo;ann\u00e9e prochaine \ud83c\udf38<!-- notionvc: 0573d401-25c5-45e1-9e8e-46e782497c75 --><br \/>\n<!-- notionvc: 32076cbf-7481-4c9c-8169-2684c313a8d6 -->[\/vc_custom_heading][vc_single_image media=\u00a0\u00bb137576&Prime; media_width_percent=\u00a0\u00bb100&Prime; uncode_shortcode_id=\u00a0\u00bb292470&Prime;][vc_column_text text_lead=\u00a0\u00bbyes\u00a0\u00bb uncode_shortcode_id=\u00a0\u00bb169380&Prime; el_class=\u00a0\u00bbliste\u00a0\u00bb]Merci \u00e0 toutes et tous les b\u00e9n\u00e9voles qui donnent de leur temps, et aux organisations qui orientent et rendent l&rsquo;engagement de chacun encore plus impactant.<\/p>\n<p>Les missions sur <a href=\"http:\/\/JeVeuxAider.gouv.fr\">JeVeuxAider.gouv.fr<\/a> ne s&rsquo;arr\u00eatent pas au printemps. Tout au long de l&rsquo;ann\u00e9e, vous pouvez donner un peu de votre temps pour notre plan\u00e8te et ses habitants.<\/p>\n<p><strong>N&rsquo;h\u00e9sitez pas \u00e0 parcourir toutes les missions disponibles dans le domaine \u00ab protection de l&rsquo;environnement \u00bb.<\/strong><!-- notionvc: 7c003a0d-3f87-440a-bd66-a81c9bbc5a25 --><\/p>\n<p><!-- notionvc: dd43f249-44e0-4bce-b8aa-3bc18aa39711 -->[\/vc_column_text][vc_button button_color=\u00a0\u00bbaccent\u00a0\u00bb size=\u00a0\u00bbbtn-lg\u00a0\u00bb radius=\u00a0\u00bbbtn-square\u00a0\u00bb border_width=\u00a0\u00bb0&Prime; link=\u00a0\u00bburl:https%3A%2F%2Fwww.jeveuxaider.gouv.fr%2Fmissions-benevolat%3Fdomaines%3DProtection%2Bde%2Bla%2Bnature%20|title:Lien%20direct%20vers%20l%E2%80%99ensemble%20des%20missions%20de%20b%C3%A9n%C3%A9volat%20de%20la%20campagne%20|target:_blank\u00a0\u00bb button_color_type=\u00a0\u00bbuncode-palette\u00a0\u00bb uncode_shortcode_id=\u00a0\u00bb127216&Prime;]Je d\u00e9couvre toutes les missions \u00e0 vivre le nez dehors[\/vc_button][\/vc_column][\/vc_row]<\/p>\n<\/div>","protected":false},"excerpt":{"rendered":"<p>Cette ann\u00e9e, la campagne Printemps pour la plan\u00e8te a fait la part belle \u00e0 la protection de la plan\u00e8te, et en particulier \u00e0 la cause animale . Du 14 au 30 avril, des milliers de personnes ont choisi de donner un peu de leur temps pour secourir des animaux sauvages, restaurer leurs habitats naturels, devenir famille d&rsquo;accueil, ou tant d&rsquo;autres choses encore qui nous auront fait vibrer. Le genre de moments o\u00f9 pas une fois, on se demande \u201cqu\u2019est-ce que je fiche l\u00e0\u201d. Cette nouvelle campagne, que chacun a pu s\u2019approprier et relayer, a permis d&rsquo;engager de nombreux b\u00e9n\u00e9voles partout en France. Et les r\u00e9sultats sont l\u00e0 !<\/p>\n","protected":false},"author":5,"featured_media":137573,"comment_status":"open","ping_status":"open","sticky":false,"template":"","format":"standard","meta":{"footnotes":""},"categories":[2],"tags":[],"class_list":["post-137571","post","type-post","status-publish","format-standard","has-post-thumbnail","hentry","category-actualite"],"yoast_head":"<!-- This site is optimized with the Yoast SEO plugin v27.2 - https:\/\/yoast.com\/product\/yoast-seo-wordpress\/ -->\n<title>Printemps pour la plan\u00e8te 2026 : l&#039;heure du bilan \ud83c\udf3f - Blog B\u00e9n\u00e9volat<\/title>\n<meta name=\"description\" content=\"Toutes les actualit\u00e9s du b\u00e9n\u00e9volat sur le blog de JeVeuxAider.gouv.fr\" \/>\n<meta name=\"robots\" content=\"index, follow, max-snippet:-1, max-image-preview:large, max-video-preview:-1\" \/>\n<link rel=\"canonical\" href=\"https:\/\/www.jeveuxaider.gouv.fr\/engagement\/actualite\/printemps-pour-la-planete-2026-lheure-du-bilan-\ud83c\udf3f\/\" \/>\n<meta property=\"og:locale\" content=\"fr_FR\" \/>\n<meta property=\"og:type\" content=\"article\" \/>\n<meta property=\"og:title\" content=\"Printemps pour la plan\u00e8te 2026 : l&#039;heure du bilan \ud83c\udf3f - Blog B\u00e9n\u00e9volat\" \/>\n<meta property=\"og:description\" content=\"Toutes les actualit\u00e9s du b\u00e9n\u00e9volat sur le blog de JeVeuxAider.gouv.fr\" \/>\n<meta property=\"og:url\" content=\"https:\/\/www.jeveuxaider.gouv.fr\/engagement\/actualite\/printemps-pour-la-planete-2026-lheure-du-bilan-\ud83c\udf3f\/\" \/>\n<meta property=\"og:site_name\" content=\"JeVeuxAider.gouv.fr | Le Blog de l&#039;Engagement\" \/>\n<meta property=\"article:published_time\" content=\"2026-04-29T11:33:24+00:00\" \/>\n<meta property=\"og:image\" content=\"https:\/\/jeveuxaider-wp.s3.eu-west-3.amazonaws.com\/uploads\/2026\/04\/PPP26-thumbnail.jpg\" \/>\n\t<meta property=\"og:image:width\" content=\"954\" \/>\n\t<meta property=\"og:image:height\" content=\"954\" \/>\n\t<meta property=\"og:image:type\" content=\"image\/jpeg\" \/>\n<meta name=\"author\" content=\"Laura Verges\" \/>\n<meta name=\"twitter:card\" content=\"summary_large_image\" \/>\n<meta name=\"twitter:label1\" content=\"Written by\" \/>\n\t<meta name=\"twitter:data1\" content=\"Laura Verges\" \/>\n\t<meta name=\"twitter:label2\" content=\"Est. reading time\" \/>\n\t<meta name=\"twitter:data2\" content=\"4 minutes\" \/>\n<script type=\"application\/ld+json\" class=\"yoast-schema-graph\">{\"@context\":\"https:\/\/schema.org\",\"@graph\":[{\"@type\":\"Article\",\"@id\":\"https:\/\/www.jeveuxaider.gouv.fr\/engagement\/actualite\/printemps-pour-la-planete-2026-lheure-du-bilan-%f0%9f%8c%bf\/#article\",\"isPartOf\":{\"@id\":\"https:\/\/www.jeveuxaider.gouv.fr\/engagement\/actualite\/printemps-pour-la-planete-2026-lheure-du-bilan-%f0%9f%8c%bf\/\"},\"author\":{\"name\":\"Laura Verges\",\"@id\":\"https:\/\/prod-jeveuxaider-wordpress.osc-secnum-fr1.scalingo.io\/#\/schema\/person\/f7773644d7a6aa118b55d68712f25353\"},\"headline\":\"Printemps pour la plan\u00e8te 2026 : l&rsquo;heure du bilan \ud83c\udf3f\",\"datePublished\":\"2026-04-29T11:33:24+00:00\",\"mainEntityOfPage\":{\"@id\":\"https:\/\/www.jeveuxaider.gouv.fr\/engagement\/actualite\/printemps-pour-la-planete-2026-lheure-du-bilan-%f0%9f%8c%bf\/\"},\"wordCount\":1246,\"commentCount\":0,\"image\":{\"@id\":\"https:\/\/www.jeveuxaider.gouv.fr\/engagement\/actualite\/printemps-pour-la-planete-2026-lheure-du-bilan-%f0%9f%8c%bf\/#primaryimage\"},\"thumbnailUrl\":\"https:\/\/jeveuxaider-wp.s3.eu-west-3.amazonaws.com\/uploads\/2026\/04\/PPP26-thumbnail.jpg\",\"articleSection\":[\"Actualit\u00e9s\"],\"inLanguage\":\"fr-FR\",\"potentialAction\":[{\"@type\":\"CommentAction\",\"name\":\"Comment\",\"target\":[\"https:\/\/www.jeveuxaider.gouv.fr\/engagement\/actualite\/printemps-pour-la-planete-2026-lheure-du-bilan-%f0%9f%8c%bf\/#respond\"]}]},{\"@type\":\"WebPage\",\"@id\":\"https:\/\/www.jeveuxaider.gouv.fr\/engagement\/actualite\/printemps-pour-la-planete-2026-lheure-du-bilan-%f0%9f%8c%bf\/\",\"url\":\"https:\/\/www.jeveuxaider.gouv.fr\/engagement\/actualite\/printemps-pour-la-planete-2026-lheure-du-bilan-%f0%9f%8c%bf\/\",\"name\":\"Printemps pour la plan\u00e8te 2026 : l'heure du bilan \ud83c\udf3f - Blog B\u00e9n\u00e9volat\",\"isPartOf\":{\"@id\":\"https:\/\/prod-jeveuxaider-wordpress.osc-secnum-fr1.scalingo.io\/#website\"},\"primaryImageOfPage\":{\"@id\":\"https:\/\/www.jeveuxaider.gouv.fr\/engagement\/actualite\/printemps-pour-la-planete-2026-lheure-du-bilan-%f0%9f%8c%bf\/#primaryimage\"},\"image\":{\"@id\":\"https:\/\/www.jeveuxaider.gouv.fr\/engagement\/actualite\/printemps-pour-la-planete-2026-lheure-du-bilan-%f0%9f%8c%bf\/#primaryimage\"},\"thumbnailUrl\":\"https:\/\/jeveuxaider-wp.s3.eu-west-3.amazonaws.com\/uploads\/2026\/04\/PPP26-thumbnail.jpg\",\"datePublished\":\"2026-04-29T11:33:24+00:00\",\"author\":{\"@id\":\"https:\/\/prod-jeveuxaider-wordpress.osc-secnum-fr1.scalingo.io\/#\/schema\/person\/f7773644d7a6aa118b55d68712f25353\"},\"description\":\"Toutes les actualit\u00e9s du b\u00e9n\u00e9volat sur le blog de JeVeuxAider.gouv.fr\",\"breadcrumb\":{\"@id\":\"https:\/\/www.jeveuxaider.gouv.fr\/engagement\/actualite\/printemps-pour-la-planete-2026-lheure-du-bilan-%f0%9f%8c%bf\/#breadcrumb\"},\"inLanguage\":\"fr-FR\",\"potentialAction\":[{\"@type\":\"ReadAction\",\"target\":[\"https:\/\/www.jeveuxaider.gouv.fr\/engagement\/actualite\/printemps-pour-la-planete-2026-lheure-du-bilan-%f0%9f%8c%bf\/\"]}]},{\"@type\":\"ImageObject\",\"inLanguage\":\"fr-FR\",\"@id\":\"https:\/\/www.jeveuxaider.gouv.fr\/engagement\/actualite\/printemps-pour-la-planete-2026-lheure-du-bilan-%f0%9f%8c%bf\/#primaryimage\",\"url\":\"https:\/\/jeveuxaider-wp.s3.eu-west-3.amazonaws.com\/uploads\/2026\/04\/PPP26-thumbnail.jpg\",\"contentUrl\":\"https:\/\/jeveuxaider-wp.s3.eu-west-3.amazonaws.com\/uploads\/2026\/04\/PPP26-thumbnail.jpg\",\"width\":954,\"height\":954},{\"@type\":\"BreadcrumbList\",\"@id\":\"https:\/\/www.jeveuxaider.gouv.fr\/engagement\/actualite\/printemps-pour-la-planete-2026-lheure-du-bilan-%f0%9f%8c%bf\/#breadcrumb\",\"itemListElement\":[{\"@type\":\"ListItem\",\"position\":1,\"name\":\"Accueil\",\"item\":\"https:\/\/www.jeveuxaider.gouv.fr\/engagement\/\"},{\"@type\":\"ListItem\",\"position\":2,\"name\":\"Printemps pour la plan\u00e8te 2026 : l&rsquo;heure du bilan \ud83c\udf3f\"}]},{\"@type\":\"WebSite\",\"@id\":\"https:\/\/prod-jeveuxaider-wordpress.osc-secnum-fr1.scalingo.io\/#website\",\"url\":\"https:\/\/prod-jeveuxaider-wordpress.osc-secnum-fr1.scalingo.io\/\",\"name\":\"JeVeuxAider.gouv.fr | Le Blog\",\"description\":\"Devenez b\u00e9n\u00e9vole et trouvez des missions en quelques clics\",\"alternateName\":\"JeVeuxAider.gouv.fr | Le Blog\",\"potentialAction\":[{\"@type\":\"SearchAction\",\"target\":{\"@type\":\"EntryPoint\",\"urlTemplate\":\"https:\/\/prod-jeveuxaider-wordpress.osc-secnum-fr1.scalingo.io\/?s={search_term_string}\"},\"query-input\":{\"@type\":\"PropertyValueSpecification\",\"valueRequired\":true,\"valueName\":\"search_term_string\"}}],\"inLanguage\":\"fr-FR\"},{\"@type\":\"Person\",\"@id\":\"https:\/\/prod-jeveuxaider-wordpress.osc-secnum-fr1.scalingo.io\/#\/schema\/person\/f7773644d7a6aa118b55d68712f25353\",\"name\":\"Laura Verges\",\"image\":{\"@type\":\"ImageObject\",\"inLanguage\":\"fr-FR\",\"@id\":\"https:\/\/secure.gravatar.com\/avatar\/a1c54863aced1be155ff54187cc143d992e0532a06e9153eb349d36a4daa69d3?s=96&d=mm&r=g\",\"url\":\"https:\/\/secure.gravatar.com\/avatar\/a1c54863aced1be155ff54187cc143d992e0532a06e9153eb349d36a4daa69d3?s=96&d=mm&r=g\",\"contentUrl\":\"https:\/\/secure.gravatar.com\/avatar\/a1c54863aced1be155ff54187cc143d992e0532a06e9153eb349d36a4daa69d3?s=96&d=mm&r=g\",\"caption\":\"Laura Verges\"}}]}<\/script>\n<!-- \/ Yoast SEO plugin. -->","yoast_head_json":{"title":"Printemps pour la plan\u00e8te 2026 : l'heure du bilan \ud83c\udf3f - Blog B\u00e9n\u00e9volat","description":"Toutes les actualit\u00e9s du b\u00e9n\u00e9volat sur le blog de JeVeuxAider.gouv.fr","robots":{"index":"index","follow":"follow","max-snippet":"max-snippet:-1","max-image-preview":"max-image-preview:large","max-video-preview":"max-video-preview:-1"},"canonical":"https:\/\/www.jeveuxaider.gouv.fr\/engagement\/actualite\/printemps-pour-la-planete-2026-lheure-du-bilan-\ud83c\udf3f\/","og_locale":"fr_FR","og_type":"article","og_title":"Printemps pour la plan\u00e8te 2026 : l'heure du bilan \ud83c\udf3f - Blog B\u00e9n\u00e9volat","og_description":"Toutes les actualit\u00e9s du b\u00e9n\u00e9volat sur le blog de JeVeuxAider.gouv.fr","og_url":"https:\/\/www.jeveuxaider.gouv.fr\/engagement\/actualite\/printemps-pour-la-planete-2026-lheure-du-bilan-\ud83c\udf3f\/","og_site_name":"JeVeuxAider.gouv.fr | Le Blog de l&#039;Engagement","article_published_time":"2026-04-29T11:33:24+00:00","og_image":[{"width":954,"height":954,"url":"https:\/\/jeveuxaider-wp.s3.eu-west-3.amazonaws.com\/uploads\/2026\/04\/PPP26-thumbnail.jpg","type":"image\/jpeg"}],"author":"Laura Verges","twitter_card":"summary_large_image","twitter_misc":{"Written by":"Laura Verges","Est. reading time":"4 minutes"},"schema":{"@context":"https:\/\/schema.org","@graph":[{"@type":"Article","@id":"https:\/\/www.jeveuxaider.gouv.fr\/engagement\/actualite\/printemps-pour-la-planete-2026-lheure-du-bilan-%f0%9f%8c%bf\/#article","isPartOf":{"@id":"https:\/\/www.jeveuxaider.gouv.fr\/engagement\/actualite\/printemps-pour-la-planete-2026-lheure-du-bilan-%f0%9f%8c%bf\/"},"author":{"name":"Laura Verges","@id":"https:\/\/prod-jeveuxaider-wordpress.osc-secnum-fr1.scalingo.io\/#\/schema\/person\/f7773644d7a6aa118b55d68712f25353"},"headline":"Printemps pour la plan\u00e8te 2026 : l&rsquo;heure du bilan \ud83c\udf3f","datePublished":"2026-04-29T11:33:24+00:00","mainEntityOfPage":{"@id":"https:\/\/www.jeveuxaider.gouv.fr\/engagement\/actualite\/printemps-pour-la-planete-2026-lheure-du-bilan-%f0%9f%8c%bf\/"},"wordCount":1246,"commentCount":0,"image":{"@id":"https:\/\/www.jeveuxaider.gouv.fr\/engagement\/actualite\/printemps-pour-la-planete-2026-lheure-du-bilan-%f0%9f%8c%bf\/#primaryimage"},"thumbnailUrl":"https:\/\/jeveuxaider-wp.s3.eu-west-3.amazonaws.com\/uploads\/2026\/04\/PPP26-thumbnail.jpg","articleSection":["Actualit\u00e9s"],"inLanguage":"fr-FR","potentialAction":[{"@type":"CommentAction","name":"Comment","target":["https:\/\/www.jeveuxaider.gouv.fr\/engagement\/actualite\/printemps-pour-la-planete-2026-lheure-du-bilan-%f0%9f%8c%bf\/#respond"]}]},{"@type":"WebPage","@id":"https:\/\/www.jeveuxaider.gouv.fr\/engagement\/actualite\/printemps-pour-la-planete-2026-lheure-du-bilan-%f0%9f%8c%bf\/","url":"https:\/\/www.jeveuxaider.gouv.fr\/engagement\/actualite\/printemps-pour-la-planete-2026-lheure-du-bilan-%f0%9f%8c%bf\/","name":"Printemps pour la plan\u00e8te 2026 : l'heure du bilan \ud83c\udf3f - Blog B\u00e9n\u00e9volat","isPartOf":{"@id":"https:\/\/prod-jeveuxaider-wordpress.osc-secnum-fr1.scalingo.io\/#website"},"primaryImageOfPage":{"@id":"https:\/\/www.jeveuxaider.gouv.fr\/engagement\/actualite\/printemps-pour-la-planete-2026-lheure-du-bilan-%f0%9f%8c%bf\/#primaryimage"},"image":{"@id":"https:\/\/www.jeveuxaider.gouv.fr\/engagement\/actualite\/printemps-pour-la-planete-2026-lheure-du-bilan-%f0%9f%8c%bf\/#primaryimage"},"thumbnailUrl":"https:\/\/jeveuxaider-wp.s3.eu-west-3.amazonaws.com\/uploads\/2026\/04\/PPP26-thumbnail.jpg","datePublished":"2026-04-29T11:33:24+00:00","author":{"@id":"https:\/\/prod-jeveuxaider-wordpress.osc-secnum-fr1.scalingo.io\/#\/schema\/person\/f7773644d7a6aa118b55d68712f25353"},"description":"Toutes les actualit\u00e9s du b\u00e9n\u00e9volat sur le blog de JeVeuxAider.gouv.fr","breadcrumb":{"@id":"https:\/\/www.jeveuxaider.gouv.fr\/engagement\/actualite\/printemps-pour-la-planete-2026-lheure-du-bilan-%f0%9f%8c%bf\/#breadcrumb"},"inLanguage":"fr-FR","potentialAction":[{"@type":"ReadAction","target":["https:\/\/www.jeveuxaider.gouv.fr\/engagement\/actualite\/printemps-pour-la-planete-2026-lheure-du-bilan-%f0%9f%8c%bf\/"]}]},{"@type":"ImageObject","inLanguage":"fr-FR","@id":"https:\/\/www.jeveuxaider.gouv.fr\/engagement\/actualite\/printemps-pour-la-planete-2026-lheure-du-bilan-%f0%9f%8c%bf\/#primaryimage","url":"https:\/\/jeveuxaider-wp.s3.eu-west-3.amazonaws.com\/uploads\/2026\/04\/PPP26-thumbnail.jpg","contentUrl":"https:\/\/jeveuxaider-wp.s3.eu-west-3.amazonaws.com\/uploads\/2026\/04\/PPP26-thumbnail.jpg","width":954,"height":954},{"@type":"BreadcrumbList","@id":"https:\/\/www.jeveuxaider.gouv.fr\/engagement\/actualite\/printemps-pour-la-planete-2026-lheure-du-bilan-%f0%9f%8c%bf\/#breadcrumb","itemListElement":[{"@type":"ListItem","position":1,"name":"Accueil","item":"https:\/\/www.jeveuxaider.gouv.fr\/engagement\/"},{"@type":"ListItem","position":2,"name":"Printemps pour la plan\u00e8te 2026 : l&rsquo;heure du bilan \ud83c\udf3f"}]},{"@type":"WebSite","@id":"https:\/\/prod-jeveuxaider-wordpress.osc-secnum-fr1.scalingo.io\/#website","url":"https:\/\/prod-jeveuxaider-wordpress.osc-secnum-fr1.scalingo.io\/","name":"JeVeuxAider.gouv.fr | Le Blog","description":"Devenez b\u00e9n\u00e9vole et trouvez des missions en quelques clics","alternateName":"JeVeuxAider.gouv.fr | Le Blog","potentialAction":[{"@type":"SearchAction","target":{"@type":"EntryPoint","urlTemplate":"https:\/\/prod-jeveuxaider-wordpress.osc-secnum-fr1.scalingo.io\/?s={search_term_string}"},"query-input":{"@type":"PropertyValueSpecification","valueRequired":true,"valueName":"search_term_string"}}],"inLanguage":"fr-FR"},{"@type":"Person","@id":"https:\/\/prod-jeveuxaider-wordpress.osc-secnum-fr1.scalingo.io\/#\/schema\/person\/f7773644d7a6aa118b55d68712f25353","name":"Laura Verges","image":{"@type":"ImageObject","inLanguage":"fr-FR","@id":"https:\/\/secure.gravatar.com\/avatar\/a1c54863aced1be155ff54187cc143d992e0532a06e9153eb349d36a4daa69d3?s=96&d=mm&r=g","url":"https:\/\/secure.gravatar.com\/avatar\/a1c54863aced1be155ff54187cc143d992e0532a06e9153eb349d36a4daa69d3?s=96&d=mm&r=g","contentUrl":"https:\/\/secure.gravatar.com\/avatar\/a1c54863aced1be155ff54187cc143d992e0532a06e9153eb349d36a4daa69d3?s=96&d=mm&r=g","caption":"Laura Verges"}}]}},"_links":{"self":[{"href":"https:\/\/www.jeveuxaider.gouv.fr\/engagement\/wp-json\/wp\/v2\/posts\/137571","targetHints":{"allow":["GET"]}}],"collection":[{"href":"https:\/\/www.jeveuxaider.gouv.fr\/engagement\/wp-json\/wp\/v2\/posts"}],"about":[{"href":"https:\/\/www.jeveuxaider.gouv.fr\/engagement\/wp-json\/wp\/v2\/types\/post"}],"author":[{"embeddable":true,"href":"https:\/\/www.jeveuxaider.gouv.fr\/engagement\/wp-json\/wp\/v2\/users\/5"}],"replies":[{"embeddable":true,"href":"https:\/\/www.jeveuxaider.gouv.fr\/engagement\/wp-json\/wp\/v2\/comments?post=137571"}],"version-history":[{"count":3,"href":"https:\/\/www.jeveuxaider.gouv.fr\/engagement\/wp-json\/wp\/v2\/posts\/137571\/revisions"}],"predecessor-version":[{"id":137580,"href":"https:\/\/www.jeveuxaider.gouv.fr\/engagement\/wp-json\/wp\/v2\/posts\/137571\/revisions\/137580"}],"wp:featuredmedia":[{"embeddable":true,"href":"https:\/\/www.jeveuxaider.gouv.fr\/engagement\/wp-json\/wp\/v2\/media\/137573"}],"wp:attachment":[{"href":"https:\/\/www.jeveuxaider.gouv.fr\/engagement\/wp-json\/wp\/v2\/media?parent=137571"}],"wp:term":[{"taxonomy":"category","embeddable":true,"href":"https:\/\/www.jeveuxaider.gouv.fr\/engagement\/wp-json\/wp\/v2\/categories?post=137571"},{"taxonomy":"post_tag","embeddable":true,"href":"https:\/\/www.jeveuxaider.gouv.fr\/engagement\/wp-json\/wp\/v2\/tags?post=137571"}],"curies":[{"name":"wp","href":"https:\/\/api.w.org\/{rel}","templated":true}]}}