{"id":137051,"date":"2026-01-27T10:39:03","date_gmt":"2026-01-27T10:39:03","guid":{"rendered":"https:\/\/www.jeveuxaider.gouv.fr\/engagement\/?p=137051"},"modified":"2026-01-30T13:59:58","modified_gmt":"2026-01-30T13:59:58","slug":"fevrier-pour-proteger-une-nouvelle-campagne-nationale-pour-la-prevention-le-secourisme-et-la-sante","status":"publish","type":"post","link":"https:\/\/www.jeveuxaider.gouv.fr\/engagement\/actualite\/fevrier-pour-proteger-une-nouvelle-campagne-nationale-pour-la-prevention-le-secourisme-et-la-sante\/","title":{"rendered":"F\u00e9vrier pour prot\u00e9ger : une nouvelle campagne nationale pour la pr\u00e9vention, le secourisme et la sant\u00e9"},"content":{"rendered":"<div class=\"wpb-content-wrapper\"><p>[vc_row row_height_percent=\u00a0\u00bb0&Prime; override_padding=\u00a0\u00bbyes\u00a0\u00bb h_padding=\u00a0\u00bb2&Prime; top_padding=\u00a0\u00bb0&Prime; bottom_padding=\u00a0\u00bb3&Prime; overlay_alpha=\u00a0\u00bb100&Prime; gutter_size=\u00a0\u00bb3&Prime; column_width_percent=\u00a0\u00bb100&Prime; shift_y=\u00a0\u00bb0&Prime; z_index=\u00a0\u00bb0&Prime; row_height_use_pixel=\u00a0\u00bb\u00a0\u00bb uncode_shortcode_id=\u00a0\u00bb200644&Prime;][vc_column column_width_use_pixel=\u00a0\u00bbyes\u00a0\u00bb gutter_size=\u00a0\u00bb3&Prime; overlay_alpha=\u00a0\u00bb50&Prime; shift_x=\u00a0\u00bb0&Prime; shift_y=\u00a0\u00bb0&Prime; shift_y_down=\u00a0\u00bb0&Prime; z_index=\u00a0\u00bb0&Prime; medium_width=\u00a0\u00bb0&Prime; mobile_width=\u00a0\u00bb0&Prime; zoom_width=\u00a0\u00bb0&Prime; zoom_height=\u00a0\u00bb0&Prime; column_width_pixel=\u00a0\u00bb900&Prime; uncode_shortcode_id=\u00a0\u00bb132975&Prime;][vc_empty_space][vc_custom_heading uncode_shortcode_id=\u00a0\u00bb172491&Prime;]<strong>Gen\u00e8se<\/strong>[\/vc_custom_heading][vc_column_text text_lead=\u00a0\u00bbyes\u00a0\u00bb uncode_shortcode_id=\u00a0\u00bb159934&Prime; el_class=\u00a0\u00bbliste\u00a0\u00bb]Lors des inondations de Nemours en 2020, 280 personnes ont permis l&rsquo;acheminement de 50 tonnes de dons et 300 repas par jour pendant deux semaines (<a href=\"https:\/\/www.protection-civile.org\/crises-et-catastrophes\/inondation\/\">source<\/a>).<\/p>\n<p>Cela donne de <strong>l&rsquo;espoir<\/strong> non ?<\/p>\n<p>Les crises majeures ont toujours ce pouvoir paradoxal. Elles r\u00e9v\u00e8lent notre capacit\u00e9 \u00e0 nous<strong> mobiliser pour les autres.<\/strong> Face au choc, la solidarit\u00e9 reprend une place centrale et le tumulte de quelques-uns devient une r\u00e9ponse collective. Accueillir, secourir, pr\u00e9venir : autant de fa\u00e7ons de dire <em>\u00ab\u2009Tu comptes pour moi. Tu n\u2019es pas seul\u2009\u00bb<\/em>.<\/p>\n<p>C\u2019est cette \u00e9nergie-l\u00e0 que <a href=\"http:\/\/JeVeuxAider.gouv.fr\">JeVeuxAider.gouv.fr<\/a> souhaite mettre en lumi\u00e8re avec <strong><em>F\u00e9vrier pour prot\u00e9ger<\/em><\/strong>, une nouvelle campagne nationale de mobilisation d\u00e9di\u00e9e \u00e0 la pr\u00e9vention, \u00e0 la sant\u00e9 et \u00e0 la s\u00e9curit\u00e9. Prot\u00e9ger, ce n\u2019est pas seulement r\u00e9agir \u00e0 l\u2019urgence\u00a0: c\u2019est se mobiliser d\u00e8s qu\u2019une situation critique survient et accompagner ceux qui ont le plus besoin dans la <strong>dur\u00e9e<\/strong>.[\/vc_column_text][vc_custom_heading heading_semantic=\u00a0\u00bbh3&Prime; text_size=\u00a0\u00bbh4&Prime; uncode_shortcode_id=\u00a0\u00bb205070&Prime;]<b>Chacun pour tous<\/b>[\/vc_custom_heading][vc_single_image media=\u00a0\u00bb137108&Prime; media_width_percent=\u00a0\u00bb100&Prime; uncode_shortcode_id=\u00a0\u00bb320599&Prime;][vc_column_text text_lead=\u00a0\u00bbyes\u00a0\u00bb uncode_shortcode_id=\u00a0\u00bb126995&Prime; el_class=\u00a0\u00bbliste\u00a0\u00bb]Les crises, qu\u2019elles soient climatiques, sanitaires ou sociales, font resurgir le b\u00e9n\u00e9volat, parfois l\u00e0 o\u00f9 on ne l\u2019attendait pas. Selon les donn\u00e9es disponibles, <strong>7\u00a0personnes sur 10<\/strong> se disent pr\u00eates \u00e0 s\u2019engager aux c\u00f4t\u00e9s d\u2019associations venant en aide aux sinistr\u00e9s, et <strong>9 sur 10<\/strong> seraient pr\u00eates \u00e0 aider un voisin. Ces chiffres rappellent que la volont\u00e9 d\u2019agir existe, et qu\u2019elle ne demande qu\u2019\u00e0 trouver l\u2019art et la mani\u00e8re de <strong>s\u2019exprimer<\/strong><\/p>\n<p>C\u2019est tout l\u2019enjeu de <strong>F\u00e9vrier pour prot\u00e9ger<\/strong>. Pendant quatorze jours, la campagne invite chacun et chacune \u00e0 d\u00e9couvrir des missions de b\u00e9n\u00e9volat dans les domaines de <strong>la sant\u00e9, de la pr\u00e9vention des risques et de la gestion de crise<\/strong>. Quatorze jours pour d\u00e9clarer sa flamme aux structures d\u2019int\u00e9r\u00eat g\u00e9n\u00e9ral, trouver une mission qui a du sens et s\u2019engager \u00e0 son rythme, avant, pendant ou apr\u00e8s les \u00e9v\u00e8nements.<\/p>\n<p>Parce que s\u2019engager pour prot\u00e9ger, ce n\u2019est pas seulement intervenir quand tout va mal. C\u2019est m\u00eame bien souvent l\u2019inverse\u00a0: agir en amont en <strong>informant<\/strong> les populations, en <strong>sensibilisant<\/strong> en passant son PSC1 et 2. Prot\u00e9ger, c\u2019est apprendre \u00e0 devenir plus endurant face aux al\u00e9as. C\u2019est prendre soin <strong>des personnes comme du vivant dans son ensemble<\/strong>.<\/p>\n<p>Et \u00e7a, c\u2019est tr\u00e8s sexy\u2009! C\u2019est pour cela que la campagne <strong><em>F\u00e9vrier pour prot\u00e9ger<\/em><\/strong> tirera sa r\u00e9v\u00e9rence finale lors de la traditionnelle Saint-Valentin, <strong>le 14\u00a0f\u00e9vrier\u2009!<\/strong>[\/vc_column_text][vc_button button_color=\u00a0\u00bbaccent\u00a0\u00bb size=\u00a0\u00bbbtn-lg\u00a0\u00bb radius=\u00a0\u00bbbtn-square\u00a0\u00bb border_width=\u00a0\u00bb0&Prime; link=\u00a0\u00bburl:https%3A%2F%2Fwww.jeveuxaider.gouv.fr%2Fengagement%2Ffevrier-pour-proteger%2F|title:F%C3%A9vrier%20pour%20prot%C3%A9ger|target:_blank\u00a0\u00bb button_color_type=\u00a0\u00bbuncode-palette\u00a0\u00bb uncode_shortcode_id=\u00a0\u00bb135961&Prime;]Je fais une mission de b\u00e9n\u00e9volat[\/vc_button][vc_empty_space][vc_separator sep_color=\u00a0\u00bb\u00a0\u00bb uncode_shortcode_id=\u00a0\u00bb589398&Prime;][vc_custom_heading uncode_shortcode_id=\u00a0\u00bb684748&Prime;]<b>4 fa\u00e7ons d&rsquo;agir en f\u00e9vrier<\/b>[\/vc_custom_heading][vc_column_text text_lead=\u00a0\u00bbyes\u00a0\u00bb uncode_shortcode_id=\u00a0\u00bb191753&Prime; el_class=\u00a0\u00bbliste\u00a0\u00bb]<em>Pour cette campagne, <a href=\"http:\/\/JeVeuxAider.gouv.fr\">JeVeuxAider.gouv.fr<\/a> met en avant plusieurs grandes cat\u00e9gories de missions, accessibles partout en France.<\/em>[\/vc_column_text][vc_custom_heading heading_semantic=\u00a0\u00bbh3&Prime; text_size=\u00a0\u00bbh4&Prime; uncode_shortcode_id=\u00a0\u00bb594973&Prime;]<strong>Secourisme<\/strong>[\/vc_custom_heading][vc_single_image media=\u00a0\u00bb137100&Prime; media_width_percent=\u00a0\u00bb100&Prime; uncode_shortcode_id=\u00a0\u00bb761090&Prime;][vc_column_text text_lead=\u00a0\u00bbyes\u00a0\u00bb uncode_shortcode_id=\u00a0\u00bb923839&Prime; el_class=\u00a0\u00bbliste\u00a0\u00bb]Ces missions permettent de se former aux gestes qui sauvent et de renforcer les \u00e9quipes pr\u00e9sentes lors d\u2019\u00e9v\u00e9nements ou dans la vie quotidienne. Formation\u00a0PSC1 ou PSC2, pr\u00e9vention sur le terrain, soutien aux dispositifs de secours\u00a0: autant de fa\u00e7ons de se tenir pr\u00eat lorsque<strong> chaque minute compte.<\/strong><\/p>\n<blockquote><p><em>\u00ab\u00a0Les b\u00e9n\u00e9voles de la Protection Civile vivent r\u00e9guli\u00e8rement des moments marquants. Des moments de joie : participation aux Jeux Olympiques et Paralympiques de Paris 2024, r\u00e9animation, concert d&rsquo;une star de la musique, et m\u00eame accouchement ! Dans tous les cas, les b\u00e9n\u00e9voles font partie d&rsquo;un collectif, ils sont accompagn\u00e9s et nous faisons face ensemble. C&rsquo;est la force de la Protection Civile.\u00a0\u00bb<br \/>\n<\/em>&#8211; <strong>Antonin<\/strong>, responsable de l&rsquo;antenne de Bagneux<\/p><\/blockquote>\n<p>[\/vc_column_text][vc_button button_color=\u00a0\u00bbaccent\u00a0\u00bb size=\u00a0\u00bbbtn-lg\u00a0\u00bb radius=\u00a0\u00bbbtn-square\u00a0\u00bb border_width=\u00a0\u00bb0&Prime; link=\u00a0\u00bburl:https%3A%2F%2Fwww.jeveuxaider.gouv.fr%2Fmissions-benevolat%3Ftags%3DF%25C3%25A9vrier%2Bpour%2Bprot%25C3%25A9ger%26type%3DMission%2Ben%2Bpr%25C3%25A9sentiel%26activities.name%3DSecourisme%2Bet%2Bs%25C3%25A9curit%25C3%25A9%2Bcivile%26utm_source%3D%26utm_medium%3D%26utm_campaign%3D|title:F%C3%A9vrier%20pour%20prot%C3%A9ger|target:_blank\u00a0\u00bb button_color_type=\u00a0\u00bbuncode-palette\u00a0\u00bb uncode_shortcode_id=\u00a0\u00bb244046&Prime;]D\u00e9couvrir les missions de secourisme[\/vc_button][vc_empty_space][vc_custom_heading heading_semantic=\u00a0\u00bbh3&Prime; text_size=\u00a0\u00bbh4&Prime; uncode_shortcode_id=\u00a0\u00bb299143&Prime;]<strong>Gestion de crise<\/strong>[\/vc_custom_heading][vc_single_image media=\u00a0\u00bb137098&Prime; media_width_percent=\u00a0\u00bb100&Prime; uncode_shortcode_id=\u00a0\u00bb702225&Prime;][vc_column_text text_lead=\u00a0\u00bbyes\u00a0\u00bb uncode_shortcode_id=\u00a0\u00bb525751&Prime; el_class=\u00a0\u00bbliste\u00a0\u00bb]Ces missions s\u2019adressent \u00e0 celles et ceux qui souhaitent agir <strong>lorsque l\u2019urgence frappe<\/strong>. Accueil des sinistr\u00e9s, \u00e9vacuation, protection des biens, soutien psychologique, aide administrative, r\u00e9paration de logements ou distribution de dons\u00a0: ces missions mobilisent des b\u00e9n\u00e9voles l\u00e0 o\u00f9 la <strong>solidarit\u00e9<\/strong> fait une r\u00e9elle diff\u00e9rence.[\/vc_column_text][vc_button button_color=\u00a0\u00bbaccent\u00a0\u00bb size=\u00a0\u00bbbtn-lg\u00a0\u00bb radius=\u00a0\u00bbbtn-square\u00a0\u00bb border_width=\u00a0\u00bb0&Prime; link=\u00a0\u00bburl:https%3A%2F%2Fwww.jeveuxaider.gouv.fr%2Fmissions-benevolat%3Fsearch%3Dcrise%26tags%3DF%25C3%25A9vrier%2Bpour%2Bprot%25C3%25A9ger%26utm_source%3D%26utm_medium%3D%26utm_campaign%3D|title:F%C3%A9vrier%20pour%20prot%C3%A9ger|target:_blank\u00a0\u00bb button_color_type=\u00a0\u00bbuncode-palette\u00a0\u00bb uncode_shortcode_id=\u00a0\u00bb111687&Prime;]D\u00e9couvrir les missions de gestion de crise[\/vc_button][vc_empty_space][vc_custom_heading heading_semantic=\u00a0\u00bbh3&Prime; text_size=\u00a0\u00bbh4&Prime; uncode_shortcode_id=\u00a0\u00bb168920&Prime;]<strong>Pr\u00e9vention des risques et de sant\u00e9<\/strong>[\/vc_custom_heading][vc_single_image media=\u00a0\u00bb137099&Prime; media_width_percent=\u00a0\u00bb100&Prime; uncode_shortcode_id=\u00a0\u00bb818869&Prime;][vc_column_text text_lead=\u00a0\u00bbyes\u00a0\u00bb uncode_shortcode_id=\u00a0\u00bb126593&Prime; el_class=\u00a0\u00bbliste\u00a0\u00bb]Ces missions visent \u00e0 <strong>informer, sensibiliser et accompagner<\/strong> les publics sur des enjeux essentiels\u00a0: acc\u00e8s aux soins, pr\u00e9vention des addictions, s\u00e9curit\u00e9 routi\u00e8re, cyberpr\u00e9vention, don du sang ou distribution d\u2019\u00e9quipements de protection. Des actions <strong>concr\u00e8tes<\/strong>, utiles et profond\u00e9ment citoyennes, qui permettent de prendre soin au quotidien.<\/p>\n<blockquote><p>\u00ab\u2009J\u2019ai commenc\u00e9 pendant mes \u00e9tudes de m\u00e9decine par de l\u2019alphab\u00e9tisation. Puis par des soins aux sans-abris. Devenu m\u00e9decin j\u2019ai soign\u00e9 des r\u00e9fugi\u00e9s politiques ayant \u00e9t\u00e9 victimes de tortures. Puis l\u2019association le cha\u00eenon manquant \u00e0 ma retraite.<br \/>\nLe b\u00e9n\u00e9volat a toujours \u00e9t\u00e9 naturel pour moi, ayant pass\u00e9 ma vie professionnelle \u00e0 prendre soin des autres. J\u2019y ai rencontr\u00e9 des personnes autres que dans mon entourage. J\u2019ai re\u00e7u ce que je pouvais donner\u2009\u00bb<br \/>\n&#8211; <strong>Philippe<\/strong>, b\u00e9n\u00e9vole au Cha\u00eenon Manquant<\/p><\/blockquote>\n<p>[\/vc_column_text][vc_button button_color=\u00a0\u00bbaccent\u00a0\u00bb size=\u00a0\u00bbbtn-lg\u00a0\u00bb radius=\u00a0\u00bbbtn-square\u00a0\u00bb border_width=\u00a0\u00bb0&Prime; link=\u00a0\u00bburl:https%3A%2F%2Fwww.jeveuxaider.gouv.fr%2Fmissions-benevolat%3Ftags%3DF%25C3%25A9vrier%2Bpour%2Bprot%25C3%25A9ger%26type%3DMission%2Ben%2Bpr%25C3%25A9sentiel%26domaines%3DSant%25C3%25A9%2Bpour%2Btous%26utm_source%3D%26utm_medium%3D%26utm_campaign%3D|title:F%C3%A9vrier%20pour%20prot%C3%A9ger|target:_blank\u00a0\u00bb button_color_type=\u00a0\u00bbuncode-palette\u00a0\u00bb uncode_shortcode_id=\u00a0\u00bb192002&Prime;]D\u00e9couvrir les missions de pr\u00e9vention et de sant\u00e9[\/vc_button][vc_empty_space][vc_custom_heading heading_semantic=\u00a0\u00bbh3&Prime; text_size=\u00a0\u00bbh4&Prime; uncode_shortcode_id=\u00a0\u00bb235552&Prime;]Enfin, <strong>sauvetage d\u2019animaux et de protection de la nature<\/strong>[\/vc_custom_heading][vc_single_image media=\u00a0\u00bb137104&Prime; media_width_percent=\u00a0\u00bb100&Prime; uncode_shortcode_id=\u00a0\u00bb108064&Prime;][vc_column_text text_lead=\u00a0\u00bbyes\u00a0\u00bb uncode_shortcode_id=\u00a0\u00bb704150&Prime; el_class=\u00a0\u00bbliste\u00a0\u00bb]Ces missions rappellent que, lors des crises, le monde animal et v\u00e9g\u00e9tal a lui aussi besoin d\u2019aide. Appui aux refuges, soins aux animaux, \u00e9vacuation, reforestation ou sensibilisation aux risques d\u2019incendie\u00a0: du b\u00e9n\u00e9volat qui permet de prendre soin du vivant dans toutes ses formes.[\/vc_column_text][vc_button button_color=\u00a0\u00bbaccent\u00a0\u00bb size=\u00a0\u00bbbtn-lg\u00a0\u00bb radius=\u00a0\u00bbbtn-square\u00a0\u00bb border_width=\u00a0\u00bb0&Prime; link=\u00a0\u00bburl:https%3A%2F%2Fwww.jeveuxaider.gouv.fr%2Fmissions-benevolat%3Ftags%3DF%25C3%25A9vrier%2Bpour%2Bprot%25C3%25A9ger%26type%3DMission%2Ben%2Bpr%25C3%25A9sentiel%26domaines%3DSant%25C3%25A9%2Bpour%2Btous%26utm_source%3D%26utm_medium%3D%26utm_campaign%3D|title:F%C3%A9vrier%20pour%20prot%C3%A9ger|target:_blank\u00a0\u00bb button_color_type=\u00a0\u00bbuncode-palette\u00a0\u00bb uncode_shortcode_id=\u00a0\u00bb132838&Prime;]D\u00e9couvrir les missions de protection du vivant[\/vc_button][vc_empty_space][vc_separator sep_color=\u00a0\u00bb\u00a0\u00bb uncode_shortcode_id=\u00a0\u00bb589398&Prime;][vc_custom_heading heading_semantic=\u00a0\u00bbh3&Prime; text_size=\u00a0\u00bbh4&Prime; uncode_shortcode_id=\u00a0\u00bb194335&Prime;]<strong>Parler de la campagne autour de soi c\u2019est aussi agir\u2009!<\/strong>[\/vc_custom_heading][vc_column_text text_lead=\u00a0\u00bbyes\u00a0\u00bb uncode_shortcode_id=\u00a0\u00bb853359&Prime; el_class=\u00a0\u00bbliste\u00a0\u00bb]Tout repose sur notre engagement collectif et la participation de milliers de citoyens. Nous vous proposons de r\u00e9aliser ces mini-actions pour faire conna\u00eetre F\u00e9vrier pour prot\u00e9ger autour de vous. <strong>C\u2019est un moyen simple et rapide d\u2019augmenter notre impact.<\/strong>[\/vc_column_text][vc_button button_color=\u00a0\u00bbaccent\u00a0\u00bb size=\u00a0\u00bbbtn-lg\u00a0\u00bb radius=\u00a0\u00bbbtn-square\u00a0\u00bb border_width=\u00a0\u00bb0&Prime; link=\u00a0\u00bburl:https%3A%2F%2Fjeveuxaider.notion.site%2FKit-de-communication-2026-I-F-vrier-pour-prot-ger-2c672a322d5080379acde829759da94c%3Fpvs%3D74|title:F%C3%A9vrier%20pour%20prot%C3%A9ger%20-%20kit%20de%20communication|target:_blank\u00a0\u00bb button_color_type=\u00a0\u00bbuncode-palette\u00a0\u00bb uncode_shortcode_id=\u00a0\u00bb185161&Prime;]Je fais passer le mot ![\/vc_button][vc_custom_heading heading_semantic=\u00a0\u00bbh3&Prime; text_size=\u00a0\u00bbh4&Prime; uncode_shortcode_id=\u00a0\u00bb160972&Prime;]<strong>Merci pour votre soutien et votre engagement.<\/strong>[\/vc_custom_heading][vc_single_image media=\u00a0\u00bb137107&Prime; media_width_percent=\u00a0\u00bb100&Prime; uncode_shortcode_id=\u00a0\u00bb435346&Prime;][vc_column_text text_lead=\u00a0\u00bbyes\u00a0\u00bb uncode_shortcode_id=\u00a0\u00bb103202&Prime; el_class=\u00a0\u00bbliste\u00a0\u00bb]<\/p>\n<p style=\"text-align: left;\">Les missions propos\u00e9es sur <strong><a href=\"http:\/\/JeVeuxAider.gouv.fr\">JeVeuxAider.gouv.fr<\/a><\/strong> ne s\u2019arr\u00eatent pas au seul mois de f\u00e9vrier. <strong>Tout au long de l\u2019ann\u00e9e<\/strong>, des dizaines de milliers de b\u00e9n\u00e9voles s\u2019engagent au quotidien pour pr\u00e9venir, prot\u00e9ger et prendre soin, aux c\u00f4t\u00e9s des associations et organisations d\u2019int\u00e9r\u00eat g\u00e9n\u00e9ral mobilis\u00e9es sur ces enjeux.<\/p>\n<p style=\"text-align: left;\">Aujourd\u2019hui, ce sont des milliers de structures pr\u00e9sentes sur la plateforme qui agissent chaque jour pour <strong>renforcer<\/strong> les solidarit\u00e9s, <strong>accompagner<\/strong> les personnes vuln\u00e9rables, <strong>former<\/strong> aux gestes qui sauvent et mieux <strong>faire face<\/strong> aux situations d\u2019urgence. Vous pouvez, vous aussi, donner un peu de votre temps pour <strong>prot\u00e9ger<\/strong> ce qui compte, \u00e0 votre rythme et selon vos envies.<\/p>\n<p style=\"text-align: left;\">N\u2019h\u00e9sitez pas \u00e0 parcourir l\u2019ensemble des missions de b\u00e9n\u00e9volat disponibles sur <a href=\"http:\/\/JeVeuxAider.gouv.fr\">JeVeuxAider.gouv.fr<\/a> et \u00e0 prolonger votre engagement bien au-del\u00e0 de cette campagne.<\/p>\n<p style=\"text-align: left;\">On vous laisse avec les mots de <strong>Rouag\u00a0<\/strong>:<\/p>\n<blockquote><p>\u00ab\u2009Je suis devenue \u201cl\u2019ange gardien\u201d de plusieurs dames \u00e2g\u00e9es dans mon voisinage. Ma simple pr\u00e9sence, une \u00e9coute attentive et un soutien spontan\u00e9 suffisent souvent \u00e0 leur apporter r\u00e9confort et s\u00e9curit\u00e9. C\u2019est dans ces moments d\u2019authenticit\u00e9 et de proximit\u00e9 que je trouve le plus grand sens \u00e0 mon engagement.\u2009\u00bb<\/p><\/blockquote>\n<p style=\"text-align: left;\"><strong>\u00c0 c\u0153ur vaillant rien d\u2019impossible <\/strong><strong>\u2764\ufe0f\u200d\ud83e\ude79<\/strong><\/p>\n<p>[\/vc_column_text][\/vc_column][\/vc_row]<\/p>\n<\/div>","protected":false},"excerpt":{"rendered":"<p>En f\u00e9vrier, le mois de l\u2019amour, JeVeuxAider.gouv.fr choisit de mettre en lumi\u00e8re les missions qui prot\u00e8gent ceux qu\u2019on aime. Aux c\u00f4t\u00e9s d\u2019organisations telles que la Protection Civile, la Croix-Rouge fran\u00e7aise, l\u2019Association Nationale des Premiers Secours ou l\u2019Association Pr\u00e9vention Routi\u00e8re, la plateforme publique du b\u00e9n\u00e9volat invitera \u00e0 prendre soin des autres lorsqu\u2019une crise, un accident ou la maladie surgit. Cette nouvelle campagne nationale de mobilisation baptis\u00e9e F\u00e9vrier pour prot\u00e9ger se d\u00e9die pendant la premi\u00e8re quinzaine de f\u00e9vrier \u00e0 la pr\u00e9vention, \u00e0 la s\u00e9curit\u00e9 et \u00e0 la sant\u00e9, et rappelle que l\u2019engagement b\u00e9n\u00e9vole joue un r\u00f4le essentiel bien avant que l\u2019urgence ne survienne et encore longtemps apr\u00e8s.<\/p>\n","protected":false},"author":5,"featured_media":137101,"comment_status":"open","ping_status":"open","sticky":false,"template":"","format":"standard","meta":{"footnotes":""},"categories":[2],"tags":[],"class_list":["post-137051","post","type-post","status-publish","format-standard","has-post-thumbnail","hentry","category-actualite"],"yoast_head":"<!-- This site is optimized with the Yoast SEO plugin v27.2 - https:\/\/yoast.com\/product\/yoast-seo-wordpress\/ -->\n<title>F\u00e9vrier pour prot\u00e9ger : une nouvelle campagne nationale pour la pr\u00e9vention, le secourisme et la sant\u00e9 - Blog B\u00e9n\u00e9volat<\/title>\n<meta name=\"description\" content=\"Toutes les actualit\u00e9s du b\u00e9n\u00e9volat sur le blog de JeVeuxAider.gouv.fr\" \/>\n<meta name=\"robots\" content=\"index, follow, max-snippet:-1, max-image-preview:large, max-video-preview:-1\" \/>\n<link rel=\"canonical\" href=\"https:\/\/www.jeveuxaider.gouv.fr\/engagement\/actualite\/fevrier-pour-proteger-une-nouvelle-campagne-nationale-pour-la-prevention-le-secourisme-et-la-sante\/\" \/>\n<meta property=\"og:locale\" content=\"fr_FR\" \/>\n<meta property=\"og:type\" content=\"article\" \/>\n<meta property=\"og:title\" content=\"F\u00e9vrier pour prot\u00e9ger : une nouvelle campagne nationale pour la pr\u00e9vention, le secourisme et la sant\u00e9 - Blog B\u00e9n\u00e9volat\" \/>\n<meta property=\"og:description\" content=\"Toutes les actualit\u00e9s du b\u00e9n\u00e9volat sur le blog de JeVeuxAider.gouv.fr\" \/>\n<meta property=\"og:url\" content=\"https:\/\/www.jeveuxaider.gouv.fr\/engagement\/actualite\/fevrier-pour-proteger-une-nouvelle-campagne-nationale-pour-la-prevention-le-secourisme-et-la-sante\/\" \/>\n<meta property=\"og:site_name\" content=\"JeVeuxAider.gouv.fr | Le Blog de l&#039;Engagement\" \/>\n<meta property=\"article:published_time\" content=\"2026-01-27T10:39:03+00:00\" \/>\n<meta property=\"article:modified_time\" content=\"2026-01-30T13:59:58+00:00\" \/>\n<meta property=\"og:image\" content=\"https:\/\/jeveuxaider-wp.s3.eu-west-3.amazonaws.com\/uploads\/2026\/01\/FevrierPourProteger2026-Thumbail.jpg\" \/>\n\t<meta property=\"og:image:width\" content=\"954\" \/>\n\t<meta property=\"og:image:height\" content=\"954\" \/>\n\t<meta property=\"og:image:type\" content=\"image\/jpeg\" \/>\n<meta name=\"author\" content=\"Laura Verges\" \/>\n<meta name=\"twitter:card\" content=\"summary_large_image\" \/>\n<meta name=\"twitter:label1\" content=\"Written by\" \/>\n\t<meta name=\"twitter:data1\" content=\"Laura Verges\" \/>\n\t<meta name=\"twitter:label2\" content=\"Est. reading time\" \/>\n\t<meta name=\"twitter:data2\" content=\"6 minutes\" \/>\n<script type=\"application\/ld+json\" class=\"yoast-schema-graph\">{\"@context\":\"https:\/\/schema.org\",\"@graph\":[{\"@type\":\"Article\",\"@id\":\"https:\/\/www.jeveuxaider.gouv.fr\/engagement\/actualite\/fevrier-pour-proteger-une-nouvelle-campagne-nationale-pour-la-prevention-le-secourisme-et-la-sante\/#article\",\"isPartOf\":{\"@id\":\"https:\/\/www.jeveuxaider.gouv.fr\/engagement\/actualite\/fevrier-pour-proteger-une-nouvelle-campagne-nationale-pour-la-prevention-le-secourisme-et-la-sante\/\"},\"author\":{\"name\":\"Laura Verges\",\"@id\":\"https:\/\/prod-jeveuxaider-wordpress.osc-secnum-fr1.scalingo.io\/#\/schema\/person\/f7773644d7a6aa118b55d68712f25353\"},\"headline\":\"F\u00e9vrier pour prot\u00e9ger : une nouvelle campagne nationale pour la pr\u00e9vention, le secourisme et la sant\u00e9\",\"datePublished\":\"2026-01-27T10:39:03+00:00\",\"dateModified\":\"2026-01-30T13:59:58+00:00\",\"mainEntityOfPage\":{\"@id\":\"https:\/\/www.jeveuxaider.gouv.fr\/engagement\/actualite\/fevrier-pour-proteger-une-nouvelle-campagne-nationale-pour-la-prevention-le-secourisme-et-la-sante\/\"},\"wordCount\":1999,\"commentCount\":0,\"image\":{\"@id\":\"https:\/\/www.jeveuxaider.gouv.fr\/engagement\/actualite\/fevrier-pour-proteger-une-nouvelle-campagne-nationale-pour-la-prevention-le-secourisme-et-la-sante\/#primaryimage\"},\"thumbnailUrl\":\"https:\/\/jeveuxaider-wp.s3.eu-west-3.amazonaws.com\/uploads\/2026\/01\/FevrierPourProteger2026-Thumbail.jpg\",\"articleSection\":[\"Actualit\u00e9s\"],\"inLanguage\":\"fr-FR\",\"potentialAction\":[{\"@type\":\"CommentAction\",\"name\":\"Comment\",\"target\":[\"https:\/\/www.jeveuxaider.gouv.fr\/engagement\/actualite\/fevrier-pour-proteger-une-nouvelle-campagne-nationale-pour-la-prevention-le-secourisme-et-la-sante\/#respond\"]}]},{\"@type\":\"WebPage\",\"@id\":\"https:\/\/www.jeveuxaider.gouv.fr\/engagement\/actualite\/fevrier-pour-proteger-une-nouvelle-campagne-nationale-pour-la-prevention-le-secourisme-et-la-sante\/\",\"url\":\"https:\/\/www.jeveuxaider.gouv.fr\/engagement\/actualite\/fevrier-pour-proteger-une-nouvelle-campagne-nationale-pour-la-prevention-le-secourisme-et-la-sante\/\",\"name\":\"F\u00e9vrier pour prot\u00e9ger : une nouvelle campagne nationale pour la pr\u00e9vention, le secourisme et la sant\u00e9 - Blog B\u00e9n\u00e9volat\",\"isPartOf\":{\"@id\":\"https:\/\/prod-jeveuxaider-wordpress.osc-secnum-fr1.scalingo.io\/#website\"},\"primaryImageOfPage\":{\"@id\":\"https:\/\/www.jeveuxaider.gouv.fr\/engagement\/actualite\/fevrier-pour-proteger-une-nouvelle-campagne-nationale-pour-la-prevention-le-secourisme-et-la-sante\/#primaryimage\"},\"image\":{\"@id\":\"https:\/\/www.jeveuxaider.gouv.fr\/engagement\/actualite\/fevrier-pour-proteger-une-nouvelle-campagne-nationale-pour-la-prevention-le-secourisme-et-la-sante\/#primaryimage\"},\"thumbnailUrl\":\"https:\/\/jeveuxaider-wp.s3.eu-west-3.amazonaws.com\/uploads\/2026\/01\/FevrierPourProteger2026-Thumbail.jpg\",\"datePublished\":\"2026-01-27T10:39:03+00:00\",\"dateModified\":\"2026-01-30T13:59:58+00:00\",\"author\":{\"@id\":\"https:\/\/prod-jeveuxaider-wordpress.osc-secnum-fr1.scalingo.io\/#\/schema\/person\/f7773644d7a6aa118b55d68712f25353\"},\"description\":\"Toutes les actualit\u00e9s du b\u00e9n\u00e9volat sur le blog de JeVeuxAider.gouv.fr\",\"breadcrumb\":{\"@id\":\"https:\/\/www.jeveuxaider.gouv.fr\/engagement\/actualite\/fevrier-pour-proteger-une-nouvelle-campagne-nationale-pour-la-prevention-le-secourisme-et-la-sante\/#breadcrumb\"},\"inLanguage\":\"fr-FR\",\"potentialAction\":[{\"@type\":\"ReadAction\",\"target\":[\"https:\/\/www.jeveuxaider.gouv.fr\/engagement\/actualite\/fevrier-pour-proteger-une-nouvelle-campagne-nationale-pour-la-prevention-le-secourisme-et-la-sante\/\"]}]},{\"@type\":\"ImageObject\",\"inLanguage\":\"fr-FR\",\"@id\":\"https:\/\/www.jeveuxaider.gouv.fr\/engagement\/actualite\/fevrier-pour-proteger-une-nouvelle-campagne-nationale-pour-la-prevention-le-secourisme-et-la-sante\/#primaryimage\",\"url\":\"https:\/\/jeveuxaider-wp.s3.eu-west-3.amazonaws.com\/uploads\/2026\/01\/FevrierPourProteger2026-Thumbail.jpg\",\"contentUrl\":\"https:\/\/jeveuxaider-wp.s3.eu-west-3.amazonaws.com\/uploads\/2026\/01\/FevrierPourProteger2026-Thumbail.jpg\",\"width\":954,\"height\":954},{\"@type\":\"BreadcrumbList\",\"@id\":\"https:\/\/www.jeveuxaider.gouv.fr\/engagement\/actualite\/fevrier-pour-proteger-une-nouvelle-campagne-nationale-pour-la-prevention-le-secourisme-et-la-sante\/#breadcrumb\",\"itemListElement\":[{\"@type\":\"ListItem\",\"position\":1,\"name\":\"Accueil\",\"item\":\"https:\/\/www.jeveuxaider.gouv.fr\/engagement\/\"},{\"@type\":\"ListItem\",\"position\":2,\"name\":\"F\u00e9vrier pour prot\u00e9ger : une nouvelle campagne nationale pour la pr\u00e9vention, le secourisme et la sant\u00e9\"}]},{\"@type\":\"WebSite\",\"@id\":\"https:\/\/prod-jeveuxaider-wordpress.osc-secnum-fr1.scalingo.io\/#website\",\"url\":\"https:\/\/prod-jeveuxaider-wordpress.osc-secnum-fr1.scalingo.io\/\",\"name\":\"JeVeuxAider.gouv.fr | Le Blog\",\"description\":\"Devenez b\u00e9n\u00e9vole et trouvez des missions en quelques clics\",\"alternateName\":\"JeVeuxAider.gouv.fr | Le Blog\",\"potentialAction\":[{\"@type\":\"SearchAction\",\"target\":{\"@type\":\"EntryPoint\",\"urlTemplate\":\"https:\/\/prod-jeveuxaider-wordpress.osc-secnum-fr1.scalingo.io\/?s={search_term_string}\"},\"query-input\":{\"@type\":\"PropertyValueSpecification\",\"valueRequired\":true,\"valueName\":\"search_term_string\"}}],\"inLanguage\":\"fr-FR\"},{\"@type\":\"Person\",\"@id\":\"https:\/\/prod-jeveuxaider-wordpress.osc-secnum-fr1.scalingo.io\/#\/schema\/person\/f7773644d7a6aa118b55d68712f25353\",\"name\":\"Laura Verges\",\"image\":{\"@type\":\"ImageObject\",\"inLanguage\":\"fr-FR\",\"@id\":\"https:\/\/secure.gravatar.com\/avatar\/a1c54863aced1be155ff54187cc143d992e0532a06e9153eb349d36a4daa69d3?s=96&d=mm&r=g\",\"url\":\"https:\/\/secure.gravatar.com\/avatar\/a1c54863aced1be155ff54187cc143d992e0532a06e9153eb349d36a4daa69d3?s=96&d=mm&r=g\",\"contentUrl\":\"https:\/\/secure.gravatar.com\/avatar\/a1c54863aced1be155ff54187cc143d992e0532a06e9153eb349d36a4daa69d3?s=96&d=mm&r=g\",\"caption\":\"Laura Verges\"}}]}<\/script>\n<!-- \/ Yoast SEO plugin. -->","yoast_head_json":{"title":"F\u00e9vrier pour prot\u00e9ger : une nouvelle campagne nationale pour la pr\u00e9vention, le secourisme et la sant\u00e9 - Blog B\u00e9n\u00e9volat","description":"Toutes les actualit\u00e9s du b\u00e9n\u00e9volat sur le blog de JeVeuxAider.gouv.fr","robots":{"index":"index","follow":"follow","max-snippet":"max-snippet:-1","max-image-preview":"max-image-preview:large","max-video-preview":"max-video-preview:-1"},"canonical":"https:\/\/www.jeveuxaider.gouv.fr\/engagement\/actualite\/fevrier-pour-proteger-une-nouvelle-campagne-nationale-pour-la-prevention-le-secourisme-et-la-sante\/","og_locale":"fr_FR","og_type":"article","og_title":"F\u00e9vrier pour prot\u00e9ger : une nouvelle campagne nationale pour la pr\u00e9vention, le secourisme et la sant\u00e9 - Blog B\u00e9n\u00e9volat","og_description":"Toutes les actualit\u00e9s du b\u00e9n\u00e9volat sur le blog de JeVeuxAider.gouv.fr","og_url":"https:\/\/www.jeveuxaider.gouv.fr\/engagement\/actualite\/fevrier-pour-proteger-une-nouvelle-campagne-nationale-pour-la-prevention-le-secourisme-et-la-sante\/","og_site_name":"JeVeuxAider.gouv.fr | Le Blog de l&#039;Engagement","article_published_time":"2026-01-27T10:39:03+00:00","article_modified_time":"2026-01-30T13:59:58+00:00","og_image":[{"width":954,"height":954,"url":"https:\/\/jeveuxaider-wp.s3.eu-west-3.amazonaws.com\/uploads\/2026\/01\/FevrierPourProteger2026-Thumbail.jpg","type":"image\/jpeg"}],"author":"Laura Verges","twitter_card":"summary_large_image","twitter_misc":{"Written by":"Laura Verges","Est. reading time":"6 minutes"},"schema":{"@context":"https:\/\/schema.org","@graph":[{"@type":"Article","@id":"https:\/\/www.jeveuxaider.gouv.fr\/engagement\/actualite\/fevrier-pour-proteger-une-nouvelle-campagne-nationale-pour-la-prevention-le-secourisme-et-la-sante\/#article","isPartOf":{"@id":"https:\/\/www.jeveuxaider.gouv.fr\/engagement\/actualite\/fevrier-pour-proteger-une-nouvelle-campagne-nationale-pour-la-prevention-le-secourisme-et-la-sante\/"},"author":{"name":"Laura Verges","@id":"https:\/\/prod-jeveuxaider-wordpress.osc-secnum-fr1.scalingo.io\/#\/schema\/person\/f7773644d7a6aa118b55d68712f25353"},"headline":"F\u00e9vrier pour prot\u00e9ger : une nouvelle campagne nationale pour la pr\u00e9vention, le secourisme et la sant\u00e9","datePublished":"2026-01-27T10:39:03+00:00","dateModified":"2026-01-30T13:59:58+00:00","mainEntityOfPage":{"@id":"https:\/\/www.jeveuxaider.gouv.fr\/engagement\/actualite\/fevrier-pour-proteger-une-nouvelle-campagne-nationale-pour-la-prevention-le-secourisme-et-la-sante\/"},"wordCount":1999,"commentCount":0,"image":{"@id":"https:\/\/www.jeveuxaider.gouv.fr\/engagement\/actualite\/fevrier-pour-proteger-une-nouvelle-campagne-nationale-pour-la-prevention-le-secourisme-et-la-sante\/#primaryimage"},"thumbnailUrl":"https:\/\/jeveuxaider-wp.s3.eu-west-3.amazonaws.com\/uploads\/2026\/01\/FevrierPourProteger2026-Thumbail.jpg","articleSection":["Actualit\u00e9s"],"inLanguage":"fr-FR","potentialAction":[{"@type":"CommentAction","name":"Comment","target":["https:\/\/www.jeveuxaider.gouv.fr\/engagement\/actualite\/fevrier-pour-proteger-une-nouvelle-campagne-nationale-pour-la-prevention-le-secourisme-et-la-sante\/#respond"]}]},{"@type":"WebPage","@id":"https:\/\/www.jeveuxaider.gouv.fr\/engagement\/actualite\/fevrier-pour-proteger-une-nouvelle-campagne-nationale-pour-la-prevention-le-secourisme-et-la-sante\/","url":"https:\/\/www.jeveuxaider.gouv.fr\/engagement\/actualite\/fevrier-pour-proteger-une-nouvelle-campagne-nationale-pour-la-prevention-le-secourisme-et-la-sante\/","name":"F\u00e9vrier pour prot\u00e9ger : une nouvelle campagne nationale pour la pr\u00e9vention, le secourisme et la sant\u00e9 - Blog B\u00e9n\u00e9volat","isPartOf":{"@id":"https:\/\/prod-jeveuxaider-wordpress.osc-secnum-fr1.scalingo.io\/#website"},"primaryImageOfPage":{"@id":"https:\/\/www.jeveuxaider.gouv.fr\/engagement\/actualite\/fevrier-pour-proteger-une-nouvelle-campagne-nationale-pour-la-prevention-le-secourisme-et-la-sante\/#primaryimage"},"image":{"@id":"https:\/\/www.jeveuxaider.gouv.fr\/engagement\/actualite\/fevrier-pour-proteger-une-nouvelle-campagne-nationale-pour-la-prevention-le-secourisme-et-la-sante\/#primaryimage"},"thumbnailUrl":"https:\/\/jeveuxaider-wp.s3.eu-west-3.amazonaws.com\/uploads\/2026\/01\/FevrierPourProteger2026-Thumbail.jpg","datePublished":"2026-01-27T10:39:03+00:00","dateModified":"2026-01-30T13:59:58+00:00","author":{"@id":"https:\/\/prod-jeveuxaider-wordpress.osc-secnum-fr1.scalingo.io\/#\/schema\/person\/f7773644d7a6aa118b55d68712f25353"},"description":"Toutes les actualit\u00e9s du b\u00e9n\u00e9volat sur le blog de JeVeuxAider.gouv.fr","breadcrumb":{"@id":"https:\/\/www.jeveuxaider.gouv.fr\/engagement\/actualite\/fevrier-pour-proteger-une-nouvelle-campagne-nationale-pour-la-prevention-le-secourisme-et-la-sante\/#breadcrumb"},"inLanguage":"fr-FR","potentialAction":[{"@type":"ReadAction","target":["https:\/\/www.jeveuxaider.gouv.fr\/engagement\/actualite\/fevrier-pour-proteger-une-nouvelle-campagne-nationale-pour-la-prevention-le-secourisme-et-la-sante\/"]}]},{"@type":"ImageObject","inLanguage":"fr-FR","@id":"https:\/\/www.jeveuxaider.gouv.fr\/engagement\/actualite\/fevrier-pour-proteger-une-nouvelle-campagne-nationale-pour-la-prevention-le-secourisme-et-la-sante\/#primaryimage","url":"https:\/\/jeveuxaider-wp.s3.eu-west-3.amazonaws.com\/uploads\/2026\/01\/FevrierPourProteger2026-Thumbail.jpg","contentUrl":"https:\/\/jeveuxaider-wp.s3.eu-west-3.amazonaws.com\/uploads\/2026\/01\/FevrierPourProteger2026-Thumbail.jpg","width":954,"height":954},{"@type":"BreadcrumbList","@id":"https:\/\/www.jeveuxaider.gouv.fr\/engagement\/actualite\/fevrier-pour-proteger-une-nouvelle-campagne-nationale-pour-la-prevention-le-secourisme-et-la-sante\/#breadcrumb","itemListElement":[{"@type":"ListItem","position":1,"name":"Accueil","item":"https:\/\/www.jeveuxaider.gouv.fr\/engagement\/"},{"@type":"ListItem","position":2,"name":"F\u00e9vrier pour prot\u00e9ger : une nouvelle campagne nationale pour la pr\u00e9vention, le secourisme et la sant\u00e9"}]},{"@type":"WebSite","@id":"https:\/\/prod-jeveuxaider-wordpress.osc-secnum-fr1.scalingo.io\/#website","url":"https:\/\/prod-jeveuxaider-wordpress.osc-secnum-fr1.scalingo.io\/","name":"JeVeuxAider.gouv.fr | Le Blog","description":"Devenez b\u00e9n\u00e9vole et trouvez des missions en quelques clics","alternateName":"JeVeuxAider.gouv.fr | Le Blog","potentialAction":[{"@type":"SearchAction","target":{"@type":"EntryPoint","urlTemplate":"https:\/\/prod-jeveuxaider-wordpress.osc-secnum-fr1.scalingo.io\/?s={search_term_string}"},"query-input":{"@type":"PropertyValueSpecification","valueRequired":true,"valueName":"search_term_string"}}],"inLanguage":"fr-FR"},{"@type":"Person","@id":"https:\/\/prod-jeveuxaider-wordpress.osc-secnum-fr1.scalingo.io\/#\/schema\/person\/f7773644d7a6aa118b55d68712f25353","name":"Laura Verges","image":{"@type":"ImageObject","inLanguage":"fr-FR","@id":"https:\/\/secure.gravatar.com\/avatar\/a1c54863aced1be155ff54187cc143d992e0532a06e9153eb349d36a4daa69d3?s=96&d=mm&r=g","url":"https:\/\/secure.gravatar.com\/avatar\/a1c54863aced1be155ff54187cc143d992e0532a06e9153eb349d36a4daa69d3?s=96&d=mm&r=g","contentUrl":"https:\/\/secure.gravatar.com\/avatar\/a1c54863aced1be155ff54187cc143d992e0532a06e9153eb349d36a4daa69d3?s=96&d=mm&r=g","caption":"Laura Verges"}}]}},"_links":{"self":[{"href":"https:\/\/www.jeveuxaider.gouv.fr\/engagement\/wp-json\/wp\/v2\/posts\/137051","targetHints":{"allow":["GET"]}}],"collection":[{"href":"https:\/\/www.jeveuxaider.gouv.fr\/engagement\/wp-json\/wp\/v2\/posts"}],"about":[{"href":"https:\/\/www.jeveuxaider.gouv.fr\/engagement\/wp-json\/wp\/v2\/types\/post"}],"author":[{"embeddable":true,"href":"https:\/\/www.jeveuxaider.gouv.fr\/engagement\/wp-json\/wp\/v2\/users\/5"}],"replies":[{"embeddable":true,"href":"https:\/\/www.jeveuxaider.gouv.fr\/engagement\/wp-json\/wp\/v2\/comments?post=137051"}],"version-history":[{"count":20,"href":"https:\/\/www.jeveuxaider.gouv.fr\/engagement\/wp-json\/wp\/v2\/posts\/137051\/revisions"}],"predecessor-version":[{"id":137148,"href":"https:\/\/www.jeveuxaider.gouv.fr\/engagement\/wp-json\/wp\/v2\/posts\/137051\/revisions\/137148"}],"wp:featuredmedia":[{"embeddable":true,"href":"https:\/\/www.jeveuxaider.gouv.fr\/engagement\/wp-json\/wp\/v2\/media\/137101"}],"wp:attachment":[{"href":"https:\/\/www.jeveuxaider.gouv.fr\/engagement\/wp-json\/wp\/v2\/media?parent=137051"}],"wp:term":[{"taxonomy":"category","embeddable":true,"href":"https:\/\/www.jeveuxaider.gouv.fr\/engagement\/wp-json\/wp\/v2\/categories?post=137051"},{"taxonomy":"post_tag","embeddable":true,"href":"https:\/\/www.jeveuxaider.gouv.fr\/engagement\/wp-json\/wp\/v2\/tags?post=137051"}],"curies":[{"name":"wp","href":"https:\/\/api.w.org\/{rel}","templated":true}]}}