{"id":134089,"date":"2024-10-01T06:34:18","date_gmt":"2024-10-01T06:34:18","guid":{"rendered":"https:\/\/www.jeveuxaider.gouv.fr\/engagement\/?p=134089"},"modified":"2025-06-04T08:03:01","modified_gmt":"2025-06-04T08:03:01","slug":"jeux-olympiques-et-paralympiques-les-volontaires-et-les-benevoles-racontent","status":"publish","type":"post","link":"https:\/\/www.jeveuxaider.gouv.fr\/engagement\/actualite\/jeux-olympiques-et-paralympiques-les-volontaires-et-les-benevoles-racontent\/","title":{"rendered":"Jeux Olympiques et Paralympiques : les volontaires et les b\u00e9n\u00e9voles racontent"},"content":{"rendered":"<div class=\"wpb-content-wrapper\"><p>[vc_row row_height_percent=\u00a0\u00bb0&Prime; override_padding=\u00a0\u00bbyes\u00a0\u00bb h_padding=\u00a0\u00bb2&Prime; top_padding=\u00a0\u00bb3&Prime; bottom_padding=\u00a0\u00bb2&Prime; overlay_alpha=\u00a0\u00bb100&Prime; gutter_size=\u00a0\u00bb3&Prime; column_width_percent=\u00a0\u00bb100&Prime; shift_y=\u00a0\u00bb0&Prime; z_index=\u00a0\u00bb0&Prime; row_height_use_pixel=\u00a0\u00bb\u00a0\u00bb uncode_shortcode_id=\u00a0\u00bb476799&Prime;][vc_column column_width_use_pixel=\u00a0\u00bbyes\u00a0\u00bb gutter_size=\u00a0\u00bb3&Prime; overlay_alpha=\u00a0\u00bb50&Prime; shift_x=\u00a0\u00bb0&Prime; shift_y=\u00a0\u00bb0&Prime; shift_y_down=\u00a0\u00bb0&Prime; z_index=\u00a0\u00bb0&Prime; medium_width=\u00a0\u00bb0&Prime; mobile_width=\u00a0\u00bb0&Prime; zoom_width=\u00a0\u00bb0&Prime; zoom_height=\u00a0\u00bb0&Prime; column_width_pixel=\u00a0\u00bb900&Prime; uncode_shortcode_id=\u00a0\u00bb132975&Prime;][vc_custom_heading uncode_shortcode_id=\u00a0\u00bb139412&Prime;]Portrait de b\u00e9n\u00e9voles : des jeunes et du sport<br \/>\n<!-- notionvc: 19736c17-6ad9-40b9-a8d5-5b3f97668bb3 -->[\/vc_custom_heading][vc_single_image media=\u00a0\u00bb134095&Prime; media_width_percent=\u00a0\u00bb100&Prime; uncode_shortcode_id=\u00a0\u00bb127341&Prime;][vc_column_text text_lead=\u00a0\u00bbyes\u00a0\u00bb uncode_shortcode_id=\u00a0\u00bb725776&Prime;]Partout en France, les associations sont essentielles pour le dynamisme du sport amateur, surtout dans les zones rurales. Elles constituent parfois l\u2019unique option permettant aux jeunes de pratiquer une activit\u00e9 sportive en dehors de l\u2019\u00e9cole.<\/p>\n<p>Le sport tr\u00f4ne \u00e0 la premi\u00e8re place des classements, en nombre de b\u00e9n\u00e9voles et d\u2019adh\u00e9rents avec 40 % des b\u00e9n\u00e9voles investis dans ce domaine (+10 points par rapport \u00e0 2023) et 42 % des b\u00e9n\u00e9voles r\u00e9guliers. <em>(Source : <a href=\"https:\/\/injep.fr\/wp-content\/uploads\/2024\/09\/Barometre-jeunesse-2024_Cahier1.pdf\">barom\u00e8tre DJEPVA \u201c\u00e9tat d\u2019esprit et engagement des jeunes en 2024<\/a>\u201d).<\/em><\/p>\n<p><strong>86 % des associations sportives ne comptent pas de salari\u00e9.<\/strong> L\u2019implication b\u00e9n\u00e9vole est une colonne vert\u00e9brale qui assure le bon fonctionnement des diff\u00e9rents clubs et des f\u00e9d\u00e9rations dans tout le pays.<\/p>\n<p>Les Jeux Olympiques et Paralympiques ont \u00e9t\u00e9 un excellent rappel de cet engagement : avec des b\u00e9n\u00e9voles pr\u00eats \u00e0 se mobiliser \u00e0 tous les niveaux, de la petite association de quartier, jusqu\u2019\u00e0 l\u2019organisation de l\u2019\u00e9v\u00e9nement mondial \u00e0 la capitale. Cela a aussi permis de rappeler que <a href=\"https:\/\/www.letudiant.fr\/lifestyle\/athletes-benevoles-porteurs-de-la-flamme-ces-etudiants-au-coeur-des-jo-de-paris-2024.html\">les vocations se fabriquent t\u00f4t<\/a>, vu le nombre <strong>d\u2019\u00e9tudiants ou de jeunes athl\u00e8tes<\/strong> qui ont particip\u00e9 aux jeux cette ann\u00e9e.<!-- notionvc: d3e8292b-73c6-4303-859b-9ff451cf961f -->[\/vc_column_text][vc_custom_heading uncode_shortcode_id=\u00a0\u00bb106928&Prime;]L&rsquo;engagement des b\u00e9n\u00e9voles : \u00e9l\u00e9ment cl\u00e9 des JOP 2024[\/vc_custom_heading][vc_single_image media=\u00a0\u00bb134110&Prime; media_width_percent=\u00a0\u00bb100&Prime; uncode_shortcode_id=\u00a0\u00bb174032&Prime;][vc_column_text text_lead=\u00a0\u00bbyes\u00a0\u00bb uncode_shortcode_id=\u00a0\u00bb141199&Prime;]Sans les b\u00e9n\u00e9voles, les Jeux Olympiques de 2024 n\u2019auraient tout simplement pas pu avoir lieu. En assurant l\u2019accueil des sportifs et des publics, <span class=\"discussion-id-eae48d71-b3f4-40cf-9f01-5bad403f7905 notion-enable-hover\" data-token-index=\"1\">la <\/span>pr\u00e9vention, la logistique et bien d\u2019autres r\u00f4les encore, les 45 000 volontaires des JOP qui se sont mobilis\u00e9s b\u00e9n\u00e9volement, ont permis de transformer cet \u00e9v\u00e9nement sportif en une exp\u00e9rience <strong>partag\u00e9e<\/strong>, <strong>f\u00e9d\u00e9ratrice et inclusive<\/strong>. <!-- notionvc: 78eeb93d-8dc0-4a90-996f-250ec65b773a --><\/p>\n<p><!-- notionvc: d7c1b676-a399-4e36-8c57-44f9527e402b -->[\/vc_column_text][vc_row_inner row_inner_height_percent=\u00a0\u00bb0&Prime; overlay_alpha=\u00a0\u00bb50&Prime; equal_height=\u00a0\u00bbyes\u00a0\u00bb gutter_size=\u00a0\u00bb3&Prime; shift_y=\u00a0\u00bb0&Prime; z_index=\u00a0\u00bb0&Prime; uncode_shortcode_id=\u00a0\u00bb258372&Prime; limit_content=\u00a0\u00bb\u00a0\u00bb][vc_column_inner column_width_percent=\u00a0\u00bb100&Prime; align_horizontal=\u00a0\u00bbalign_center\u00a0\u00bb gutter_size=\u00a0\u00bb2&Prime; overlay_alpha=\u00a0\u00bb50&Prime; shift_x=\u00a0\u00bb0&Prime; shift_y=\u00a0\u00bb0&Prime; shift_y_down=\u00a0\u00bb0&Prime; z_index=\u00a0\u00bb0&Prime; medium_width=\u00a0\u00bb0&Prime; mobile_width=\u00a0\u00bb0&Prime; width=\u00a0\u00bb2\/12&Prime; uncode_shortcode_id=\u00a0\u00bb110281&Prime;][vc_single_image media=\u00a0\u00bb133633&Prime; media_width_percent=\u00a0\u00bb100&Prime; media_ratio=\u00a0\u00bbone-one\u00a0\u00bb shape=\u00a0\u00bbimg-circle\u00a0\u00bb uncode_shortcode_id=\u00a0\u00bb273885&Prime;][\/vc_column_inner][vc_column_inner width=\u00a0\u00bb10\/12&Prime;][vc_column_text text_lead=\u00a0\u00bbyes\u00a0\u00bb uncode_shortcode_id=\u00a0\u00bb173855&Prime;]<\/p>\n<blockquote>\n<p><i><span style=\"font-weight: 400;\"><span class=\"notion-enable-hover\" data-token-index=\"0\">\u201cAlors moi je ne pensais pas du tout faire \u00e7a, je cherchais des missions sur JeVeuxAider.gouv.fr et l\u00e0 je suis tomb\u00e9e sur celle-ci. C\u2019\u00e9tait une r\u00e9serve exceptionnelle pour la s\u00e9curit\u00e9 des JOP 2024. Je me suis dit &lsquo;allez pourquoi pas !&rsquo; Je me suis form\u00e9e en secourisme dans ce cadre. Ce n&rsquo;\u00e9tait pas une petite affaire de passer le <\/span><span class=\"discussion-id-11172a32-2d50-8005-a621-001caa509f63 notion-enable-hover\" data-token-index=\"1\">PSE1<\/span><span class=\"notion-enable-hover\" data-token-index=\"2\">, que j\u2019ai valid\u00e9. C\u2019est un vrai engagement si on d\u00e9cide de faire la formation ! Ce n\u2019est pas du tout de l\u2019amateurisme, tout le monde prenait \u00e7a tr\u00e8s au s\u00e9rieux. et La Protection Civile nous a superbement encadr\u00e9s.\u201d<br \/>\n<\/span><!-- notionvc: 917cf26e-9a64-4f7d-abd9-1a90c62577f8 --><\/span><\/i><br \/>\n<b>Sylvie <\/b>&#8211; r\u00e9gion Parisienne, 60 ans, b\u00e9n\u00e9vole secouriste aux JOP 2024<!-- notionvc: 30e254d7-af5c-4a76-a208-a1e38d40d5e8 --><\/p>\n<\/blockquote>\n<p>[\/vc_column_text][\/vc_column_inner][\/vc_row_inner][vc_custom_heading uncode_shortcode_id=\u00a0\u00bb172090&Prime;]Nouvelles rencontres et liens interg\u00e9n\u00e9rationnels[\/vc_custom_heading][vc_single_image media=\u00a0\u00bb134092&Prime; media_width_percent=\u00a0\u00bb100&Prime; uncode_shortcode_id=\u00a0\u00bb755713&Prime;][vc_column_text text_lead=\u00a0\u00bbyes\u00a0\u00bb uncode_shortcode_id=\u00a0\u00bb193657&Prime;]L&rsquo;une des forces ind\u00e9niables des Jeux Olympiques et Paralympiques de Paris 2024 r\u00e9side dans les liens tiss\u00e9s entre les b\u00e9n\u00e9voles, les spectateurs, et les athl\u00e8tes, notamment \u00e0 travers des<strong> rencontres humaines<\/strong> marquantes. Nathalie, b\u00e9n\u00e9vole en charge du contr\u00f4le des accr\u00e9ditations pour l&#8217;embrasement de la flamme olympique \u00e0 Tarbes raconte :<\/p>\n<blockquote>\n<p><em>\u201cL\u2019ambiance \u00e9tait incroyable, il y avait une v\u00e9ritable communion entre g\u00e9n\u00e9rations\u201d<\/em>.<\/p>\n<\/blockquote>\n<p>Ces \u00e9v\u00e9nements ont offert un cadre unique o\u00f9 des personnes de toutes g\u00e9n\u00e9rations et origines sociales ont pu se c\u00f4toyer et collaborer dans un but commun. Le t\u00e9moignage de Sylvie illustre encore cet aspect :<\/p>\n<blockquote>\n<p><em>\u201cJ\u2019ai c\u00f4toy\u00e9 beaucoup de jeunes, et m\u00eame si je n\u2019allais pas faire une sortie avec eux le week-end, \u00eatre en contact avec la jeunesse, \u00e7a fait du bien ! Comme on dit : \u00eatre avec les jeunes, \u00e7a permet de rester jeune (rire).\u201d<\/em><\/p>\n<\/blockquote>\n<p>Emmanuel, b\u00e9n\u00e9vole pour l\u2019association Aremac, a particip\u00e9 \u00e0 la gestion des d\u00e9chets sur le village de la flamme Olympique place Bellecour (Lyon). Il travaille dans le sport comme coach sportif et a pu profit\u00e9 des jeux pour faire des rencontres et m\u00eame transmettre certains savoirs :<\/p>\n<blockquote>\n<p><em>\u201cJ\u2019ai pu montrer \u00e0 des personnes qui ne savaient pas jouer au basket comment faire, leur donner quelques conseils et transmettre mes connaissances.\u201d<\/em><\/p>\n<\/blockquote>\n<p>Le jeune ivoirien \u00e9tait curieux de voir comment se vivait le sport en Europe. Pour lui, le fait que des horizons diff\u00e9rents se rencontrent permet de <strong>transcender les barri\u00e8res g\u00e9n\u00e9rationnelles et culturelles<\/strong>, <em>\u201c\u00e7a va bien au-del\u00e0 de la seule dimension sportive\u201d<\/em>.<!-- notionvc: be20f0a6-7f0a-4575-b022-ff9992fdf970 -->[\/vc_column_text][\/vc_column][\/vc_row][vc_row row_height_percent=\u00a0\u00bb0&Prime; override_padding=\u00a0\u00bbyes\u00a0\u00bb h_padding=\u00a0\u00bb2&Prime; top_padding=\u00a0\u00bb0&Prime; bottom_padding=\u00a0\u00bb3&Prime; overlay_alpha=\u00a0\u00bb100&Prime; gutter_size=\u00a0\u00bb3&Prime; column_width_percent=\u00a0\u00bb100&Prime; shift_y=\u00a0\u00bb0&Prime; z_index=\u00a0\u00bb0&Prime; row_height_use_pixel=\u00a0\u00bb\u00a0\u00bb uncode_shortcode_id=\u00a0\u00bb200644&Prime;][vc_column column_width_use_pixel=\u00a0\u00bbyes\u00a0\u00bb gutter_size=\u00a0\u00bb3&Prime; overlay_alpha=\u00a0\u00bb50&Prime; shift_x=\u00a0\u00bb0&Prime; shift_y=\u00a0\u00bb0&Prime; shift_y_down=\u00a0\u00bb0&Prime; z_index=\u00a0\u00bb0&Prime; medium_width=\u00a0\u00bb0&Prime; mobile_width=\u00a0\u00bb0&Prime; zoom_width=\u00a0\u00bb0&Prime; zoom_height=\u00a0\u00bb0&Prime; column_width_pixel=\u00a0\u00bb900&Prime; uncode_shortcode_id=\u00a0\u00bb132975&Prime;][vc_custom_heading uncode_shortcode_id=\u00a0\u00bb583207&Prime;]Un h\u00e9ritage immat\u00e9riel durable[\/vc_custom_heading][vc_single_image media=\u00a0\u00bb134111&Prime; media_width_percent=\u00a0\u00bb100&Prime; uncode_shortcode_id=\u00a0\u00bb110203&Prime;][vc_column_text text_lead=\u00a0\u00bbyes\u00a0\u00bb uncode_shortcode_id=\u00a0\u00bb174906&Prime;]L\u2019h\u00e9ritage des Jeux ne se limite pas aux b\u00e2timents construits. Ils ont favoris\u00e9 la <strong>promotion de la diversit\u00e9, la parit\u00e9 femmes \/ hommes, l&rsquo;int\u00e9gration professionnelle des jeunes et des athl\u00e8tes&#8230;<\/strong> En formant les volontaires b\u00e9n\u00e9voles, les JOP ont \u00e9galement contribu\u00e9 \u00e0 d\u00e9velopper leurs comp\u00e9tences et leur employabilit\u00e9. Pour Nathalie, l\u2019exp\u00e9rience des Jeux a constitu\u00e9 un 1e pas et a permis de surmonter des barri\u00e8res mentales <em>\u201cC\u2019\u00e9tait ma premi\u00e8re fois comme b\u00e9n\u00e9vole, et j\u2019ai tellement appr\u00e9ci\u00e9 que je vais renouveler l\u2019exp\u00e9rience. Apr\u00e8s les Jeux, je participerai \u00e0 une marche pour soutenir une association de lutte contre le cancer du sein, et je vais m\u2019investir dans des causes locales\u201d.<\/em><\/p>\n<p>Par ailleurs, les Jeux Paralympiques, avec leurs <strong>4 350 athl\u00e8tes venant de 182 nations<\/strong>, ont \u00e9t\u00e9 une formidable vitrine de courage et de d\u00e9termination, tout en favorisant l\u2019inclusion des personnes en situation de handicap et en d\u00e9veloppant l\u2019accessibilit\u00e9 des infrastructures. Les b\u00e9n\u00e9voles ont jou\u00e9 un r\u00f4le cl\u00e9 dans l&rsquo;accompagnement des athl\u00e8tes, contribuant ainsi \u00e0 promouvoir les <strong>valeurs sportives et la coh\u00e9sion sociale<\/strong>, deux piliers essentiels de l\u2019h\u00e9ritage immat\u00e9riel des Jeux.<!-- notionvc: 636e0c5f-0d27-4a9f-bfb1-f2d88410086a -->[\/vc_column_text][vc_custom_heading uncode_shortcode_id=\u00a0\u00bb165184&Prime;]Remettre l\u2019humain au centre du <span class=\"discussion-id-6216a8fd-5ef0-4b80-b73c-030ff6ef5326 notion-enable-hover\" data-token-index=\"1\">village<\/span><!-- notionvc: 73826280-a7dd-4bf3-bc84-55340fc7f387 -->[\/vc_custom_heading][vc_single_image media=\u00a0\u00bb134112&Prime; media_width_percent=\u00a0\u00bb100&Prime; uncode_shortcode_id=\u00a0\u00bb770052&Prime;][vc_column_text text_lead=\u00a0\u00bbyes\u00a0\u00bb uncode_shortcode_id=\u00a0\u00bb546478&Prime;]<strong>Les b\u00e9n\u00e9voles ont montr\u00e9 un sens de l\u2019accueil et du vivre ensemble exemplaire<\/strong>. Emmanuel qui a entre autre apport\u00e9 son aide au recyclage des d\u00e9chets souligne : <em>\u201cJ\u2019ai \u00e9t\u00e9 bien accompagn\u00e9, ils avaient pr\u00e9vu la restauration, je me suis senti attendu et accueilli. Damien \u00e9tait tr\u00e8s sympa !\u201d<\/em> (Damien si vous nous lisez).<\/p>\n<p>Ce soin apport\u00e9 aux b\u00e9n\u00e9voles a non seulement permis d\u2019assurer le bon d\u00e9roul\u00e9 des missions, mais a \u00e9galement cr\u00e9\u00e9 le terrain d\u2019une atmosph\u00e8re de solidarit\u00e9 et de convivialit\u00e9. <strong>L\u2019humain est revenu au centre des interactions.<\/strong> Dans une soci\u00e9t\u00e9 souvent per\u00e7ue comme individualiste, marqu\u00e9e par la d\u00e9pendance aux \u00e9crans et un certain isolement social, l&rsquo;\u00e9v\u00e9nement des JOP 2024 a cr\u00e9\u00e9 un espace-temps o\u00f9 le dialogue et les \u00e9changes humains ont repris le dessus. Sylvie en t\u00e9moigne : \u201c<em>Le fait qu\u2019il y ait les b\u00e9n\u00e9voles partout, \u00e7a a chang\u00e9 compl\u00e8tement le visage de Paris et \u00e7a a humanis\u00e9 les JO. Tout le monde \u00e9tait l\u00e0 pour vous parler, vous indiquer votre chemin sur Google Maps. On a remis l\u2019\u00eatre humain au centre. Parler, \u00e9changer, c\u2019est tellement plus agr\u00e9able\u201d<\/em>. Et puis qu\u2019elle ambiance rappelle Nathalie : <em>\u201cIl y avait une v\u00e9ritable \u00e9nergie, une ambiance festive. J\u2019ai \u00e9t\u00e9 tr\u00e8s touch\u00e9e par l\u2019embrasement du chaudron. C\u2019\u00e9tait un moment incroyable. Tr\u00e8s fort. Tr\u00e8s puissant. Tout le monde voulait que ces Jeux soient une r\u00e9ussite\u201d.<\/em><!-- notionvc: 62891df8-60d2-4cb3-9d89-90a38a7ecfd9 -->[\/vc_column_text][vc_custom_heading uncode_shortcode_id=\u00a0\u00bb162822&Prime;]Redistribuer l\u2019\u00e9lan b\u00e9n\u00e9vole dans le tissu associatif[\/vc_custom_heading][vc_single_image media=\u00a0\u00bb134113&Prime; media_width_percent=\u00a0\u00bb100&Prime; uncode_shortcode_id=\u00a0\u00bb161083&Prime;][vc_column_text text_lead=\u00a0\u00bbyes\u00a0\u00bb uncode_shortcode_id=\u00a0\u00bb100641&Prime;]L\u2019un des grands d\u00e9fis qui se pose d\u00e9sormais est de poursuivre cette dynamique. Comment diffuser durablement l\u2019envie d\u2019agir de ces 45 000 Volontaires qui se sont mobilis\u00e9s b\u00e9n\u00e9volement ? Comment faire connaitre les autres th\u00e9matiques d\u2019engagement, qu&rsquo;il s&rsquo;agisse de mentorat, de collecte alimentaire ou de maraudes ?<\/p>\n<p>Pour Sylvie, il n\u2019y a pas l\u2019ombre d\u2019un doute : \u201c<em>Les JOP 2024 vont donner l\u2019impulsion. Il fallait les voir les volontaires. Ils avaient l\u2019air tellement contents ! Je pense que \u00e7a peut donner envie de s\u2019engager \u00e0 plein de gens\u201d<\/em>. Nous pouvons d\u00e9j\u00e0 observer que les Jeux de Paris 2024 ont \u00e9t\u00e9 un v\u00e9ritable <a href=\"https:\/\/www.ladepeche.fr\/2024\/09\/09\/cest-sur-ca-a-aide-pour-la-rentree-la-plupart-des-clubs-de-sport-auscitains-surfent-sur-la-vague-des-jo-12184578.php\">coup d\u2019acc\u00e9l\u00e9rateur<\/a> pour les clubs sportifs qui comptent <strong>+15% d\u2019adh\u00e9rents en cette rentr\u00e9e 2024.<\/strong><\/p>\n<p><a href=\"http:\/\/JeVeuxAider.gouv.fr\">JeVeuxAider.gouv.fr<\/a> soutient tout le b\u00e9n\u00e9volat au quotidien. Depuis nos yeux de plateforme de l\u2019engagement, nous observons \u00e9galement que le <strong>tissu associatif sportif a de plus en plus besoin de b\u00e9n\u00e9voles pour accompagner l&rsquo;activit\u00e9 des clubs.<\/strong><\/p>\n<p>Cet \u00e9lan doit \u00eatre entretenu et suivi des b\u00e9n\u00e9voles, en facilitant les passerelles entre l\u2019exp\u00e9rience acquise lors des Jeux et en communiquant sur les besoins des associations tout au long de l\u2019ann\u00e9e.<\/p>\n<p>La flamme olympique, qui a parcouru de nombreuses villes, ou la cr\u00e9ation du label <em>\u201cTerre de jeux\u201d<\/em> incarnent cet esprit de coop\u00e9ration et de passion partag\u00e9e. Les JOP 2024 et la puissance b\u00e9n\u00e9vole ont montr\u00e9 la voie d\u2019un futur plus solidaire et inclusif, d\u00e9montrant qu&rsquo;avec une organisation collective, anticip\u00e9e, r\u00e9unissant les pouvoirs publics comme les acteurs de terrain, la soci\u00e9t\u00e9 civile, des moyens adapt\u00e9s, il est possible de relever les d\u00e9fis les plus ambitieux.<\/p>\n<p>En tout cas comme Nathalie et Sylvie, Emmanuel sera de la partie : \u00ab Tant que j\u2019aurai la possibilit\u00e9 d\u2019apporter mon savoir et ma passion du sport, je le ferai. \u00bb<\/p>\n<p><strong>En piste !<\/strong><\/p>\n<p><!-- notionvc: 3ee5f78a-f71d-4d66-ba76-3bd2734804f3 -->[\/vc_column_text][\/vc_column][\/vc_row][vc_row row_height_percent=\u00a0\u00bb0&Prime; override_padding=\u00a0\u00bbyes\u00a0\u00bb h_padding=\u00a0\u00bb2&Prime; top_padding=\u00a0\u00bb0&Prime; bottom_padding=\u00a0\u00bb2&Prime; overlay_alpha=\u00a0\u00bb100&Prime; gutter_size=\u00a0\u00bb3&Prime; column_width_percent=\u00a0\u00bb100&Prime; shift_y=\u00a0\u00bb0&Prime; z_index=\u00a0\u00bb0&Prime; row_height_use_pixel=\u00a0\u00bb\u00a0\u00bb uncode_shortcode_id=\u00a0\u00bb991920&Prime;][vc_column column_width_use_pixel=\u00a0\u00bbyes\u00a0\u00bb gutter_size=\u00a0\u00bb3&Prime; overlay_alpha=\u00a0\u00bb50&Prime; shift_x=\u00a0\u00bb0&Prime; shift_y=\u00a0\u00bb0&Prime; shift_y_down=\u00a0\u00bb0&Prime; z_index=\u00a0\u00bb0&Prime; medium_width=\u00a0\u00bb0&Prime; mobile_width=\u00a0\u00bb0&Prime; zoom_width=\u00a0\u00bb0&Prime; zoom_height=\u00a0\u00bb0&Prime; column_width_pixel=\u00a0\u00bb900&Prime; uncode_shortcode_id=\u00a0\u00bb132975&Prime;][vc_separator sep_color=\u00a0\u00bb\u00a0\u00bb uncode_shortcode_id=\u00a0\u00bb140079&Prime;][vc_column_text text_lead=\u00a0\u00bbyes\u00a0\u00bb uncode_shortcode_id=\u00a0\u00bb152257&Prime;]Les missions sur la plateforme <a href=\"http:\/\/JeVeuxAider.gouv.fr\">JeVeuxAider.gouv.fr<\/a> ne s\u2019arr\u00eatent pas au seul domaine sportif. Tout au long de l\u2019ann\u00e9e, de nombreux b\u00e9n\u00e9voles s\u2019engagent au quotidien pour r\u00e9pondre aux besoins des organisations sur <a href=\"http:\/\/JeVeuxAider.gouv.fr\">JeVeuxAider.gouv.fr<\/a>. N\u2019h\u00e9sitez pas \u00e0 parcourir <a href=\"https:\/\/www.jeveuxaider.gouv.fr\/missions-benevolat?utm_source&amp;utm_medium&amp;utm_campaign\">l\u2019ensemble des missions de b\u00e9n\u00e9volat disponibles<\/a>.<\/p>\n<p><strong>Chaque initiative est un pas en avant pour plus d\u2019\u00e9galit\u00e9 !<\/strong><\/p>\n<p>Merci \u00e0 vous toutes et tous qui sinc\u00e8rement, voulez aider, accompagner, transmettre.[\/vc_column_text][\/vc_column][\/vc_row][vc_row row_height_percent=\u00a0\u00bb0&Prime; override_padding=\u00a0\u00bbyes\u00a0\u00bb h_padding=\u00a0\u00bb2&Prime; top_padding=\u00a0\u00bb0&Prime; bottom_padding=\u00a0\u00bb3&Prime; overlay_alpha=\u00a0\u00bb50&Prime; gutter_size=\u00a0\u00bb3&Prime; column_width_percent=\u00a0\u00bb100&Prime; shift_y=\u00a0\u00bb0&Prime; z_index=\u00a0\u00bb0&Prime; uncode_shortcode_id=\u00a0\u00bb951998&Prime;][vc_column column_width_percent=\u00a0\u00bb100&Prime; position_vertical=\u00a0\u00bbmiddle\u00a0\u00bb align_horizontal=\u00a0\u00bbalign_center\u00a0\u00bb gutter_size=\u00a0\u00bb3&Prime; overlay_alpha=\u00a0\u00bb50&Prime; shift_x=\u00a0\u00bb0&Prime; shift_y=\u00a0\u00bb0&Prime; shift_y_down=\u00a0\u00bb0&Prime; z_index=\u00a0\u00bb0&Prime; medium_width=\u00a0\u00bb0&Prime; mobile_width=\u00a0\u00bb0&Prime; width=\u00a0\u00bb1\/1&Prime; uncode_shortcode_id=\u00a0\u00bb159471&Prime;][vc_button button_color=\u00a0\u00bbaccent\u00a0\u00bb size=\u00a0\u00bbbtn-lg\u00a0\u00bb radius=\u00a0\u00bbbtn-square\u00a0\u00bb border_width=\u00a0\u00bb0&Prime; link=\u00a0\u00bburl:https%3A%2F%2Fwww.jeveuxaider.gouv.fr%2Fmissions-benevolat|title:Je%20veux%20aider|target:_blank\u00a0\u00bb button_color_type=\u00a0\u00bbuncode-palette\u00a0\u00bb uncode_shortcode_id=\u00a0\u00bb127251&Prime;]Je deviens b\u00e9n\u00e9vole[\/vc_button][\/vc_column][\/vc_row]<\/p>\n<\/div>","protected":false},"excerpt":{"rendered":"<p>45 000 volontaires ont contribu\u00e9 \u00e0 la r\u00e9ussite des jeux Olympiques et Paralympiques de Paris 2024 (JOP 2024). Ces hommes et ces femmes, issus de milieux vari\u00e9s, ont incarn\u00e9 l&rsquo;esprit olympique, rendant possible la bonne organisation de ce rendez-vous mondial. Ils ont assur\u00e9 des r\u00f4les essentiels allant de l&rsquo;accueil des spectateurs \u00e0 l&rsquo;accompagnement des athl\u00e8tes, en passant par des t\u00e2ches techniques et logistiques. Sur JeVeuxAider.gouv.fr aussi, plus de 1000 b\u00e9n\u00e9voles ont propos\u00e9 leur aide sur des missions compl\u00e9mentaires aux JOP 2024, y compris dans des petits clubs locaux. Face \u00e0 une telle mobilisation, nous pouvons nous demander quel sera l\u2019h\u00e9ritage laiss\u00e9 par ces jeux, en termes d\u2019engagement et de solidarit\u00e9 ? Cet article explore combien cette mobilisation b\u00e9n\u00e9vole sans pr\u00e9c\u00e9dent pourrait perdurer et b\u00e9n\u00e9ficier au tissu associatif dans son ensemble et dans tout le territoire&#8230;<\/p>\n","protected":false},"author":5,"featured_media":134108,"comment_status":"open","ping_status":"open","sticky":false,"template":"","format":"standard","meta":{"footnotes":""},"categories":[2],"tags":[],"class_list":["post-134089","post","type-post","status-publish","format-standard","has-post-thumbnail","hentry","category-actualite"],"yoast_head":"<!-- This site is optimized with the Yoast SEO plugin v27.2 - https:\/\/yoast.com\/product\/yoast-seo-wordpress\/ -->\n<title>Jeux Olympiques et Paralympiques : les volontaires et les b\u00e9n\u00e9voles racontent - Blog B\u00e9n\u00e9volat<\/title>\n<meta name=\"description\" content=\"Toutes les actualit\u00e9s du b\u00e9n\u00e9volat sur le blog de JeVeuxAider.gouv.fr\" \/>\n<meta name=\"robots\" content=\"index, follow, max-snippet:-1, max-image-preview:large, max-video-preview:-1\" \/>\n<link rel=\"canonical\" href=\"https:\/\/www.jeveuxaider.gouv.fr\/engagement\/actualite\/jeux-olympiques-et-paralympiques-les-volontaires-et-les-benevoles-racontent\/\" \/>\n<meta property=\"og:locale\" content=\"fr_FR\" \/>\n<meta property=\"og:type\" content=\"article\" \/>\n<meta property=\"og:title\" content=\"Jeux Olympiques et Paralympiques : les volontaires et les b\u00e9n\u00e9voles racontent - Blog B\u00e9n\u00e9volat\" \/>\n<meta property=\"og:description\" content=\"Toutes les actualit\u00e9s du b\u00e9n\u00e9volat sur le blog de JeVeuxAider.gouv.fr\" \/>\n<meta property=\"og:url\" content=\"https:\/\/www.jeveuxaider.gouv.fr\/engagement\/actualite\/jeux-olympiques-et-paralympiques-les-volontaires-et-les-benevoles-racontent\/\" \/>\n<meta property=\"og:site_name\" content=\"JeVeuxAider.gouv.fr | Le Blog de l&#039;Engagement\" \/>\n<meta property=\"article:published_time\" content=\"2024-10-01T06:34:18+00:00\" \/>\n<meta property=\"article:modified_time\" content=\"2025-06-04T08:03:01+00:00\" \/>\n<meta property=\"og:image\" content=\"https:\/\/jeveuxaider-wp.s3.eu-west-3.amazonaws.com\/uploads\/2024\/10\/lheritage-des-JO.jpg\" \/>\n\t<meta property=\"og:image:width\" content=\"954\" \/>\n\t<meta property=\"og:image:height\" content=\"954\" \/>\n\t<meta property=\"og:image:type\" content=\"image\/jpeg\" \/>\n<meta name=\"author\" content=\"Laura Verges\" \/>\n<meta name=\"twitter:card\" content=\"summary_large_image\" \/>\n<meta name=\"twitter:label1\" content=\"Written by\" \/>\n\t<meta name=\"twitter:data1\" content=\"Laura Verges\" \/>\n\t<meta name=\"twitter:label2\" content=\"Est. reading time\" \/>\n\t<meta name=\"twitter:data2\" content=\"8 minutes\" \/>\n<script type=\"application\/ld+json\" class=\"yoast-schema-graph\">{\"@context\":\"https:\/\/schema.org\",\"@graph\":[{\"@type\":\"Article\",\"@id\":\"https:\/\/www.jeveuxaider.gouv.fr\/engagement\/actualite\/jeux-olympiques-et-paralympiques-les-volontaires-et-les-benevoles-racontent\/#article\",\"isPartOf\":{\"@id\":\"https:\/\/www.jeveuxaider.gouv.fr\/engagement\/actualite\/jeux-olympiques-et-paralympiques-les-volontaires-et-les-benevoles-racontent\/\"},\"author\":{\"name\":\"Laura Verges\",\"@id\":\"https:\/\/prod-jeveuxaider-wordpress.osc-secnum-fr1.scalingo.io\/#\/schema\/person\/f7773644d7a6aa118b55d68712f25353\"},\"headline\":\"Jeux Olympiques et Paralympiques : les volontaires et les b\u00e9n\u00e9voles racontent\",\"datePublished\":\"2024-10-01T06:34:18+00:00\",\"dateModified\":\"2025-06-04T08:03:01+00:00\",\"mainEntityOfPage\":{\"@id\":\"https:\/\/www.jeveuxaider.gouv.fr\/engagement\/actualite\/jeux-olympiques-et-paralympiques-les-volontaires-et-les-benevoles-racontent\/\"},\"wordCount\":2212,\"commentCount\":0,\"image\":{\"@id\":\"https:\/\/www.jeveuxaider.gouv.fr\/engagement\/actualite\/jeux-olympiques-et-paralympiques-les-volontaires-et-les-benevoles-racontent\/#primaryimage\"},\"thumbnailUrl\":\"https:\/\/jeveuxaider-wp.s3.eu-west-3.amazonaws.com\/uploads\/2024\/10\/lheritage-des-JO.jpg\",\"articleSection\":[\"Actualit\u00e9s\"],\"inLanguage\":\"fr-FR\",\"potentialAction\":[{\"@type\":\"CommentAction\",\"name\":\"Comment\",\"target\":[\"https:\/\/www.jeveuxaider.gouv.fr\/engagement\/actualite\/jeux-olympiques-et-paralympiques-les-volontaires-et-les-benevoles-racontent\/#respond\"]}]},{\"@type\":\"WebPage\",\"@id\":\"https:\/\/www.jeveuxaider.gouv.fr\/engagement\/actualite\/jeux-olympiques-et-paralympiques-les-volontaires-et-les-benevoles-racontent\/\",\"url\":\"https:\/\/www.jeveuxaider.gouv.fr\/engagement\/actualite\/jeux-olympiques-et-paralympiques-les-volontaires-et-les-benevoles-racontent\/\",\"name\":\"Jeux Olympiques et Paralympiques : les volontaires et les b\u00e9n\u00e9voles racontent - Blog B\u00e9n\u00e9volat\",\"isPartOf\":{\"@id\":\"https:\/\/prod-jeveuxaider-wordpress.osc-secnum-fr1.scalingo.io\/#website\"},\"primaryImageOfPage\":{\"@id\":\"https:\/\/www.jeveuxaider.gouv.fr\/engagement\/actualite\/jeux-olympiques-et-paralympiques-les-volontaires-et-les-benevoles-racontent\/#primaryimage\"},\"image\":{\"@id\":\"https:\/\/www.jeveuxaider.gouv.fr\/engagement\/actualite\/jeux-olympiques-et-paralympiques-les-volontaires-et-les-benevoles-racontent\/#primaryimage\"},\"thumbnailUrl\":\"https:\/\/jeveuxaider-wp.s3.eu-west-3.amazonaws.com\/uploads\/2024\/10\/lheritage-des-JO.jpg\",\"datePublished\":\"2024-10-01T06:34:18+00:00\",\"dateModified\":\"2025-06-04T08:03:01+00:00\",\"author\":{\"@id\":\"https:\/\/prod-jeveuxaider-wordpress.osc-secnum-fr1.scalingo.io\/#\/schema\/person\/f7773644d7a6aa118b55d68712f25353\"},\"description\":\"Toutes les actualit\u00e9s du b\u00e9n\u00e9volat sur le blog de JeVeuxAider.gouv.fr\",\"breadcrumb\":{\"@id\":\"https:\/\/www.jeveuxaider.gouv.fr\/engagement\/actualite\/jeux-olympiques-et-paralympiques-les-volontaires-et-les-benevoles-racontent\/#breadcrumb\"},\"inLanguage\":\"fr-FR\",\"potentialAction\":[{\"@type\":\"ReadAction\",\"target\":[\"https:\/\/www.jeveuxaider.gouv.fr\/engagement\/actualite\/jeux-olympiques-et-paralympiques-les-volontaires-et-les-benevoles-racontent\/\"]}]},{\"@type\":\"ImageObject\",\"inLanguage\":\"fr-FR\",\"@id\":\"https:\/\/www.jeveuxaider.gouv.fr\/engagement\/actualite\/jeux-olympiques-et-paralympiques-les-volontaires-et-les-benevoles-racontent\/#primaryimage\",\"url\":\"https:\/\/jeveuxaider-wp.s3.eu-west-3.amazonaws.com\/uploads\/2024\/10\/lheritage-des-JO.jpg\",\"contentUrl\":\"https:\/\/jeveuxaider-wp.s3.eu-west-3.amazonaws.com\/uploads\/2024\/10\/lheritage-des-JO.jpg\",\"width\":954,\"height\":954},{\"@type\":\"BreadcrumbList\",\"@id\":\"https:\/\/www.jeveuxaider.gouv.fr\/engagement\/actualite\/jeux-olympiques-et-paralympiques-les-volontaires-et-les-benevoles-racontent\/#breadcrumb\",\"itemListElement\":[{\"@type\":\"ListItem\",\"position\":1,\"name\":\"Accueil\",\"item\":\"https:\/\/www.jeveuxaider.gouv.fr\/engagement\/\"},{\"@type\":\"ListItem\",\"position\":2,\"name\":\"Jeux Olympiques et Paralympiques : les volontaires et les b\u00e9n\u00e9voles racontent\"}]},{\"@type\":\"WebSite\",\"@id\":\"https:\/\/prod-jeveuxaider-wordpress.osc-secnum-fr1.scalingo.io\/#website\",\"url\":\"https:\/\/prod-jeveuxaider-wordpress.osc-secnum-fr1.scalingo.io\/\",\"name\":\"JeVeuxAider.gouv.fr | Le Blog\",\"description\":\"Devenez b\u00e9n\u00e9vole et trouvez des missions en quelques clics\",\"alternateName\":\"JeVeuxAider.gouv.fr | Le Blog\",\"potentialAction\":[{\"@type\":\"SearchAction\",\"target\":{\"@type\":\"EntryPoint\",\"urlTemplate\":\"https:\/\/prod-jeveuxaider-wordpress.osc-secnum-fr1.scalingo.io\/?s={search_term_string}\"},\"query-input\":{\"@type\":\"PropertyValueSpecification\",\"valueRequired\":true,\"valueName\":\"search_term_string\"}}],\"inLanguage\":\"fr-FR\"},{\"@type\":\"Person\",\"@id\":\"https:\/\/prod-jeveuxaider-wordpress.osc-secnum-fr1.scalingo.io\/#\/schema\/person\/f7773644d7a6aa118b55d68712f25353\",\"name\":\"Laura Verges\",\"image\":{\"@type\":\"ImageObject\",\"inLanguage\":\"fr-FR\",\"@id\":\"https:\/\/secure.gravatar.com\/avatar\/a1c54863aced1be155ff54187cc143d992e0532a06e9153eb349d36a4daa69d3?s=96&d=mm&r=g\",\"url\":\"https:\/\/secure.gravatar.com\/avatar\/a1c54863aced1be155ff54187cc143d992e0532a06e9153eb349d36a4daa69d3?s=96&d=mm&r=g\",\"contentUrl\":\"https:\/\/secure.gravatar.com\/avatar\/a1c54863aced1be155ff54187cc143d992e0532a06e9153eb349d36a4daa69d3?s=96&d=mm&r=g\",\"caption\":\"Laura Verges\"}}]}<\/script>\n<!-- \/ Yoast SEO plugin. -->","yoast_head_json":{"title":"Jeux Olympiques et Paralympiques : les volontaires et les b\u00e9n\u00e9voles racontent - Blog B\u00e9n\u00e9volat","description":"Toutes les actualit\u00e9s du b\u00e9n\u00e9volat sur le blog de JeVeuxAider.gouv.fr","robots":{"index":"index","follow":"follow","max-snippet":"max-snippet:-1","max-image-preview":"max-image-preview:large","max-video-preview":"max-video-preview:-1"},"canonical":"https:\/\/www.jeveuxaider.gouv.fr\/engagement\/actualite\/jeux-olympiques-et-paralympiques-les-volontaires-et-les-benevoles-racontent\/","og_locale":"fr_FR","og_type":"article","og_title":"Jeux Olympiques et Paralympiques : les volontaires et les b\u00e9n\u00e9voles racontent - Blog B\u00e9n\u00e9volat","og_description":"Toutes les actualit\u00e9s du b\u00e9n\u00e9volat sur le blog de JeVeuxAider.gouv.fr","og_url":"https:\/\/www.jeveuxaider.gouv.fr\/engagement\/actualite\/jeux-olympiques-et-paralympiques-les-volontaires-et-les-benevoles-racontent\/","og_site_name":"JeVeuxAider.gouv.fr | Le Blog de l&#039;Engagement","article_published_time":"2024-10-01T06:34:18+00:00","article_modified_time":"2025-06-04T08:03:01+00:00","og_image":[{"width":954,"height":954,"url":"https:\/\/jeveuxaider-wp.s3.eu-west-3.amazonaws.com\/uploads\/2024\/10\/lheritage-des-JO.jpg","type":"image\/jpeg"}],"author":"Laura Verges","twitter_card":"summary_large_image","twitter_misc":{"Written by":"Laura Verges","Est. reading time":"8 minutes"},"schema":{"@context":"https:\/\/schema.org","@graph":[{"@type":"Article","@id":"https:\/\/www.jeveuxaider.gouv.fr\/engagement\/actualite\/jeux-olympiques-et-paralympiques-les-volontaires-et-les-benevoles-racontent\/#article","isPartOf":{"@id":"https:\/\/www.jeveuxaider.gouv.fr\/engagement\/actualite\/jeux-olympiques-et-paralympiques-les-volontaires-et-les-benevoles-racontent\/"},"author":{"name":"Laura Verges","@id":"https:\/\/prod-jeveuxaider-wordpress.osc-secnum-fr1.scalingo.io\/#\/schema\/person\/f7773644d7a6aa118b55d68712f25353"},"headline":"Jeux Olympiques et Paralympiques : les volontaires et les b\u00e9n\u00e9voles racontent","datePublished":"2024-10-01T06:34:18+00:00","dateModified":"2025-06-04T08:03:01+00:00","mainEntityOfPage":{"@id":"https:\/\/www.jeveuxaider.gouv.fr\/engagement\/actualite\/jeux-olympiques-et-paralympiques-les-volontaires-et-les-benevoles-racontent\/"},"wordCount":2212,"commentCount":0,"image":{"@id":"https:\/\/www.jeveuxaider.gouv.fr\/engagement\/actualite\/jeux-olympiques-et-paralympiques-les-volontaires-et-les-benevoles-racontent\/#primaryimage"},"thumbnailUrl":"https:\/\/jeveuxaider-wp.s3.eu-west-3.amazonaws.com\/uploads\/2024\/10\/lheritage-des-JO.jpg","articleSection":["Actualit\u00e9s"],"inLanguage":"fr-FR","potentialAction":[{"@type":"CommentAction","name":"Comment","target":["https:\/\/www.jeveuxaider.gouv.fr\/engagement\/actualite\/jeux-olympiques-et-paralympiques-les-volontaires-et-les-benevoles-racontent\/#respond"]}]},{"@type":"WebPage","@id":"https:\/\/www.jeveuxaider.gouv.fr\/engagement\/actualite\/jeux-olympiques-et-paralympiques-les-volontaires-et-les-benevoles-racontent\/","url":"https:\/\/www.jeveuxaider.gouv.fr\/engagement\/actualite\/jeux-olympiques-et-paralympiques-les-volontaires-et-les-benevoles-racontent\/","name":"Jeux Olympiques et Paralympiques : les volontaires et les b\u00e9n\u00e9voles racontent - Blog B\u00e9n\u00e9volat","isPartOf":{"@id":"https:\/\/prod-jeveuxaider-wordpress.osc-secnum-fr1.scalingo.io\/#website"},"primaryImageOfPage":{"@id":"https:\/\/www.jeveuxaider.gouv.fr\/engagement\/actualite\/jeux-olympiques-et-paralympiques-les-volontaires-et-les-benevoles-racontent\/#primaryimage"},"image":{"@id":"https:\/\/www.jeveuxaider.gouv.fr\/engagement\/actualite\/jeux-olympiques-et-paralympiques-les-volontaires-et-les-benevoles-racontent\/#primaryimage"},"thumbnailUrl":"https:\/\/jeveuxaider-wp.s3.eu-west-3.amazonaws.com\/uploads\/2024\/10\/lheritage-des-JO.jpg","datePublished":"2024-10-01T06:34:18+00:00","dateModified":"2025-06-04T08:03:01+00:00","author":{"@id":"https:\/\/prod-jeveuxaider-wordpress.osc-secnum-fr1.scalingo.io\/#\/schema\/person\/f7773644d7a6aa118b55d68712f25353"},"description":"Toutes les actualit\u00e9s du b\u00e9n\u00e9volat sur le blog de JeVeuxAider.gouv.fr","breadcrumb":{"@id":"https:\/\/www.jeveuxaider.gouv.fr\/engagement\/actualite\/jeux-olympiques-et-paralympiques-les-volontaires-et-les-benevoles-racontent\/#breadcrumb"},"inLanguage":"fr-FR","potentialAction":[{"@type":"ReadAction","target":["https:\/\/www.jeveuxaider.gouv.fr\/engagement\/actualite\/jeux-olympiques-et-paralympiques-les-volontaires-et-les-benevoles-racontent\/"]}]},{"@type":"ImageObject","inLanguage":"fr-FR","@id":"https:\/\/www.jeveuxaider.gouv.fr\/engagement\/actualite\/jeux-olympiques-et-paralympiques-les-volontaires-et-les-benevoles-racontent\/#primaryimage","url":"https:\/\/jeveuxaider-wp.s3.eu-west-3.amazonaws.com\/uploads\/2024\/10\/lheritage-des-JO.jpg","contentUrl":"https:\/\/jeveuxaider-wp.s3.eu-west-3.amazonaws.com\/uploads\/2024\/10\/lheritage-des-JO.jpg","width":954,"height":954},{"@type":"BreadcrumbList","@id":"https:\/\/www.jeveuxaider.gouv.fr\/engagement\/actualite\/jeux-olympiques-et-paralympiques-les-volontaires-et-les-benevoles-racontent\/#breadcrumb","itemListElement":[{"@type":"ListItem","position":1,"name":"Accueil","item":"https:\/\/www.jeveuxaider.gouv.fr\/engagement\/"},{"@type":"ListItem","position":2,"name":"Jeux Olympiques et Paralympiques : les volontaires et les b\u00e9n\u00e9voles racontent"}]},{"@type":"WebSite","@id":"https:\/\/prod-jeveuxaider-wordpress.osc-secnum-fr1.scalingo.io\/#website","url":"https:\/\/prod-jeveuxaider-wordpress.osc-secnum-fr1.scalingo.io\/","name":"JeVeuxAider.gouv.fr | Le Blog","description":"Devenez b\u00e9n\u00e9vole et trouvez des missions en quelques clics","alternateName":"JeVeuxAider.gouv.fr | Le Blog","potentialAction":[{"@type":"SearchAction","target":{"@type":"EntryPoint","urlTemplate":"https:\/\/prod-jeveuxaider-wordpress.osc-secnum-fr1.scalingo.io\/?s={search_term_string}"},"query-input":{"@type":"PropertyValueSpecification","valueRequired":true,"valueName":"search_term_string"}}],"inLanguage":"fr-FR"},{"@type":"Person","@id":"https:\/\/prod-jeveuxaider-wordpress.osc-secnum-fr1.scalingo.io\/#\/schema\/person\/f7773644d7a6aa118b55d68712f25353","name":"Laura Verges","image":{"@type":"ImageObject","inLanguage":"fr-FR","@id":"https:\/\/secure.gravatar.com\/avatar\/a1c54863aced1be155ff54187cc143d992e0532a06e9153eb349d36a4daa69d3?s=96&d=mm&r=g","url":"https:\/\/secure.gravatar.com\/avatar\/a1c54863aced1be155ff54187cc143d992e0532a06e9153eb349d36a4daa69d3?s=96&d=mm&r=g","contentUrl":"https:\/\/secure.gravatar.com\/avatar\/a1c54863aced1be155ff54187cc143d992e0532a06e9153eb349d36a4daa69d3?s=96&d=mm&r=g","caption":"Laura Verges"}}]}},"_links":{"self":[{"href":"https:\/\/www.jeveuxaider.gouv.fr\/engagement\/wp-json\/wp\/v2\/posts\/134089","targetHints":{"allow":["GET"]}}],"collection":[{"href":"https:\/\/www.jeveuxaider.gouv.fr\/engagement\/wp-json\/wp\/v2\/posts"}],"about":[{"href":"https:\/\/www.jeveuxaider.gouv.fr\/engagement\/wp-json\/wp\/v2\/types\/post"}],"author":[{"embeddable":true,"href":"https:\/\/www.jeveuxaider.gouv.fr\/engagement\/wp-json\/wp\/v2\/users\/5"}],"replies":[{"embeddable":true,"href":"https:\/\/www.jeveuxaider.gouv.fr\/engagement\/wp-json\/wp\/v2\/comments?post=134089"}],"version-history":[{"count":10,"href":"https:\/\/www.jeveuxaider.gouv.fr\/engagement\/wp-json\/wp\/v2\/posts\/134089\/revisions"}],"predecessor-version":[{"id":135634,"href":"https:\/\/www.jeveuxaider.gouv.fr\/engagement\/wp-json\/wp\/v2\/posts\/134089\/revisions\/135634"}],"wp:featuredmedia":[{"embeddable":true,"href":"https:\/\/www.jeveuxaider.gouv.fr\/engagement\/wp-json\/wp\/v2\/media\/134108"}],"wp:attachment":[{"href":"https:\/\/www.jeveuxaider.gouv.fr\/engagement\/wp-json\/wp\/v2\/media?parent=134089"}],"wp:term":[{"taxonomy":"category","embeddable":true,"href":"https:\/\/www.jeveuxaider.gouv.fr\/engagement\/wp-json\/wp\/v2\/categories?post=134089"},{"taxonomy":"post_tag","embeddable":true,"href":"https:\/\/www.jeveuxaider.gouv.fr\/engagement\/wp-json\/wp\/v2\/tags?post=134089"}],"curies":[{"name":"wp","href":"https:\/\/api.w.org\/{rel}","templated":true}]}}