{"id":1161,"date":"2020-09-15T08:28:44","date_gmt":"2020-09-15T08:28:44","guid":{"rendered":"https:\/\/covid19.reserve-civique.gouv.fr\/?p=1161"},"modified":"2020-09-15T08:28:44","modified_gmt":"2020-09-15T08:28:44","slug":"la-reserve-civique-sengage-pour-la-protection-de-la-nature","status":"publish","type":"post","link":"https:\/\/www.jeveuxaider.gouv.fr\/engagement\/actualite\/la-reserve-civique-sengage-pour-la-protection-de-la-nature\/","title":{"rendered":"La R\u00e9serve Civique s&rsquo;engage pour la protection de la nature !"},"content":{"rendered":"<div class=\"wpb-content-wrapper\"><p>[vc_row][vc_column column_width_use_pixel=\u00a0\u00bbyes\u00a0\u00bb gutter_size=\u00a0\u00bb3&Prime; overlay_alpha=\u00a0\u00bb50&Prime; shift_x=\u00a0\u00bb0&Prime; shift_y=\u00a0\u00bb0&Prime; shift_y_down=\u00a0\u00bb0&Prime; z_index=\u00a0\u00bb0&Prime; medium_width=\u00a0\u00bb0&Prime; mobile_width=\u00a0\u00bb0&Prime; width=\u00a0\u00bb1\/1&Prime; column_width_pixel=\u00a0\u00bb800&Prime;][vc_column_text text_lead=\u00a0\u00bbyes\u00a0\u00bb]<strong>La pr\u00e9servation de la nature est aujourd&rsquo;hui l&rsquo;une des causes les plus urgentes selon les Fran\u00e7ais<\/strong>, en particulier pour les nouvelles g\u00e9n\u00e9rations. Le besoin d&rsquo;agir se fait pressant. C&rsquo;est la raison pour laquelle la R\u00e9serve Civique s&rsquo;engage pour l&rsquo;environnement, aux c\u00f4t\u00e9s de <strong>J&rsquo;agis pour la nature<\/strong> et l&rsquo;<strong>Office Fran\u00e7ais de la Biodiversit\u00e9<\/strong>. Ensemble, nous agissons dans un m\u00eame but : d\u00e9multiplier les possibilit\u00e9s de s\u2019engager pour la nature en tant que citoyen. <strong>Car chacun peut se mobiliser et faire la diff\u00e9rence !<\/strong>[\/vc_column_text][vc_single_image media=\u00a0\u00bb1163&Prime; media_width_use_pixel=\u00a0\u00bbyes\u00a0\u00bb alignment=\u00a0\u00bbcenter\u00a0\u00bb shape=\u00a0\u00bbimg-round\u00a0\u00bb shadow=\u00a0\u00bbyes\u00a0\u00bb shadow_weight=\u00a0\u00bbxs\u00a0\u00bb media_width_pixel=\u00a0\u00bb700&Prime;][vc_empty_space empty_h=\u00a0\u00bb1&Prime;][vc_column_text text_lead=\u00a0\u00bbyes\u00a0\u00bb]<\/p>\n<h3>\ud83c\udf3b D\u00e9couvrez les missions Protection de la nature<\/h3>\n<p>Vous \u00eates un particulier et vous souhaitez agir concr\u00e8tement pour l&rsquo;environnement ? <a href=\"https:\/\/covid19.reserve-civique.gouv.fr\/thematiques\/solidarite-et-insertion\">C&rsquo;est possible !<\/a> Voici les principales missions auxquelles que vous pouvez effectuer, en tant que b\u00e9n\u00e9vole de la R\u00e9serve Civique. (Rappel : <a href=\"https:\/\/covid19.reserve-civique.gouv.fr\/info\/devenir-reserviste-mode-demploi\/\">toute personne majeure r\u00e9sidant en France, jusqu&rsquo;\u00e0 70 ans pendant la crise, peut s&rsquo;y inscrire<\/a>).[\/vc_column_text][vc_empty_space empty_h=\u00a0\u00bb1&Prime;][vc_column_text text_lead=\u00a0\u00bbyes\u00a0\u00bb]<\/p>\n<h4 class=\"text-lg font-medium text-gray-900\">\ud83d\ude4b\u200d\u2640\ufe0fJe ramasse des d\u00e9chets abandonn\u00e9s dans la nature<\/h4>\n<p class=\"text-lg font-medium text-gray-900\">\ud83d\udd0e Je limite la pollution des milieux naturels en participants \u00e0 des sessions de ramassage de d\u00e9chets.<\/p>\n<p>[\/vc_column_text][vc_empty_space empty_h=\u00a0\u00bb1&Prime;][vc_column_text text_lead=\u00a0\u00bbyes\u00a0\u00bb]<\/p>\n<h4 class=\"text-lg font-medium text-gray-900\">\ud83c\udf3fJe d\u00e9couvre la biodiversit\u00e9<\/h4>\n<p>\ud83d\udd0e Je d\u00e9couvre la richesse de la faune et la flore dans un environnement et participe ainsi \u00e0 sa pr\u00e9servation.[\/vc_column_text][vc_empty_space empty_h=\u00a0\u00bb1&Prime;][vc_column_text text_lead=\u00a0\u00bbyes\u00a0\u00bb]<\/p>\n<h4 class=\"text-lg font-medium text-gray-900\">\ud83d\udc3fJe prot\u00e8ge la faune et la flore<\/h4>\n<p class=\"text-lg font-medium text-gray-900\">\ud83d\udd0e Je participe \u00e0 diverses activit\u00e9s : soin pour animaux bless\u00e9s, r\u00e9introduction d\u2019esp\u00e8ces dans leurs milieux naturels, plantation de haies, cr\u00e9ation de mares, arrachage de plantes invasives \u2026<\/p>\n<p>[\/vc_column_text][vc_empty_space empty_h=\u00a0\u00bb1&Prime;][vc_column_text text_lead=\u00a0\u00bbyes\u00a0\u00bb]<\/p>\n<h4 class=\"text-lg font-medium text-gray-900\">\ud83d\udcdeJ\u2019alerte en cas d\u2019urgence<\/h4>\n<p class=\"text-lg font-medium text-gray-900\">\ud83d\udd0e Je participe \u00e0 d\u00e9tection et l&rsquo;alerte d&rsquo;activit\u00e9s qui mettent en p\u00e9ril la pr\u00e9servation de notre biodiversit\u00e9.<\/p>\n<p>[\/vc_column_text][vc_empty_space empty_h=\u00a0\u00bb1&Prime;][vc_column_text text_lead=\u00a0\u00bbyes\u00a0\u00bb]<\/p>\n<h4 class=\"text-lg font-medium text-gray-900\">\ud83c\udf32J\u2019am\u00e9nage un espace naturel<\/h4>\n<p class=\"text-lg font-medium text-gray-900\">\ud83d\udd0e Je participe \u00e0 diff\u00e9rentes actions : restauration de sentiers de randonn\u00e9e, cr\u00e9ation de jardins partag\u00e9s\u2026 En pleine nature ou en ville, j\u2019agis concr\u00e8tement pour la prosp\u00e9rit\u00e9 ou la r\u00e9habilitation de la faune et de la flore.<\/p>\n<p>[\/vc_column_text][vc_empty_space empty_h=\u00a0\u00bb1&Prime;][vc_column_text text_lead=\u00a0\u00bbyes\u00a0\u00bb]<\/p>\n<h4 class=\"text-lg font-medium text-gray-900\">\ud83e\udd8e J\u2019observe la faune et la flore<\/h4>\n<p class=\"text-lg font-medium text-gray-900\">\ud83d\udd0e J\u2019appr\u00e9hende toute la richesse de la biodiversit\u00e9 qui m\u2019entoure et fais avancer la science en reportant mes propres observations.<\/p>\n<p>[\/vc_column_text][vc_empty_space empty_h=\u00a0\u00bb1&Prime;][vc_column_text text_lead=\u00a0\u00bbyes\u00a0\u00bb]<\/p>\n<div>\n<div>\n<div>\n<div>\ud83d\udc49Toutes ces missions, et plein d&rsquo;autres encore, sont disponibles d\u00e8s maintenant sur la page <a href=\"https:\/\/covid19.reserve-civique.gouv.fr\/thematiques\/protection-de-la-nature\"><strong>Protection de la nature de la R\u00e9serve Civique.<\/strong> <\/a><\/div>\n<\/div>\n<\/div>\n<\/div>\n<p>[\/vc_column_text][vc_empty_space empty_h=\u00a0\u00bb1&Prime;][vc_column_text text_lead=\u00a0\u00bbyes\u00a0\u00bb]<\/p>\n<h3 class=\"mt-2 text-base text-gray-500\">Qui sont nos partenaires ?<\/h3>\n<div>L&rsquo;union fait la force ! C&rsquo;est pourquoi la R\u00e9serve Civique s&rsquo;associe avec <a href=\"https:\/\/jagispourlanature.org\/\"><strong>J&rsquo;agis pour la nature<\/strong><\/a> et <a href=\"https:\/\/ofb.gouv.fr\/\"><strong>l&rsquo;Office Fran\u00e7ais de la Biodiversit\u00e9<\/strong><\/a>.<\/div>\n<p>[\/vc_column_text][vc_row_inner][vc_column_inner column_width_percent=\u00a0\u00bb100&Prime; gutter_size=\u00a0\u00bb3&Prime; overlay_alpha=\u00a0\u00bb50&Prime; shift_x=\u00a0\u00bb0&Prime; shift_y=\u00a0\u00bb0&Prime; shift_y_down=\u00a0\u00bb0&Prime; z_index=\u00a0\u00bb0&Prime; medium_width=\u00a0\u00bb0&Prime; mobile_width=\u00a0\u00bb0&Prime; width=\u00a0\u00bb1\/2&Prime; css=\u00a0\u00bb.vc_custom_1599728810909{padding-top: 42px !important;}\u00a0\u00bb][vc_single_image media=\u00a0\u00bb1173&Prime; media_width_percent=\u00a0\u00bb50&Prime; alignment=\u00a0\u00bbcenter\u00a0\u00bb media_link=\u00a0\u00bburl:https%3A%2F%2Fjagispourlanature.org%2F||target:%20_blank|\u00a0\u00bb][vc_empty_space empty_h=\u00a0\u00bb2&Prime;][vc_column_text text_lead=\u00a0\u00bbyes\u00a0\u00bb]<span data-sheets-formula-bar-text-style=\"font-size:13px;color:#000000;font-weight:normal;text-decoration:none;font-family:'Arial';font-style:normal;text-decoration-skip-ink:none;\"><strong>J&rsquo;agis pour la nature\u00a0<\/strong>est une plateforme gratuite enti\u00e8rement d\u00e9di\u00e9e au b\u00e9n\u00e9volat en faveur de la nature, \u00e0 l\u2019initiative de la <a href=\"http:\/\/www.fondation-nature-homme.org\/\">Fondation Nicolas Hulot pour la Nature et l\u2019Homme<\/a>. Fond\u00e9e en 2010, elle propose \u00e0 tous les publics plus de 1300 activit\u00e9s par an, anim\u00e9es par un r\u00e9seau de 850 associations environnementales, collectivit\u00e9s, gestionnaires d&rsquo;espaces naturels &#8230;<br \/>\n<\/span>[\/vc_column_text][\/vc_column_inner][vc_column_inner width=\u00a0\u00bb1\/2&Prime;][vc_single_image media=\u00a0\u00bb1165&Prime; media_width_percent=\u00a0\u00bb50&Prime; alignment=\u00a0\u00bbcenter\u00a0\u00bb media_link=\u00a0\u00bburl:https%3A%2F%2Fofb.gouv.fr%2F||target:%20_blank|\u00a0\u00bb][vc_empty_space empty_h=\u00a0\u00bb2&Prime;][vc_column_text text_lead=\u00a0\u00bbyes\u00a0\u00bb]<span data-sheets-formula-bar-text-style=\"font-size:13px;color:#000000;font-weight:normal;text-decoration:none;font-family:'Arial';font-style:normal;text-decoration-skip-ink:none;\"><strong>L&rsquo;Office Fran\u00e7ais de la Biodiversit\u00e9 (OFB)<\/strong> est un \u00e9tablissement public, cr\u00e9\u00e9 en 2020, d\u00e9di\u00e9 \u00e0 la sauvegarde de la biodiversit\u00e9. Une de ses priorit\u00e9s est de r\u00e9pondre de mani\u00e8re urgente aux enjeux de pr\u00e9servation du vivant.<br \/>\n<\/span>[\/vc_column_text][\/vc_column_inner][\/vc_row_inner][vc_column_text text_lead=\u00a0\u00bbyes\u00a0\u00bb]<\/p>\n<h4>\ud83d\udc49 Alors, pr\u00eat \u00e0 retrousser vos manches ? Choisissez votre mission pour la Protection de la nature sur <a href=\"https:\/\/covid19.reserve-civique.gouv.fr\/thematiques\/protection-de-la-nature\">la plateforme de la R\u00e9serve Civique !<\/a><\/h4>\n<p>[\/vc_column_text][\/vc_column][\/vc_row]<\/p>\n<\/div>","protected":false},"excerpt":{"rendered":"<p>La R\u00e9serve Civique, en partenariat avec J&rsquo;agis pour la nature et l&rsquo;Office Fran\u00e7ais de la Biodiversit\u00e9, vous propose des centaines de missions de b\u00e9n\u00e9volat pour d\u00e9couvrir, pr\u00e9server et partager la nature !<\/p>\n","protected":false},"author":1,"featured_media":1167,"comment_status":"open","ping_status":"open","sticky":false,"template":"","format":"standard","meta":{"footnotes":""},"categories":[2,5],"tags":[],"class_list":["post-1161","post","type-post","status-publish","format-standard","has-post-thumbnail","hentry","category-actualite","category-info"],"yoast_head":"<!-- This site is optimized with the Yoast SEO plugin v27.2 - https:\/\/yoast.com\/product\/yoast-seo-wordpress\/ -->\n<title>La R\u00e9serve Civique s&#039;engage pour la protection de la nature ! - Blog B\u00e9n\u00e9volat<\/title>\n<meta name=\"description\" content=\"Toutes les actualit\u00e9s du b\u00e9n\u00e9volat sur le blog de JeVeuxAider.gouv.fr\" \/>\n<meta name=\"robots\" content=\"index, follow, max-snippet:-1, max-image-preview:large, max-video-preview:-1\" \/>\n<link rel=\"canonical\" href=\"https:\/\/www.jeveuxaider.gouv.fr\/engagement\/actualite\/la-reserve-civique-sengage-pour-la-protection-de-la-nature\/\" \/>\n<meta property=\"og:locale\" content=\"fr_FR\" \/>\n<meta property=\"og:type\" content=\"article\" \/>\n<meta property=\"og:title\" content=\"La R\u00e9serve Civique s&#039;engage pour la protection de la nature ! - Blog B\u00e9n\u00e9volat\" \/>\n<meta property=\"og:description\" content=\"Toutes les actualit\u00e9s du b\u00e9n\u00e9volat sur le blog de JeVeuxAider.gouv.fr\" \/>\n<meta property=\"og:url\" content=\"https:\/\/www.jeveuxaider.gouv.fr\/engagement\/actualite\/la-reserve-civique-sengage-pour-la-protection-de-la-nature\/\" \/>\n<meta property=\"og:site_name\" content=\"JeVeuxAider.gouv.fr | Le Blog de l&#039;Engagement\" \/>\n<meta property=\"article:published_time\" content=\"2020-09-15T08:28:44+00:00\" \/>\n<meta property=\"og:image\" content=\"https:\/\/jeveuxaider-wp.s3.eu-west-3.amazonaws.com\/uploads\/2020\/09\/henry-be-IicyiaPYGGI-unsplash-scaled-e1600158334102.jpg\" \/>\n\t<meta property=\"og:image:width\" content=\"2560\" \/>\n\t<meta property=\"og:image:height\" content=\"1344\" \/>\n\t<meta property=\"og:image:type\" content=\"image\/jpeg\" \/>\n<meta name=\"author\" content=\"Nicolas\" \/>\n<meta name=\"twitter:card\" content=\"summary_large_image\" \/>\n<meta name=\"twitter:label1\" content=\"Written by\" \/>\n\t<meta name=\"twitter:data1\" content=\"Nicolas\" \/>\n\t<meta name=\"twitter:label2\" content=\"Est. reading time\" \/>\n\t<meta name=\"twitter:data2\" content=\"4 minutes\" \/>\n<script type=\"application\/ld+json\" class=\"yoast-schema-graph\">{\"@context\":\"https:\/\/schema.org\",\"@graph\":[{\"@type\":\"Article\",\"@id\":\"https:\/\/www.jeveuxaider.gouv.fr\/engagement\/actualite\/la-reserve-civique-sengage-pour-la-protection-de-la-nature\/#article\",\"isPartOf\":{\"@id\":\"https:\/\/www.jeveuxaider.gouv.fr\/engagement\/actualite\/la-reserve-civique-sengage-pour-la-protection-de-la-nature\/\"},\"author\":{\"name\":\"Nicolas\",\"@id\":\"https:\/\/prod-jeveuxaider-wordpress.osc-secnum-fr1.scalingo.io\/#\/schema\/person\/a1038efd7988d1bb686b3592a0dc4f28\"},\"headline\":\"La R\u00e9serve Civique s&rsquo;engage pour la protection de la nature !\",\"datePublished\":\"2020-09-15T08:28:44+00:00\",\"mainEntityOfPage\":{\"@id\":\"https:\/\/www.jeveuxaider.gouv.fr\/engagement\/actualite\/la-reserve-civique-sengage-pour-la-protection-de-la-nature\/\"},\"wordCount\":867,\"commentCount\":0,\"image\":{\"@id\":\"https:\/\/www.jeveuxaider.gouv.fr\/engagement\/actualite\/la-reserve-civique-sengage-pour-la-protection-de-la-nature\/#primaryimage\"},\"thumbnailUrl\":\"https:\/\/jeveuxaider-wp.s3.eu-west-3.amazonaws.com\/uploads\/2020\/09\/henry-be-IicyiaPYGGI-unsplash-scaled-e1600158334102.jpg\",\"articleSection\":[\"Actualit\u00e9s\",\"Info\"],\"inLanguage\":\"fr-FR\",\"potentialAction\":[{\"@type\":\"CommentAction\",\"name\":\"Comment\",\"target\":[\"https:\/\/www.jeveuxaider.gouv.fr\/engagement\/actualite\/la-reserve-civique-sengage-pour-la-protection-de-la-nature\/#respond\"]}]},{\"@type\":\"WebPage\",\"@id\":\"https:\/\/www.jeveuxaider.gouv.fr\/engagement\/actualite\/la-reserve-civique-sengage-pour-la-protection-de-la-nature\/\",\"url\":\"https:\/\/www.jeveuxaider.gouv.fr\/engagement\/actualite\/la-reserve-civique-sengage-pour-la-protection-de-la-nature\/\",\"name\":\"La R\u00e9serve Civique s'engage pour la protection de la nature ! - Blog B\u00e9n\u00e9volat\",\"isPartOf\":{\"@id\":\"https:\/\/prod-jeveuxaider-wordpress.osc-secnum-fr1.scalingo.io\/#website\"},\"primaryImageOfPage\":{\"@id\":\"https:\/\/www.jeveuxaider.gouv.fr\/engagement\/actualite\/la-reserve-civique-sengage-pour-la-protection-de-la-nature\/#primaryimage\"},\"image\":{\"@id\":\"https:\/\/www.jeveuxaider.gouv.fr\/engagement\/actualite\/la-reserve-civique-sengage-pour-la-protection-de-la-nature\/#primaryimage\"},\"thumbnailUrl\":\"https:\/\/jeveuxaider-wp.s3.eu-west-3.amazonaws.com\/uploads\/2020\/09\/henry-be-IicyiaPYGGI-unsplash-scaled-e1600158334102.jpg\",\"datePublished\":\"2020-09-15T08:28:44+00:00\",\"author\":{\"@id\":\"https:\/\/prod-jeveuxaider-wordpress.osc-secnum-fr1.scalingo.io\/#\/schema\/person\/a1038efd7988d1bb686b3592a0dc4f28\"},\"description\":\"Toutes les actualit\u00e9s du b\u00e9n\u00e9volat sur le blog de JeVeuxAider.gouv.fr\",\"breadcrumb\":{\"@id\":\"https:\/\/www.jeveuxaider.gouv.fr\/engagement\/actualite\/la-reserve-civique-sengage-pour-la-protection-de-la-nature\/#breadcrumb\"},\"inLanguage\":\"fr-FR\",\"potentialAction\":[{\"@type\":\"ReadAction\",\"target\":[\"https:\/\/www.jeveuxaider.gouv.fr\/engagement\/actualite\/la-reserve-civique-sengage-pour-la-protection-de-la-nature\/\"]}]},{\"@type\":\"ImageObject\",\"inLanguage\":\"fr-FR\",\"@id\":\"https:\/\/www.jeveuxaider.gouv.fr\/engagement\/actualite\/la-reserve-civique-sengage-pour-la-protection-de-la-nature\/#primaryimage\",\"url\":\"https:\/\/jeveuxaider-wp.s3.eu-west-3.amazonaws.com\/uploads\/2020\/09\/henry-be-IicyiaPYGGI-unsplash-scaled-e1600158334102.jpg\",\"contentUrl\":\"https:\/\/jeveuxaider-wp.s3.eu-west-3.amazonaws.com\/uploads\/2020\/09\/henry-be-IicyiaPYGGI-unsplash-scaled-e1600158334102.jpg\",\"width\":2560,\"height\":1344},{\"@type\":\"BreadcrumbList\",\"@id\":\"https:\/\/www.jeveuxaider.gouv.fr\/engagement\/actualite\/la-reserve-civique-sengage-pour-la-protection-de-la-nature\/#breadcrumb\",\"itemListElement\":[{\"@type\":\"ListItem\",\"position\":1,\"name\":\"Accueil\",\"item\":\"https:\/\/www.jeveuxaider.gouv.fr\/engagement\/\"},{\"@type\":\"ListItem\",\"position\":2,\"name\":\"La R\u00e9serve Civique s&rsquo;engage pour la protection de la nature !\"}]},{\"@type\":\"WebSite\",\"@id\":\"https:\/\/prod-jeveuxaider-wordpress.osc-secnum-fr1.scalingo.io\/#website\",\"url\":\"https:\/\/prod-jeveuxaider-wordpress.osc-secnum-fr1.scalingo.io\/\",\"name\":\"JeVeuxAider.gouv.fr | Le Blog\",\"description\":\"Devenez b\u00e9n\u00e9vole et trouvez des missions en quelques clics\",\"alternateName\":\"JeVeuxAider.gouv.fr | Le Blog\",\"potentialAction\":[{\"@type\":\"SearchAction\",\"target\":{\"@type\":\"EntryPoint\",\"urlTemplate\":\"https:\/\/prod-jeveuxaider-wordpress.osc-secnum-fr1.scalingo.io\/?s={search_term_string}\"},\"query-input\":{\"@type\":\"PropertyValueSpecification\",\"valueRequired\":true,\"valueName\":\"search_term_string\"}}],\"inLanguage\":\"fr-FR\"},{\"@type\":\"Person\",\"@id\":\"https:\/\/prod-jeveuxaider-wordpress.osc-secnum-fr1.scalingo.io\/#\/schema\/person\/a1038efd7988d1bb686b3592a0dc4f28\",\"name\":\"Nicolas\",\"image\":{\"@type\":\"ImageObject\",\"inLanguage\":\"fr-FR\",\"@id\":\"https:\/\/secure.gravatar.com\/avatar\/09455ddc73331fa8c8480bf5e787afcdaeed30de1cfeb4ae87e69b74a32d54c1?s=96&d=mm&r=g\",\"url\":\"https:\/\/secure.gravatar.com\/avatar\/09455ddc73331fa8c8480bf5e787afcdaeed30de1cfeb4ae87e69b74a32d54c1?s=96&d=mm&r=g\",\"contentUrl\":\"https:\/\/secure.gravatar.com\/avatar\/09455ddc73331fa8c8480bf5e787afcdaeed30de1cfeb4ae87e69b74a32d54c1?s=96&d=mm&r=g\",\"caption\":\"Nicolas\"}}]}<\/script>\n<!-- \/ Yoast SEO plugin. -->","yoast_head_json":{"title":"La R\u00e9serve Civique s'engage pour la protection de la nature ! - Blog B\u00e9n\u00e9volat","description":"Toutes les actualit\u00e9s du b\u00e9n\u00e9volat sur le blog de JeVeuxAider.gouv.fr","robots":{"index":"index","follow":"follow","max-snippet":"max-snippet:-1","max-image-preview":"max-image-preview:large","max-video-preview":"max-video-preview:-1"},"canonical":"https:\/\/www.jeveuxaider.gouv.fr\/engagement\/actualite\/la-reserve-civique-sengage-pour-la-protection-de-la-nature\/","og_locale":"fr_FR","og_type":"article","og_title":"La R\u00e9serve Civique s'engage pour la protection de la nature ! - Blog B\u00e9n\u00e9volat","og_description":"Toutes les actualit\u00e9s du b\u00e9n\u00e9volat sur le blog de JeVeuxAider.gouv.fr","og_url":"https:\/\/www.jeveuxaider.gouv.fr\/engagement\/actualite\/la-reserve-civique-sengage-pour-la-protection-de-la-nature\/","og_site_name":"JeVeuxAider.gouv.fr | Le Blog de l&#039;Engagement","article_published_time":"2020-09-15T08:28:44+00:00","og_image":[{"width":2560,"height":1344,"url":"https:\/\/jeveuxaider-wp.s3.eu-west-3.amazonaws.com\/uploads\/2020\/09\/henry-be-IicyiaPYGGI-unsplash-scaled-e1600158334102.jpg","type":"image\/jpeg"}],"author":"Nicolas","twitter_card":"summary_large_image","twitter_misc":{"Written by":"Nicolas","Est. reading time":"4 minutes"},"schema":{"@context":"https:\/\/schema.org","@graph":[{"@type":"Article","@id":"https:\/\/www.jeveuxaider.gouv.fr\/engagement\/actualite\/la-reserve-civique-sengage-pour-la-protection-de-la-nature\/#article","isPartOf":{"@id":"https:\/\/www.jeveuxaider.gouv.fr\/engagement\/actualite\/la-reserve-civique-sengage-pour-la-protection-de-la-nature\/"},"author":{"name":"Nicolas","@id":"https:\/\/prod-jeveuxaider-wordpress.osc-secnum-fr1.scalingo.io\/#\/schema\/person\/a1038efd7988d1bb686b3592a0dc4f28"},"headline":"La R\u00e9serve Civique s&rsquo;engage pour la protection de la nature !","datePublished":"2020-09-15T08:28:44+00:00","mainEntityOfPage":{"@id":"https:\/\/www.jeveuxaider.gouv.fr\/engagement\/actualite\/la-reserve-civique-sengage-pour-la-protection-de-la-nature\/"},"wordCount":867,"commentCount":0,"image":{"@id":"https:\/\/www.jeveuxaider.gouv.fr\/engagement\/actualite\/la-reserve-civique-sengage-pour-la-protection-de-la-nature\/#primaryimage"},"thumbnailUrl":"https:\/\/jeveuxaider-wp.s3.eu-west-3.amazonaws.com\/uploads\/2020\/09\/henry-be-IicyiaPYGGI-unsplash-scaled-e1600158334102.jpg","articleSection":["Actualit\u00e9s","Info"],"inLanguage":"fr-FR","potentialAction":[{"@type":"CommentAction","name":"Comment","target":["https:\/\/www.jeveuxaider.gouv.fr\/engagement\/actualite\/la-reserve-civique-sengage-pour-la-protection-de-la-nature\/#respond"]}]},{"@type":"WebPage","@id":"https:\/\/www.jeveuxaider.gouv.fr\/engagement\/actualite\/la-reserve-civique-sengage-pour-la-protection-de-la-nature\/","url":"https:\/\/www.jeveuxaider.gouv.fr\/engagement\/actualite\/la-reserve-civique-sengage-pour-la-protection-de-la-nature\/","name":"La R\u00e9serve Civique s'engage pour la protection de la nature ! - Blog B\u00e9n\u00e9volat","isPartOf":{"@id":"https:\/\/prod-jeveuxaider-wordpress.osc-secnum-fr1.scalingo.io\/#website"},"primaryImageOfPage":{"@id":"https:\/\/www.jeveuxaider.gouv.fr\/engagement\/actualite\/la-reserve-civique-sengage-pour-la-protection-de-la-nature\/#primaryimage"},"image":{"@id":"https:\/\/www.jeveuxaider.gouv.fr\/engagement\/actualite\/la-reserve-civique-sengage-pour-la-protection-de-la-nature\/#primaryimage"},"thumbnailUrl":"https:\/\/jeveuxaider-wp.s3.eu-west-3.amazonaws.com\/uploads\/2020\/09\/henry-be-IicyiaPYGGI-unsplash-scaled-e1600158334102.jpg","datePublished":"2020-09-15T08:28:44+00:00","author":{"@id":"https:\/\/prod-jeveuxaider-wordpress.osc-secnum-fr1.scalingo.io\/#\/schema\/person\/a1038efd7988d1bb686b3592a0dc4f28"},"description":"Toutes les actualit\u00e9s du b\u00e9n\u00e9volat sur le blog de JeVeuxAider.gouv.fr","breadcrumb":{"@id":"https:\/\/www.jeveuxaider.gouv.fr\/engagement\/actualite\/la-reserve-civique-sengage-pour-la-protection-de-la-nature\/#breadcrumb"},"inLanguage":"fr-FR","potentialAction":[{"@type":"ReadAction","target":["https:\/\/www.jeveuxaider.gouv.fr\/engagement\/actualite\/la-reserve-civique-sengage-pour-la-protection-de-la-nature\/"]}]},{"@type":"ImageObject","inLanguage":"fr-FR","@id":"https:\/\/www.jeveuxaider.gouv.fr\/engagement\/actualite\/la-reserve-civique-sengage-pour-la-protection-de-la-nature\/#primaryimage","url":"https:\/\/jeveuxaider-wp.s3.eu-west-3.amazonaws.com\/uploads\/2020\/09\/henry-be-IicyiaPYGGI-unsplash-scaled-e1600158334102.jpg","contentUrl":"https:\/\/jeveuxaider-wp.s3.eu-west-3.amazonaws.com\/uploads\/2020\/09\/henry-be-IicyiaPYGGI-unsplash-scaled-e1600158334102.jpg","width":2560,"height":1344},{"@type":"BreadcrumbList","@id":"https:\/\/www.jeveuxaider.gouv.fr\/engagement\/actualite\/la-reserve-civique-sengage-pour-la-protection-de-la-nature\/#breadcrumb","itemListElement":[{"@type":"ListItem","position":1,"name":"Accueil","item":"https:\/\/www.jeveuxaider.gouv.fr\/engagement\/"},{"@type":"ListItem","position":2,"name":"La R\u00e9serve Civique s&rsquo;engage pour la protection de la nature !"}]},{"@type":"WebSite","@id":"https:\/\/prod-jeveuxaider-wordpress.osc-secnum-fr1.scalingo.io\/#website","url":"https:\/\/prod-jeveuxaider-wordpress.osc-secnum-fr1.scalingo.io\/","name":"JeVeuxAider.gouv.fr | Le Blog","description":"Devenez b\u00e9n\u00e9vole et trouvez des missions en quelques clics","alternateName":"JeVeuxAider.gouv.fr | Le Blog","potentialAction":[{"@type":"SearchAction","target":{"@type":"EntryPoint","urlTemplate":"https:\/\/prod-jeveuxaider-wordpress.osc-secnum-fr1.scalingo.io\/?s={search_term_string}"},"query-input":{"@type":"PropertyValueSpecification","valueRequired":true,"valueName":"search_term_string"}}],"inLanguage":"fr-FR"},{"@type":"Person","@id":"https:\/\/prod-jeveuxaider-wordpress.osc-secnum-fr1.scalingo.io\/#\/schema\/person\/a1038efd7988d1bb686b3592a0dc4f28","name":"Nicolas","image":{"@type":"ImageObject","inLanguage":"fr-FR","@id":"https:\/\/secure.gravatar.com\/avatar\/09455ddc73331fa8c8480bf5e787afcdaeed30de1cfeb4ae87e69b74a32d54c1?s=96&d=mm&r=g","url":"https:\/\/secure.gravatar.com\/avatar\/09455ddc73331fa8c8480bf5e787afcdaeed30de1cfeb4ae87e69b74a32d54c1?s=96&d=mm&r=g","contentUrl":"https:\/\/secure.gravatar.com\/avatar\/09455ddc73331fa8c8480bf5e787afcdaeed30de1cfeb4ae87e69b74a32d54c1?s=96&d=mm&r=g","caption":"Nicolas"}}]}},"_links":{"self":[{"href":"https:\/\/www.jeveuxaider.gouv.fr\/engagement\/wp-json\/wp\/v2\/posts\/1161","targetHints":{"allow":["GET"]}}],"collection":[{"href":"https:\/\/www.jeveuxaider.gouv.fr\/engagement\/wp-json\/wp\/v2\/posts"}],"about":[{"href":"https:\/\/www.jeveuxaider.gouv.fr\/engagement\/wp-json\/wp\/v2\/types\/post"}],"author":[{"embeddable":true,"href":"https:\/\/www.jeveuxaider.gouv.fr\/engagement\/wp-json\/wp\/v2\/users\/1"}],"replies":[{"embeddable":true,"href":"https:\/\/www.jeveuxaider.gouv.fr\/engagement\/wp-json\/wp\/v2\/comments?post=1161"}],"version-history":[{"count":0,"href":"https:\/\/www.jeveuxaider.gouv.fr\/engagement\/wp-json\/wp\/v2\/posts\/1161\/revisions"}],"wp:featuredmedia":[{"embeddable":true,"href":"https:\/\/www.jeveuxaider.gouv.fr\/engagement\/wp-json\/wp\/v2\/media\/1167"}],"wp:attachment":[{"href":"https:\/\/www.jeveuxaider.gouv.fr\/engagement\/wp-json\/wp\/v2\/media?parent=1161"}],"wp:term":[{"taxonomy":"category","embeddable":true,"href":"https:\/\/www.jeveuxaider.gouv.fr\/engagement\/wp-json\/wp\/v2\/categories?post=1161"},{"taxonomy":"post_tag","embeddable":true,"href":"https:\/\/www.jeveuxaider.gouv.fr\/engagement\/wp-json\/wp\/v2\/tags?post=1161"}],"curies":[{"name":"wp","href":"https:\/\/api.w.org\/{rel}","templated":true}]}}