{"id":114836,"date":"2023-06-14T07:57:55","date_gmt":"2023-06-14T07:57:55","guid":{"rendered":"https:\/\/www.jeveuxaider.gouv.fr\/engagement\/?p=114836"},"modified":"2023-06-20T15:11:41","modified_gmt":"2023-06-20T15:11:41","slug":"tuto-7-etapes-pour-creer-son-stand-engage-en-plein-festival","status":"publish","type":"post","link":"https:\/\/www.jeveuxaider.gouv.fr\/engagement\/actualite\/tuto-7-etapes-pour-creer-son-stand-engage-en-plein-festival\/","title":{"rendered":"Tuto : 7 \u00e9tapes pour cr\u00e9er son stand engag\u00e9 en plein festival"},"content":{"rendered":"<div class=\"wpb-content-wrapper\"><p>[vc_row row_height_percent=\u00a0\u00bb0&Prime; override_padding=\u00a0\u00bbyes\u00a0\u00bb h_padding=\u00a0\u00bb2&Prime; top_padding=\u00a0\u00bb3&Prime; bottom_padding=\u00a0\u00bb3&Prime; overlay_alpha=\u00a0\u00bb100&Prime; gutter_size=\u00a0\u00bb3&Prime; column_width_percent=\u00a0\u00bb100&Prime; shift_y=\u00a0\u00bb0&Prime; z_index=\u00a0\u00bb0&Prime; row_height_use_pixel=\u00a0\u00bb\u00a0\u00bb uncode_shortcode_id=\u00a0\u00bb645617&Prime;][vc_column column_width_use_pixel=\u00a0\u00bbyes\u00a0\u00bb gutter_size=\u00a0\u00bb3&Prime; overlay_alpha=\u00a0\u00bb50&Prime; shift_x=\u00a0\u00bb0&Prime; shift_y=\u00a0\u00bb0&Prime; shift_y_down=\u00a0\u00bb0&Prime; z_index=\u00a0\u00bb0&Prime; medium_width=\u00a0\u00bb0&Prime; mobile_width=\u00a0\u00bb0&Prime; zoom_width=\u00a0\u00bb0&Prime; zoom_height=\u00a0\u00bb0&Prime; column_width_pixel=\u00a0\u00bb900&Prime; uncode_shortcode_id=\u00a0\u00bb132975&Prime;][vc_column_text text_lead=\u00a0\u00bbyes\u00a0\u00bb uncode_shortcode_id=\u00a0\u00bb197470&Prime;]<em>Tout a commenc\u00e9 d\u00e9but novembre lorsque nous recevons un mail de notre partenaire la <a href=\"https:\/\/www.mgen.fr\/\" target=\"_blank\" rel=\"noopener\">MGEN<\/a> nous invitant \u00e0 tenir un stand \u00e0 leurs c\u00f4t\u00e9s, \u00e0 l\u2019occasion du <a href=\"https:\/\/vyvfestival.org\/\" target=\"_blank\" rel=\"noopener\">VyV festival<\/a>. Ni une ni deux, nous r\u00e9pondons favorablement et nous voil\u00e0 sur les rails de l\u2019aventure.<\/em>[\/vc_column_text][vc_raw_html]JTNDaWZyYW1lJTIwJTNDaWZyYW1lJTIwd2lkdGglM0QlMjI1NjAlMjIlMjBoZWlnaHQlM0QlMjIzMTUlMjIlMjBzcmMlM0QlMjJodHRwcyUzQSUyRiUyRnd3dy55b3V0dWJlLmNvbSUyRmVtYmVkJTJGTnU5TkpyZ2NVTFUlMjIlMjB3aWR0aCUzRCUyMjMwMCUyMiUyMGhlaWdodCUzRCUyMjQ3NiUyMiUyMHN0eWxlJTNEJTIyYm9yZGVyJTNBbm9uZSUzQm92ZXJmbG93JTNBaGlkZGVuJTIyJTIwc2Nyb2xsaW5nJTNEJTIybm8lMjIlMjBmcmFtZWJvcmRlciUzRCUyMjAlMjIlMjBhbGxvd2Z1bGxzY3JlZW4lM0QlMjJ0cnVlJTIyJTIwYWxsb3clM0QlMjJhdXRvcGxheSUzQiUyMGNsaXBib2FyZC13cml0ZSUzQiUyMGVuY3J5cHRlZC1tZWRpYSUzQiUyMHBpY3R1cmUtaW4tcGljdHVyZSUzQiUyMHdlYi1zaGFyZSUyMiUyMGFsbG93RnVsbFNjcmVlbiUzRCUyMnRydWUlMjIlM0UlM0MlMkZpZnJhbWUlM0U=[\/vc_raw_html][vc_custom_heading uncode_shortcode_id=\u00a0\u00bb140169&Prime;]<strong><span class=\"notion-enable-hover\" data-token-index=\"0\">1\/ Les pr\u00e9mices \u2013 poser le contexte<\/span><\/strong>[\/vc_custom_heading][vc_column_text text_lead=\u00a0\u00bbyes\u00a0\u00bb uncode_shortcode_id=\u00a0\u00bb412042&Prime;]Nous remplissons un appel \u00e0 projet conjoint avec la MGEN en d\u00e9cembre 2023 aupr\u00e8s du VyV. Nous prenons en compte le format et le contexte du festival : au-del\u00e0 de sa programmation musicale, le VyV propose un village de stands orient\u00e9s responsabilit\u00e9 sociale, soci\u00e9tale et environnementale. C\u2019est dans ce cadre que notre participation est valid\u00e9e par l\u2019\u00e9quipe organisatrice, 6 mois en amont des festivit\u00e9s. Nous indiquons assez rapidement nos besoins en tables et chaises sur le catalogue de mobilier. Tout roule.[\/vc_column_text][vc_custom_heading uncode_shortcode_id=\u00a0\u00bb207001&Prime;]<strong><span class=\"notion-enable-hover\" data-token-index=\"0\">2\/ La conception de 8 animations exclusives<\/span><\/strong>[\/vc_custom_heading][vc_column_text text_lead=\u00a0\u00bbyes\u00a0\u00bb uncode_shortcode_id=\u00a0\u00bb172760&Prime;]Un brainstorming permet de faire \u00e9merger des id\u00e9es d\u2019activit\u00e9s. Pour chacune nous avons bien en t\u00eate notre cible\u00a0et ses caract\u00e9ristiques : un festivalier probablement moyennement concentr\u00e9, joyeux et en transit entre 2 sc\u00e8nes musicales.<\/p>\n<p>L\u2019objectif pour nous\u00a0: \u00eatre dans le jeu, le rire, le ludique et tester diff\u00e9rents m\u00e9diums. Nous gardons\u00a0:<\/p>\n<ul>\n<li><strong>un labyrinthe sous forme d\u2019infographie d\u00e9cal\u00e9e<\/strong> pour d\u00e9couvrir son profil type et les missions de b\u00e9n\u00e9volat lui correspondant<\/li>\n<li><strong>une roue de mini d\u00e9fis<\/strong> \u00e0 actionner pour se lancer sur une mission b\u00e9n\u00e9vole \u00e0 coup de cap ou pas cap ?<\/li>\n<li><strong>un atelier d&rsquo;\u00e9criture format cartes postales<\/strong> o\u00f9 les festivaliers peuvent se souhaiter un engagement pour plus tard, des pistes d\u2019actions pour changer le monde. Bient\u00f4t dans les bo\u00eetes aux lettres !<\/li>\n<li><strong>une fresque collective<\/strong> pour r\u00e9fl\u00e9chir par le dessin au paysage de l\u2019engagement, ce que \u00e7a veut dire, \u00e9voque et laisser parler sa cr\u00e9ativit\u00e9.<\/li>\n<li><strong>un jeu sous forme de vrai \/ faux<\/strong> pour lever les freins \u00e0 l\u2019engagement et boxer les id\u00e9es re\u00e7ues.<\/li>\n<li><strong>une mini-map d\u2019associations<\/strong> \u00e0 relier \u00e0 leurs d\u00e9finitions pour faire conna\u00eetre les acteurs de terrain.<\/li>\n<li><strong>Une chasse au tr\u00e9sor<\/strong> invitant les festivaliers \u00e0 partir \u00e0 la rencontre des autres initiatives repr\u00e9sent\u00e9es sur place.<\/li>\n<li><strong>un photo-call<\/strong> pour immortaliser leur participation et animer les r\u00e9seaux sociaux.<\/li>\n<\/ul>\n<p>Nous sommes convaincus par nos ateliers et leur diversit\u00e9. Pourtant, bien vite, nous nous rendons compte qu\u2019il nous manque quelque chose de fondamental : un univers, un fil directeur pour relier nos id\u00e9es entre elles et <strong>embarquer les festivaliers dans un grand r\u00e9cit : le n\u00f4tre.<\/strong>[\/vc_column_text][vc_custom_heading uncode_shortcode_id=\u00a0\u00bb931803&Prime;]<strong>3<span class=\"notion-enable-hover\" data-token-index=\"1\">\/ Un univers vous vous fabriquerez <\/span><span role=\"img\" aria-label=\"\u2b50\">\u2b50<\/span><\/strong>[\/vc_custom_heading][vc_single_image media=\u00a0\u00bb114876&Prime; media_width_percent=\u00a0\u00bb100&Prime; uncode_shortcode_id=\u00a0\u00bb694425&Prime;][vc_column_text text_lead=\u00a0\u00bbyes\u00a0\u00bb uncode_shortcode_id=\u00a0\u00bb112606&Prime;]Solidarit\u00e9, \u00e9ducation, environnement\u2026 10 domaines d\u2019actions sont repr\u00e9sent\u00e9s sur <a href=\"http:\/\/JeVeuxAider.gouv.fr\">JeVeuxAider.gouv.fr<\/a>. Nous r\u00e9fl\u00e9chissons de mani\u00e8re plus subjective \u00e0 ce que l\u2019engagement nous \u00e9voque\u00a0: une aventure, le partage, un d\u00e9fi personnel et collectif, du rire, des souvenirs, un chemin\u2026 Kaboom\u00a0! \u00c7a y est nous la tenons notre id\u00e9e. Nous baptisons notre stand, <strong>Le Refuge de l\u2019Engagement<\/strong>, un lieu de d\u00e9part, d\u2019explorations, un espace de convivialit\u00e9 aussi pour partager ses r\u00e9cits (non pas de randonn\u00e9e) mais de b\u00e9n\u00e9volat ! En tout cas c\u2019est cet univers qui nous portera et qui donnera le ton\u00a0! Les activit\u00e9s sont imm\u00e9diatement renomm\u00e9es\u00a0: table panoramique, course d\u2019orientation, boussole de l\u2019action, etc. Les premiers coups de crayons de notre stand sont dessin\u00e9s.[\/vc_column_text][vc_column_text uncode_shortcode_id=\u00a0\u00bb137517&Prime;]Vous vous demandez comment savoir si votre univers est le bon\u00a0? Le moment venu, vous le saurez car <strong>tout tombe sous le sens de vos valeurs et de votre r\u00e9cit<\/strong>. Faites-vous confiance. \ud83d\ude43[\/vc_column_text][vc_custom_heading uncode_shortcode_id=\u00a0\u00bb147425&Prime;]<strong>4<span class=\"notion-enable-hover\" data-token-index=\"1\">\/ La mise en production<\/span><\/strong>[\/vc_custom_heading][vc_single_image media=\u00a0\u00bb117737&Prime; media_width_percent=\u00a0\u00bb100&Prime; uncode_shortcode_id=\u00a0\u00bb194076&Prime;][vc_column_text text_lead=\u00a0\u00bbyes\u00a0\u00bb uncode_shortcode_id=\u00a0\u00bb541064&Prime;]Apr\u00e8s plusieurs allers et retours de cr\u00e9ation graphique, nous produisons nos fichiers en prenant garde \u00e0 la <strong>m\u00e9t\u00e9orologie<\/strong> capricieuse de Bourgogne. Tous nos supports sont pens\u00e9s pour durer\u00a0: les infographies sont imprim\u00e9es sur des b\u00e2ches XXL imperm\u00e9ables. Notre table panoramique mise sur le papier Veleda.<\/p>\n<p>Nous envoyons nos fichiers \u00e0 l\u2019imprimeur et en parall\u00e8le nous \u00e9laborons notre liste de petits mat\u00e9riels et d\u00e9corations : tout en r\u00e9cup\u00e9ration et seconde main. <strong>Rien n\u2019est laiss\u00e9 au hasard.<\/strong>[\/vc_column_text][vc_custom_heading uncode_shortcode_id=\u00a0\u00bb383345&Prime;]<b>5\/ La construction du stand<\/b>[\/vc_custom_heading][vc_single_image media=\u00a0\u00bb114879&Prime; media_width_percent=\u00a0\u00bb100&Prime; uncode_shortcode_id=\u00a0\u00bb155906&Prime;][vc_column_text text_lead=\u00a0\u00bbyes\u00a0\u00bb uncode_shortcode_id=\u00a0\u00bb105162&Prime;]Studio V\u00e9lo notre prestataire sp\u00e9cialis\u00e9 dans le travail du bois, nous aide \u00e0 construire un espace impactant \u00e0 l\u2019aide de <strong>m\u00e2ts de 4m de haut<\/strong> et de fanions multicolores. Nous positionnons les animations sur le stand en prenant garde aux <strong>flux des festivaliers<\/strong> pour tirer un maximum d\u2019impact de la \u00ab\u00a0circulation\u00a0\u00bb.[\/vc_column_text][vc_single_image media=\u00a0\u00bb114853&Prime; media_width_percent=\u00a0\u00bb100&Prime; uncode_shortcode_id=\u00a0\u00bb139906&Prime;][vc_column_text text_lead=\u00a0\u00bbyes\u00a0\u00bb uncode_shortcode_id=\u00a0\u00bb196175&Prime;]<strong>Le jour J<\/strong>\u00a0: nous clouons, ajustons la hauteur des \u00e9l\u00e9ments \u00e0 \u00e9chelle d\u2019homme, accrochons nos \u00e9l\u00e9ments de d\u00e9cors, anticipons la prise au vent, bref nous occupons l\u2019espace savamment\u2026 <strong>Chaque d\u00e9tail compte<\/strong> pour que l\u2019univers prenne vie, en toute s\u00e9curit\u00e9.[\/vc_column_text][vc_separator sep_color=\u00a0\u00bb\u00a0\u00bb uncode_shortcode_id=\u00a0\u00bb140079&Prime;][vc_custom_heading uncode_shortcode_id=\u00a0\u00bb142855&Prime;]<b>6\/ Formation des b\u00e9n\u00e9voles<\/b>[\/vc_custom_heading][vc_single_image media=\u00a0\u00bb117738&Prime; media_width_percent=\u00a0\u00bb100&Prime; uncode_shortcode_id=\u00a0\u00bb289759&Prime;][vc_row_inner row_inner_height_percent=\u00a0\u00bb0&Prime; overlay_alpha=\u00a0\u00bb50&Prime; equal_height=\u00a0\u00bbyes\u00a0\u00bb gutter_size=\u00a0\u00bb3&Prime; shift_y=\u00a0\u00bb0&Prime; z_index=\u00a0\u00bb0&Prime; uncode_shortcode_id=\u00a0\u00bb258372&Prime; limit_content=\u00a0\u00bb\u00a0\u00bb][vc_column_inner width=\u00a0\u00bb10\/12&Prime;][vc_column_text text_lead=\u00a0\u00bbyes\u00a0\u00bb uncode_shortcode_id=\u00a0\u00bb578778&Prime;]<\/p>\n<blockquote><p><i><span style=\"font-weight: 400;\">\u00ab\u2009<span class=\"notion-enable-hover\" data-token-index=\"0\">Tu peux avoir des super supports, si les b\u00e9n\u00e9voles ne savent pas porter ton discours au moment du festival, ton travail ne sera pas valoris\u00e9<\/span><span style=\"font-weight: 500;\">. <\/span>\u00bb <\/span><\/i><br \/>\n<b>Coralie <\/b>&#8211; Responsable Animation de communaut\u00e9 chez JeVeuxAider.gouv.fr<\/p><\/blockquote>\n<p>[\/vc_column_text][\/vc_column_inner][vc_column_inner column_width_percent=\u00a0\u00bb100&Prime; align_horizontal=\u00a0\u00bbalign_center\u00a0\u00bb gutter_size=\u00a0\u00bb2&Prime; overlay_alpha=\u00a0\u00bb50&Prime; shift_x=\u00a0\u00bb0&Prime; shift_y=\u00a0\u00bb0&Prime; shift_y_down=\u00a0\u00bb0&Prime; z_index=\u00a0\u00bb0&Prime; medium_width=\u00a0\u00bb0&Prime; mobile_width=\u00a0\u00bb0&Prime; width=\u00a0\u00bb2\/12&Prime; uncode_shortcode_id=\u00a0\u00bb110281&Prime;][vc_single_image media=\u00a0\u00bb114846&Prime; media_width_use_pixel=\u00a0\u00bbyes\u00a0\u00bb shape=\u00a0\u00bbimg-circle\u00a0\u00bb shadow=\u00a0\u00bbyes\u00a0\u00bb shadow_weight=\u00a0\u00bbstd\u00a0\u00bb uncode_shortcode_id=\u00a0\u00bb988278&Prime; media_width_pixel=\u00a0\u00bb110&Prime;][\/vc_column_inner][\/vc_row_inner][vc_column_text text_lead=\u00a0\u00bbyes\u00a0\u00bb uncode_shortcode_id=\u00a0\u00bb120838&Prime;]Pour embarquer sa <a href=\"https:\/\/www.jeveuxaider.gouv.fr\/missions-benevolat\/13190\/benevolat-jeveuxaidergouvfr\" target=\"_blank\" rel=\"noopener\">communaut\u00e9<\/a> Coralie met en place diff\u00e9rentes actions :<\/p>\n<ul>\n<li>l\u2019accompagnement des \u00e9quipes dans une <strong>session d\u2019accueil<\/strong> pour faire groupe, se sentir accompagn\u00e9 en amont du festival et le jour J pour poser toutes ses questions et s\u2019approprier aussi bien les \u00e9l\u00e9ments de langage que les activit\u00e9s.<\/li>\n<li><strong>un canal de messagerie instantan\u00e9e<\/strong> pour apprendre \u00e0 se conna\u00eetre, maintenir le lien avant, pendant et apr\u00e8s l\u2019\u00e9v\u00e9nement et partager des documents administatifs.<\/li>\n<li><strong>prendre soin de sa tribu<\/strong>\u00a0: Coralie prend en charge les courses, la r\u00e9servation du logement, le trajet jusqu\u2019aux navettes. Elle cherche \u00e0 simplifier au maximum la charge mentale pour que les b\u00e9n\u00e9voles se sentent port\u00e9s et qu\u2019ils passent un bon moment.<\/li>\n<\/ul>\n<p>[\/vc_column_text][vc_custom_heading uncode_shortcode_id=\u00a0\u00bb196968&Prime;]<strong>7<span class=\"notion-enable-hover\" data-token-index=\"1\">\/ D\u00e9montage, recyclage et bilan<\/span><\/strong>[\/vc_custom_heading][vc_single_image media=\u00a0\u00bb114858&Prime; media_width_percent=\u00a0\u00bb100&Prime; uncode_shortcode_id=\u00a0\u00bb311851&Prime;][vc_column_text text_lead=\u00a0\u00bbyes\u00a0\u00bb uncode_shortcode_id=\u00a0\u00bb108012&Prime;]<strong>Toute bonne chose \u00e0 une fin.<\/strong> Il en va de m\u00eame pour notre Refuge. Nous plions, remballons pour laisser le site tel que nous l\u2019avons trouv\u00e9 : impeccable.<\/p>\n<p>Nous avons anticip\u00e9 les usages \u00e0 venir de notre stand qui sera r\u00e9exploit\u00e9 \u00e0 l\u2019occasion d\u2019autres \u00e9v\u00e9nements (renoncez aux chiffres, aux ann\u00e9es et tous les \u00e9l\u00e9ments contextuels qui pourraient rendre votre communication rapidement d\u00e9su\u00e8te).<\/p>\n<p>Nous passons \u00e0 la derni\u00e8re \u00e9tape\u00a0: celle de la <strong>valorisation<\/strong>, comme en atteste cet article. Montrer l\u2019impact de l\u2019\u00e9v\u00e9nement aupr\u00e8s de son \u00e9cosyst\u00e8me, partager ses bonnes pratiques et ses enseignements, \u00e7a compte\u00a0!<\/p>\n<p>Pour Coralie, cela se traduit \u00e9galement par des remerciements aupr\u00e8s de la communaut\u00e9 de b\u00e9n\u00e9voles, la collecte de t\u00e9moignages et de visuels, une r\u00e9union bilan pour tirer des conclusions et d\u00e9finir des leviers d\u2019am\u00e9liorations pour <strong>penser l\u2019avenir<\/strong>. Nous imaginons collectivement une V2 r\u00e9plicable, puisque tout le monde se projette d\u00e9j\u00e0 sur une deuxi\u00e8me \u00e9dition. \u270a[\/vc_column_text][vc_gallery el_id=\u00a0\u00bbgallery-512353&Prime; type=\u00a0\u00bbcarousel\u00a0\u00bb random=\u00a0\u00bbyes\u00a0\u00bb medias=\u00a0\u00bb114891,114890,114889,114888,114887,114886,114885,114884,114883,114882,114853,114841,114861,117731,117733,117734,117735,117736,117739,117740,117741,114842&Prime; carousel_lg=\u00a0\u00bb3&Prime; carousel_md=\u00a0\u00bb3&Prime; carousel_sm=\u00a0\u00bb1&Prime; thumb_size=\u00a0\u00bbone-one\u00a0\u00bb gutter_size=\u00a0\u00bb3&Prime; carousel_height=\u00a0\u00bbequal\u00a0\u00bb carousel_interval=\u00a0\u00bb3000&Prime; carousel_navspeed=\u00a0\u00bb400&Prime; carousel_loop=\u00a0\u00bbyes\u00a0\u00bb carousel_nav=\u00a0\u00bbyes\u00a0\u00bb carousel_nav_mobile=\u00a0\u00bbyes\u00a0\u00bb carousel_dots=\u00a0\u00bbyes\u00a0\u00bb stage_padding=\u00a0\u00bb0&Prime; single_overlay_opacity=\u00a0\u00bb50&Prime; single_padding=\u00a0\u00bb2&Prime; uncode_shortcode_id=\u00a0\u00bb583276&Prime;][vc_column_text text_lead=\u00a0\u00bbyes\u00a0\u00bb uncode_shortcode_id=\u00a0\u00bb103209&Prime;]Nous sortons de cette exp\u00e9rience avec un regain d\u2019\u00e9nergie. Le VYV nous a montr\u00e9 que <strong>nous pouvons construire quelque chose de physique m\u00eame si notre service est r\u00e9solument num\u00e9rique<\/strong>. Nous avons pu nous raconter dans la vraie vie et c\u00f4toyer des initiatives fantastiques, des b\u00e9n\u00e9voles motiv\u00e9s, et des partenaires qui nous suivent dans nos projets, m\u00eame les plus fous. \ud83d\udc97<\/p>\n<p><strong>Merci tout le monde pour cette belle prise de hauteur et \u00e0 l\u2019ann\u00e9e prochaine.<\/strong>[\/vc_column_text][\/vc_column][\/vc_row][vc_row row_height_percent=\u00a0\u00bb0&Prime; override_padding=\u00a0\u00bbyes\u00a0\u00bb h_padding=\u00a0\u00bb2&Prime; top_padding=\u00a0\u00bb1&Prime; bottom_padding=\u00a0\u00bb3&Prime; overlay_alpha=\u00a0\u00bb50&Prime; gutter_size=\u00a0\u00bb3&Prime; column_width_percent=\u00a0\u00bb100&Prime; shift_y=\u00a0\u00bb0&Prime; z_index=\u00a0\u00bb0&Prime; uncode_shortcode_id=\u00a0\u00bb136686&Prime;][vc_column column_width_percent=\u00a0\u00bb100&Prime; position_vertical=\u00a0\u00bbmiddle\u00a0\u00bb align_horizontal=\u00a0\u00bbalign_center\u00a0\u00bb gutter_size=\u00a0\u00bb3&Prime; overlay_alpha=\u00a0\u00bb50&Prime; shift_x=\u00a0\u00bb0&Prime; shift_y=\u00a0\u00bb0&Prime; shift_y_down=\u00a0\u00bb0&Prime; z_index=\u00a0\u00bb0&Prime; medium_width=\u00a0\u00bb0&Prime; mobile_width=\u00a0\u00bb0&Prime; width=\u00a0\u00bb1\/1&Prime; uncode_shortcode_id=\u00a0\u00bb159471&Prime;][vc_button button_color=\u00a0\u00bbaccent\u00a0\u00bb size=\u00a0\u00bbbtn-lg\u00a0\u00bb radius=\u00a0\u00bbbtn-square\u00a0\u00bb text_skin=\u00a0\u00bbyes\u00a0\u00bb custom_typo=\u00a0\u00bbyes\u00a0\u00bb font_family=\u00a0\u00bbfont-120570&Prime; font_weight=\u00a0\u00bb400&Prime; border_width=\u00a0\u00bb0&Prime; link=\u00a0\u00bburl:https%3A%2F%2Fwww.instagram.com%2Fjeveuxaider_gouv%2F%3Fhl%3Dfr|title:Instagram%20JeVeuxAider.gouv.fr|target:_blank\u00a0\u00bb button_color_type=\u00a0\u00bbuncode-palette\u00a0\u00bb uncode_shortcode_id=\u00a0\u00bb190309&Prime;]D\u00e9couvrez en + sur notre exp\u00e9rience du VyV[\/vc_button][\/vc_column][\/vc_row]<\/p>\n<\/div>","protected":false},"excerpt":{"rendered":"<p>Ce week-end notre \u00e9quipe \u00e9tait pr\u00e9sente sur le Vyv festival pour sensibiliser \u00e0 l\u2019engagement b\u00e9n\u00e9vole. Mais avant de fouler le sol dijonnais, il y a eu des neurones en \u00e9bullition, de la cocr\u00e9ation, et des \u00e9changes riches pour se fabriquer toute une identit\u00e9 et un stand sur mesure. Dans ce tutoriel, nous vous partageons en 7 \u00e9tapes cl\u00e9s notre m\u00e9thode et notre retour d\u2019exp\u00e9rience.<\/p>\n","protected":false},"author":5,"featured_media":114872,"comment_status":"open","ping_status":"open","sticky":false,"template":"","format":"standard","meta":{"footnotes":""},"categories":[2],"tags":[],"class_list":["post-114836","post","type-post","status-publish","format-standard","has-post-thumbnail","hentry","category-actualite"],"yoast_head":"<!-- This site is optimized with the Yoast SEO plugin v27.2 - https:\/\/yoast.com\/product\/yoast-seo-wordpress\/ -->\n<title>Tuto : 7 \u00e9tapes pour cr\u00e9er son stand engag\u00e9 en plein festival - Blog B\u00e9n\u00e9volat<\/title>\n<meta name=\"description\" content=\"Toutes les actualit\u00e9s du b\u00e9n\u00e9volat sur le blog de JeVeuxAider.gouv.fr\" \/>\n<meta name=\"robots\" content=\"index, follow, max-snippet:-1, max-image-preview:large, max-video-preview:-1\" \/>\n<link rel=\"canonical\" href=\"https:\/\/www.jeveuxaider.gouv.fr\/engagement\/actualite\/tuto-7-etapes-pour-creer-son-stand-engage-en-plein-festival\/\" \/>\n<meta property=\"og:locale\" content=\"fr_FR\" \/>\n<meta property=\"og:type\" content=\"article\" \/>\n<meta property=\"og:title\" content=\"Tuto : 7 \u00e9tapes pour cr\u00e9er son stand engag\u00e9 en plein festival - Blog B\u00e9n\u00e9volat\" \/>\n<meta property=\"og:description\" content=\"Toutes les actualit\u00e9s du b\u00e9n\u00e9volat sur le blog de JeVeuxAider.gouv.fr\" \/>\n<meta property=\"og:url\" content=\"https:\/\/www.jeveuxaider.gouv.fr\/engagement\/actualite\/tuto-7-etapes-pour-creer-son-stand-engage-en-plein-festival\/\" \/>\n<meta property=\"og:site_name\" content=\"JeVeuxAider.gouv.fr | Le Blog de l&#039;Engagement\" \/>\n<meta property=\"article:published_time\" content=\"2023-06-14T07:57:55+00:00\" \/>\n<meta property=\"article:modified_time\" content=\"2023-06-20T15:11:41+00:00\" \/>\n<meta property=\"og:image\" content=\"https:\/\/jeveuxaider-wp.s3.eu-west-3.amazonaws.com\/uploads\/2023\/06\/WhatsApp-Image-2023-06-12-at-10.33.18.jpg\" \/>\n\t<meta property=\"og:image:width\" content=\"1536\" \/>\n\t<meta property=\"og:image:height\" content=\"1486\" \/>\n\t<meta property=\"og:image:type\" content=\"image\/jpeg\" \/>\n<meta name=\"author\" content=\"Laura Verges\" \/>\n<meta name=\"twitter:card\" content=\"summary_large_image\" \/>\n<meta name=\"twitter:label1\" content=\"Written by\" \/>\n\t<meta name=\"twitter:data1\" content=\"Laura Verges\" \/>\n\t<meta name=\"twitter:label2\" content=\"Est. reading time\" \/>\n\t<meta name=\"twitter:data2\" content=\"7 minutes\" \/>\n<script type=\"application\/ld+json\" class=\"yoast-schema-graph\">{\"@context\":\"https:\/\/schema.org\",\"@graph\":[{\"@type\":\"Article\",\"@id\":\"https:\/\/www.jeveuxaider.gouv.fr\/engagement\/actualite\/tuto-7-etapes-pour-creer-son-stand-engage-en-plein-festival\/#article\",\"isPartOf\":{\"@id\":\"https:\/\/www.jeveuxaider.gouv.fr\/engagement\/actualite\/tuto-7-etapes-pour-creer-son-stand-engage-en-plein-festival\/\"},\"author\":{\"name\":\"Laura Verges\",\"@id\":\"https:\/\/prod-jeveuxaider-wordpress.osc-secnum-fr1.scalingo.io\/#\/schema\/person\/f7773644d7a6aa118b55d68712f25353\"},\"headline\":\"Tuto : 7 \u00e9tapes pour cr\u00e9er son stand engag\u00e9 en plein festival\",\"datePublished\":\"2023-06-14T07:57:55+00:00\",\"dateModified\":\"2023-06-20T15:11:41+00:00\",\"mainEntityOfPage\":{\"@id\":\"https:\/\/www.jeveuxaider.gouv.fr\/engagement\/actualite\/tuto-7-etapes-pour-creer-son-stand-engage-en-plein-festival\/\"},\"wordCount\":1891,\"commentCount\":0,\"image\":{\"@id\":\"https:\/\/www.jeveuxaider.gouv.fr\/engagement\/actualite\/tuto-7-etapes-pour-creer-son-stand-engage-en-plein-festival\/#primaryimage\"},\"thumbnailUrl\":\"https:\/\/jeveuxaider-wp.s3.eu-west-3.amazonaws.com\/uploads\/2023\/06\/WhatsApp-Image-2023-06-12-at-10.33.18.jpg\",\"articleSection\":[\"Actualit\u00e9s\"],\"inLanguage\":\"fr-FR\",\"potentialAction\":[{\"@type\":\"CommentAction\",\"name\":\"Comment\",\"target\":[\"https:\/\/www.jeveuxaider.gouv.fr\/engagement\/actualite\/tuto-7-etapes-pour-creer-son-stand-engage-en-plein-festival\/#respond\"]}]},{\"@type\":\"WebPage\",\"@id\":\"https:\/\/www.jeveuxaider.gouv.fr\/engagement\/actualite\/tuto-7-etapes-pour-creer-son-stand-engage-en-plein-festival\/\",\"url\":\"https:\/\/www.jeveuxaider.gouv.fr\/engagement\/actualite\/tuto-7-etapes-pour-creer-son-stand-engage-en-plein-festival\/\",\"name\":\"Tuto : 7 \u00e9tapes pour cr\u00e9er son stand engag\u00e9 en plein festival - Blog B\u00e9n\u00e9volat\",\"isPartOf\":{\"@id\":\"https:\/\/prod-jeveuxaider-wordpress.osc-secnum-fr1.scalingo.io\/#website\"},\"primaryImageOfPage\":{\"@id\":\"https:\/\/www.jeveuxaider.gouv.fr\/engagement\/actualite\/tuto-7-etapes-pour-creer-son-stand-engage-en-plein-festival\/#primaryimage\"},\"image\":{\"@id\":\"https:\/\/www.jeveuxaider.gouv.fr\/engagement\/actualite\/tuto-7-etapes-pour-creer-son-stand-engage-en-plein-festival\/#primaryimage\"},\"thumbnailUrl\":\"https:\/\/jeveuxaider-wp.s3.eu-west-3.amazonaws.com\/uploads\/2023\/06\/WhatsApp-Image-2023-06-12-at-10.33.18.jpg\",\"datePublished\":\"2023-06-14T07:57:55+00:00\",\"dateModified\":\"2023-06-20T15:11:41+00:00\",\"author\":{\"@id\":\"https:\/\/prod-jeveuxaider-wordpress.osc-secnum-fr1.scalingo.io\/#\/schema\/person\/f7773644d7a6aa118b55d68712f25353\"},\"description\":\"Toutes les actualit\u00e9s du b\u00e9n\u00e9volat sur le blog de JeVeuxAider.gouv.fr\",\"breadcrumb\":{\"@id\":\"https:\/\/www.jeveuxaider.gouv.fr\/engagement\/actualite\/tuto-7-etapes-pour-creer-son-stand-engage-en-plein-festival\/#breadcrumb\"},\"inLanguage\":\"fr-FR\",\"potentialAction\":[{\"@type\":\"ReadAction\",\"target\":[\"https:\/\/www.jeveuxaider.gouv.fr\/engagement\/actualite\/tuto-7-etapes-pour-creer-son-stand-engage-en-plein-festival\/\"]}]},{\"@type\":\"ImageObject\",\"inLanguage\":\"fr-FR\",\"@id\":\"https:\/\/www.jeveuxaider.gouv.fr\/engagement\/actualite\/tuto-7-etapes-pour-creer-son-stand-engage-en-plein-festival\/#primaryimage\",\"url\":\"https:\/\/jeveuxaider-wp.s3.eu-west-3.amazonaws.com\/uploads\/2023\/06\/WhatsApp-Image-2023-06-12-at-10.33.18.jpg\",\"contentUrl\":\"https:\/\/jeveuxaider-wp.s3.eu-west-3.amazonaws.com\/uploads\/2023\/06\/WhatsApp-Image-2023-06-12-at-10.33.18.jpg\",\"width\":1536,\"height\":1486},{\"@type\":\"BreadcrumbList\",\"@id\":\"https:\/\/www.jeveuxaider.gouv.fr\/engagement\/actualite\/tuto-7-etapes-pour-creer-son-stand-engage-en-plein-festival\/#breadcrumb\",\"itemListElement\":[{\"@type\":\"ListItem\",\"position\":1,\"name\":\"Accueil\",\"item\":\"https:\/\/www.jeveuxaider.gouv.fr\/engagement\/\"},{\"@type\":\"ListItem\",\"position\":2,\"name\":\"Tuto : 7 \u00e9tapes pour cr\u00e9er son stand engag\u00e9 en plein festival\"}]},{\"@type\":\"WebSite\",\"@id\":\"https:\/\/prod-jeveuxaider-wordpress.osc-secnum-fr1.scalingo.io\/#website\",\"url\":\"https:\/\/prod-jeveuxaider-wordpress.osc-secnum-fr1.scalingo.io\/\",\"name\":\"JeVeuxAider.gouv.fr | Le Blog\",\"description\":\"Devenez b\u00e9n\u00e9vole et trouvez des missions en quelques clics\",\"alternateName\":\"JeVeuxAider.gouv.fr | Le Blog\",\"potentialAction\":[{\"@type\":\"SearchAction\",\"target\":{\"@type\":\"EntryPoint\",\"urlTemplate\":\"https:\/\/prod-jeveuxaider-wordpress.osc-secnum-fr1.scalingo.io\/?s={search_term_string}\"},\"query-input\":{\"@type\":\"PropertyValueSpecification\",\"valueRequired\":true,\"valueName\":\"search_term_string\"}}],\"inLanguage\":\"fr-FR\"},{\"@type\":\"Person\",\"@id\":\"https:\/\/prod-jeveuxaider-wordpress.osc-secnum-fr1.scalingo.io\/#\/schema\/person\/f7773644d7a6aa118b55d68712f25353\",\"name\":\"Laura Verges\",\"image\":{\"@type\":\"ImageObject\",\"inLanguage\":\"fr-FR\",\"@id\":\"https:\/\/secure.gravatar.com\/avatar\/a1c54863aced1be155ff54187cc143d992e0532a06e9153eb349d36a4daa69d3?s=96&d=mm&r=g\",\"url\":\"https:\/\/secure.gravatar.com\/avatar\/a1c54863aced1be155ff54187cc143d992e0532a06e9153eb349d36a4daa69d3?s=96&d=mm&r=g\",\"contentUrl\":\"https:\/\/secure.gravatar.com\/avatar\/a1c54863aced1be155ff54187cc143d992e0532a06e9153eb349d36a4daa69d3?s=96&d=mm&r=g\",\"caption\":\"Laura Verges\"}}]}<\/script>\n<!-- \/ Yoast SEO plugin. -->","yoast_head_json":{"title":"Tuto : 7 \u00e9tapes pour cr\u00e9er son stand engag\u00e9 en plein festival - Blog B\u00e9n\u00e9volat","description":"Toutes les actualit\u00e9s du b\u00e9n\u00e9volat sur le blog de JeVeuxAider.gouv.fr","robots":{"index":"index","follow":"follow","max-snippet":"max-snippet:-1","max-image-preview":"max-image-preview:large","max-video-preview":"max-video-preview:-1"},"canonical":"https:\/\/www.jeveuxaider.gouv.fr\/engagement\/actualite\/tuto-7-etapes-pour-creer-son-stand-engage-en-plein-festival\/","og_locale":"fr_FR","og_type":"article","og_title":"Tuto : 7 \u00e9tapes pour cr\u00e9er son stand engag\u00e9 en plein festival - Blog B\u00e9n\u00e9volat","og_description":"Toutes les actualit\u00e9s du b\u00e9n\u00e9volat sur le blog de JeVeuxAider.gouv.fr","og_url":"https:\/\/www.jeveuxaider.gouv.fr\/engagement\/actualite\/tuto-7-etapes-pour-creer-son-stand-engage-en-plein-festival\/","og_site_name":"JeVeuxAider.gouv.fr | Le Blog de l&#039;Engagement","article_published_time":"2023-06-14T07:57:55+00:00","article_modified_time":"2023-06-20T15:11:41+00:00","og_image":[{"width":1536,"height":1486,"url":"https:\/\/jeveuxaider-wp.s3.eu-west-3.amazonaws.com\/uploads\/2023\/06\/WhatsApp-Image-2023-06-12-at-10.33.18.jpg","type":"image\/jpeg"}],"author":"Laura Verges","twitter_card":"summary_large_image","twitter_misc":{"Written by":"Laura Verges","Est. reading time":"7 minutes"},"schema":{"@context":"https:\/\/schema.org","@graph":[{"@type":"Article","@id":"https:\/\/www.jeveuxaider.gouv.fr\/engagement\/actualite\/tuto-7-etapes-pour-creer-son-stand-engage-en-plein-festival\/#article","isPartOf":{"@id":"https:\/\/www.jeveuxaider.gouv.fr\/engagement\/actualite\/tuto-7-etapes-pour-creer-son-stand-engage-en-plein-festival\/"},"author":{"name":"Laura Verges","@id":"https:\/\/prod-jeveuxaider-wordpress.osc-secnum-fr1.scalingo.io\/#\/schema\/person\/f7773644d7a6aa118b55d68712f25353"},"headline":"Tuto : 7 \u00e9tapes pour cr\u00e9er son stand engag\u00e9 en plein festival","datePublished":"2023-06-14T07:57:55+00:00","dateModified":"2023-06-20T15:11:41+00:00","mainEntityOfPage":{"@id":"https:\/\/www.jeveuxaider.gouv.fr\/engagement\/actualite\/tuto-7-etapes-pour-creer-son-stand-engage-en-plein-festival\/"},"wordCount":1891,"commentCount":0,"image":{"@id":"https:\/\/www.jeveuxaider.gouv.fr\/engagement\/actualite\/tuto-7-etapes-pour-creer-son-stand-engage-en-plein-festival\/#primaryimage"},"thumbnailUrl":"https:\/\/jeveuxaider-wp.s3.eu-west-3.amazonaws.com\/uploads\/2023\/06\/WhatsApp-Image-2023-06-12-at-10.33.18.jpg","articleSection":["Actualit\u00e9s"],"inLanguage":"fr-FR","potentialAction":[{"@type":"CommentAction","name":"Comment","target":["https:\/\/www.jeveuxaider.gouv.fr\/engagement\/actualite\/tuto-7-etapes-pour-creer-son-stand-engage-en-plein-festival\/#respond"]}]},{"@type":"WebPage","@id":"https:\/\/www.jeveuxaider.gouv.fr\/engagement\/actualite\/tuto-7-etapes-pour-creer-son-stand-engage-en-plein-festival\/","url":"https:\/\/www.jeveuxaider.gouv.fr\/engagement\/actualite\/tuto-7-etapes-pour-creer-son-stand-engage-en-plein-festival\/","name":"Tuto : 7 \u00e9tapes pour cr\u00e9er son stand engag\u00e9 en plein festival - Blog B\u00e9n\u00e9volat","isPartOf":{"@id":"https:\/\/prod-jeveuxaider-wordpress.osc-secnum-fr1.scalingo.io\/#website"},"primaryImageOfPage":{"@id":"https:\/\/www.jeveuxaider.gouv.fr\/engagement\/actualite\/tuto-7-etapes-pour-creer-son-stand-engage-en-plein-festival\/#primaryimage"},"image":{"@id":"https:\/\/www.jeveuxaider.gouv.fr\/engagement\/actualite\/tuto-7-etapes-pour-creer-son-stand-engage-en-plein-festival\/#primaryimage"},"thumbnailUrl":"https:\/\/jeveuxaider-wp.s3.eu-west-3.amazonaws.com\/uploads\/2023\/06\/WhatsApp-Image-2023-06-12-at-10.33.18.jpg","datePublished":"2023-06-14T07:57:55+00:00","dateModified":"2023-06-20T15:11:41+00:00","author":{"@id":"https:\/\/prod-jeveuxaider-wordpress.osc-secnum-fr1.scalingo.io\/#\/schema\/person\/f7773644d7a6aa118b55d68712f25353"},"description":"Toutes les actualit\u00e9s du b\u00e9n\u00e9volat sur le blog de JeVeuxAider.gouv.fr","breadcrumb":{"@id":"https:\/\/www.jeveuxaider.gouv.fr\/engagement\/actualite\/tuto-7-etapes-pour-creer-son-stand-engage-en-plein-festival\/#breadcrumb"},"inLanguage":"fr-FR","potentialAction":[{"@type":"ReadAction","target":["https:\/\/www.jeveuxaider.gouv.fr\/engagement\/actualite\/tuto-7-etapes-pour-creer-son-stand-engage-en-plein-festival\/"]}]},{"@type":"ImageObject","inLanguage":"fr-FR","@id":"https:\/\/www.jeveuxaider.gouv.fr\/engagement\/actualite\/tuto-7-etapes-pour-creer-son-stand-engage-en-plein-festival\/#primaryimage","url":"https:\/\/jeveuxaider-wp.s3.eu-west-3.amazonaws.com\/uploads\/2023\/06\/WhatsApp-Image-2023-06-12-at-10.33.18.jpg","contentUrl":"https:\/\/jeveuxaider-wp.s3.eu-west-3.amazonaws.com\/uploads\/2023\/06\/WhatsApp-Image-2023-06-12-at-10.33.18.jpg","width":1536,"height":1486},{"@type":"BreadcrumbList","@id":"https:\/\/www.jeveuxaider.gouv.fr\/engagement\/actualite\/tuto-7-etapes-pour-creer-son-stand-engage-en-plein-festival\/#breadcrumb","itemListElement":[{"@type":"ListItem","position":1,"name":"Accueil","item":"https:\/\/www.jeveuxaider.gouv.fr\/engagement\/"},{"@type":"ListItem","position":2,"name":"Tuto : 7 \u00e9tapes pour cr\u00e9er son stand engag\u00e9 en plein festival"}]},{"@type":"WebSite","@id":"https:\/\/prod-jeveuxaider-wordpress.osc-secnum-fr1.scalingo.io\/#website","url":"https:\/\/prod-jeveuxaider-wordpress.osc-secnum-fr1.scalingo.io\/","name":"JeVeuxAider.gouv.fr | Le Blog","description":"Devenez b\u00e9n\u00e9vole et trouvez des missions en quelques clics","alternateName":"JeVeuxAider.gouv.fr | Le Blog","potentialAction":[{"@type":"SearchAction","target":{"@type":"EntryPoint","urlTemplate":"https:\/\/prod-jeveuxaider-wordpress.osc-secnum-fr1.scalingo.io\/?s={search_term_string}"},"query-input":{"@type":"PropertyValueSpecification","valueRequired":true,"valueName":"search_term_string"}}],"inLanguage":"fr-FR"},{"@type":"Person","@id":"https:\/\/prod-jeveuxaider-wordpress.osc-secnum-fr1.scalingo.io\/#\/schema\/person\/f7773644d7a6aa118b55d68712f25353","name":"Laura Verges","image":{"@type":"ImageObject","inLanguage":"fr-FR","@id":"https:\/\/secure.gravatar.com\/avatar\/a1c54863aced1be155ff54187cc143d992e0532a06e9153eb349d36a4daa69d3?s=96&d=mm&r=g","url":"https:\/\/secure.gravatar.com\/avatar\/a1c54863aced1be155ff54187cc143d992e0532a06e9153eb349d36a4daa69d3?s=96&d=mm&r=g","contentUrl":"https:\/\/secure.gravatar.com\/avatar\/a1c54863aced1be155ff54187cc143d992e0532a06e9153eb349d36a4daa69d3?s=96&d=mm&r=g","caption":"Laura Verges"}}]}},"_links":{"self":[{"href":"https:\/\/www.jeveuxaider.gouv.fr\/engagement\/wp-json\/wp\/v2\/posts\/114836","targetHints":{"allow":["GET"]}}],"collection":[{"href":"https:\/\/www.jeveuxaider.gouv.fr\/engagement\/wp-json\/wp\/v2\/posts"}],"about":[{"href":"https:\/\/www.jeveuxaider.gouv.fr\/engagement\/wp-json\/wp\/v2\/types\/post"}],"author":[{"embeddable":true,"href":"https:\/\/www.jeveuxaider.gouv.fr\/engagement\/wp-json\/wp\/v2\/users\/5"}],"replies":[{"embeddable":true,"href":"https:\/\/www.jeveuxaider.gouv.fr\/engagement\/wp-json\/wp\/v2\/comments?post=114836"}],"version-history":[{"count":28,"href":"https:\/\/www.jeveuxaider.gouv.fr\/engagement\/wp-json\/wp\/v2\/posts\/114836\/revisions"}],"predecessor-version":[{"id":117746,"href":"https:\/\/www.jeveuxaider.gouv.fr\/engagement\/wp-json\/wp\/v2\/posts\/114836\/revisions\/117746"}],"wp:featuredmedia":[{"embeddable":true,"href":"https:\/\/www.jeveuxaider.gouv.fr\/engagement\/wp-json\/wp\/v2\/media\/114872"}],"wp:attachment":[{"href":"https:\/\/www.jeveuxaider.gouv.fr\/engagement\/wp-json\/wp\/v2\/media?parent=114836"}],"wp:term":[{"taxonomy":"category","embeddable":true,"href":"https:\/\/www.jeveuxaider.gouv.fr\/engagement\/wp-json\/wp\/v2\/categories?post=114836"},{"taxonomy":"post_tag","embeddable":true,"href":"https:\/\/www.jeveuxaider.gouv.fr\/engagement\/wp-json\/wp\/v2\/tags?post=114836"}],"curies":[{"name":"wp","href":"https:\/\/api.w.org\/{rel}","templated":true}]}}