{"id":114434,"date":"2023-05-30T06:22:57","date_gmt":"2023-05-30T06:22:57","guid":{"rendered":"https:\/\/www.jeveuxaider.gouv.fr\/engagement\/?p=114434"},"modified":"2023-06-01T12:25:36","modified_gmt":"2023-06-01T12:25:36","slug":"la-tournee-dete-une-nouvelle-campagne-en-faveur-des-solidarites-estivales","status":"publish","type":"post","link":"https:\/\/www.jeveuxaider.gouv.fr\/engagement\/actualite\/la-tournee-dete-une-nouvelle-campagne-en-faveur-des-solidarites-estivales\/","title":{"rendered":"La tourn\u00e9e d\u2019\u00e9t\u00e9, une nouvelle campagne en faveur des solidarit\u00e9s estivales"},"content":{"rendered":"<div class=\"wpb-content-wrapper\"><p>[vc_row row_height_percent=\u00a0\u00bb0&Prime; override_padding=\u00a0\u00bbyes\u00a0\u00bb h_padding=\u00a0\u00bb2&Prime; top_padding=\u00a0\u00bb3&Prime; bottom_padding=\u00a0\u00bb1&Prime; overlay_alpha=\u00a0\u00bb100&Prime; gutter_size=\u00a0\u00bb3&Prime; column_width_percent=\u00a0\u00bb100&Prime; shift_y=\u00a0\u00bb0&Prime; z_index=\u00a0\u00bb0&Prime; row_height_use_pixel=\u00a0\u00bb\u00a0\u00bb uncode_shortcode_id=\u00a0\u00bb214266&Prime;][vc_column column_width_use_pixel=\u00a0\u00bbyes\u00a0\u00bb gutter_size=\u00a0\u00bb3&Prime; overlay_alpha=\u00a0\u00bb50&Prime; shift_x=\u00a0\u00bb0&Prime; shift_y=\u00a0\u00bb0&Prime; shift_y_down=\u00a0\u00bb0&Prime; z_index=\u00a0\u00bb0&Prime; medium_width=\u00a0\u00bb0&Prime; mobile_width=\u00a0\u00bb0&Prime; zoom_width=\u00a0\u00bb0&Prime; zoom_height=\u00a0\u00bb0&Prime; column_width_pixel=\u00a0\u00bb900&Prime; uncode_shortcode_id=\u00a0\u00bb132975&Prime;][vc_custom_heading uncode_shortcode_id=\u00a0\u00bb164536&Prime;]<strong>F\u00eatons le d\u00e9but d\u2019un \u00e9t\u00e9 \u00e0 part, un \u00e9t\u00e9 solidaire\u00a0!<\/strong>[\/vc_custom_heading][vc_column_text text_lead=\u00a0\u00bbyes\u00a0\u00bb uncode_shortcode_id=\u00a0\u00bb196537&Prime;]Les arts, la culture, le sport, les loisirs, les vacances, la f\u00eate autant de th\u00e9matiques qu\u2019on voudrait remiser au placard des <span class=\"notion-enable-hover\" data-token-index=\"1\">futilit\u00e9s<\/span>. Pourtant, ces moments de joie, ces parenth\u00e8ses d\u2019\u00e9motions sauvages, sont notre raison de vivre. Nous avons besoin d\u2019un espace de libert\u00e9 dans notre t\u00eate comme dans notre corps. Nous avons besoin d\u2019air, d\u2019histoires, d\u2019imaginaires, d\u2019\u00e9chapp\u00e9es\u2026<\/p>\n<p><strong>Chaque ann\u00e9e, environ quatre Fran\u00e7ais sur dix sont priv\u00e9s de vacances <\/strong>selon une \u00e9tude du Cr\u00e9doc <a href=\"http:\/\/www.ovlej.fr\/wp-content\/uploads\/Rapport-enquete-Ovlej-Credoc-5-19-ans-2022-VD.pdf\" target=\"_blank\" rel=\"noopener\">(source)<\/a>. En cause il peut y avoir les finances, la sant\u00e9, l\u2019\u00e9loignement g\u00e9ographique et le manque d\u2019offre de proximit\u00e9 qui va de pair. Les raisons sont plurielles.[\/vc_column_text][vc_single_image media=\u00a0\u00bb114608&Prime; media_width_percent=\u00a0\u00bb100&Prime; uncode_shortcode_id=\u00a0\u00bb178410&Prime;][vc_column_text text_lead=\u00a0\u00bbyes\u00a0\u00bb uncode_shortcode_id=\u00a0\u00bb116101&Prime;]<strong>Alors pour cet \u00e9t\u00e9 on ne se souhaite rien de plus beau que de lutter contre ces in\u00e9galit\u00e9s. Et si partout en France, on faisait souffler le vent de la f\u00eate\u00a0? Si on faisait venir les animations fa\u00e7on tourn\u00e9e\u00a0?<\/strong><\/p>\n<p>Pendant tout le mois de juin, nous encouragerons les missions de b\u00e9n\u00e9volat dans les domaines du sport, de la culture et des loisirs dans toute la France. Nous sensibiliserons aux enjeux de la solidarit\u00e9 estivale et nous ferons du bruit pour les milliers de projets port\u00e9s par les associations ! Avec toujours la m\u00eame conviction : nous pouvons toutes et tous agir \u00e0 notre \u00e9chelle, selon nos envies, et \u00e0 notre rythme. <strong>Cap sur les beaux jours ! <span role=\"img\" aria-label=\"\u2600\ufe0f\">\u2600\ufe0f<\/span><\/strong>[\/vc_column_text][vc_empty_space empty_h=\u00a0\u00bb2&Prime;][vc_custom_heading uncode_shortcode_id=\u00a0\u00bb777008&Prime;]<strong>Arts et culture, faites tourner ! <\/strong>[\/vc_custom_heading][vc_single_image media=\u00a0\u00bb114622&Prime; media_width_percent=\u00a0\u00bb100&Prime; uncode_shortcode_id=\u00a0\u00bb199246&Prime;][vc_column_text text_lead=\u00a0\u00bbyes\u00a0\u00bb uncode_shortcode_id=\u00a0\u00bb189300&Prime;]<\/p>\n<ul>\n<li>M\u00e9diation culturelle<\/li>\n<li>Soutien \u00e0 la r\u00e9alisation d\u2019un festival de musique<\/li>\n<li>Visite patrimoniale pour des jeunes en \u00e9changes internationaux<\/li>\n<li>Animation d\u2019arts plastiques pour les enfants d\u00e9favoris\u00e9s\u2026<\/li>\n<\/ul>\n<p>La danse, le chant, la musique, le th\u00e9\u00e2tre, nous ne les appelons pas arts vivants pour rien. <strong>Vitalit\u00e9s cr\u00e9atrices<\/strong>, les arts de mani\u00e8re g\u00e9n\u00e9rale sont une source in\u00e9puisable de d\u00e9couvertes et d\u2019\u00e9vasions, d&rsquo;\u00e9merveillement, de rire, bref de vie quoi ! Nous ferons de cet \u00e9t\u00e9 <strong>un moment culturel pour tous<\/strong>, qui nous sort de l\u2019apathie, nous r\u00e9g\u00e9n\u00e8re, nous r\u00e9apprend l\u2019urgence de<strong> prendre le pr\u00e9sent \u00e0 bras le corps<\/strong>.[\/vc_column_text][vc_row_inner limit_content=\u00a0\u00bb\u00a0\u00bb][vc_column_inner column_width_percent=\u00a0\u00bb100&Prime; align_horizontal=\u00a0\u00bbalign_center\u00a0\u00bb gutter_size=\u00a0\u00bb3&Prime; overlay_alpha=\u00a0\u00bb50&Prime; shift_x=\u00a0\u00bb0&Prime; shift_y=\u00a0\u00bb0&Prime; shift_y_down=\u00a0\u00bb0&Prime; z_index=\u00a0\u00bb0&Prime; medium_width=\u00a0\u00bb0&Prime; mobile_width=\u00a0\u00bb0&Prime; width=\u00a0\u00bb1\/1&Prime; uncode_shortcode_id=\u00a0\u00bb108173&Prime;][vc_button button_color=\u00a0\u00bbaccent\u00a0\u00bb text_skin=\u00a0\u00bbyes\u00a0\u00bb custom_typo=\u00a0\u00bbyes\u00a0\u00bb font_family=\u00a0\u00bbfont-120570&Prime; font_weight=\u00a0\u00bb400&Prime; border_width=\u00a0\u00bb0&Prime; link=\u00a0\u00bburl:https%3A%2F%2Fwww.jeveuxaider.gouv.fr%2Fmissions-benevolat%3Ftags%3DLa%2520tourn%25C3%25A9e%2520d%2527%25C3%25A9t%25C3%25A9%26domaines%3DArt%2520et%2520culture%2520pour%2520tous|title:Missions%20b%C3%A9n%C3%A9volat%20culture|target:_blank\u00a0\u00bb button_color_type=\u00a0\u00bbuncode-palette\u00a0\u00bb uncode_shortcode_id=\u00a0\u00bb242377&Prime;]D\u00e9couvrez les missions culturelles[\/vc_button][\/vc_column_inner][\/vc_row_inner][vc_empty_space empty_h=\u00a0\u00bb3&Prime;][vc_custom_heading uncode_shortcode_id=\u00a0\u00bb168134&Prime;]<strong>Sport, ce collectif qui fait du bien<\/strong>[\/vc_custom_heading][vc_single_image media=\u00a0\u00bb114623&Prime; media_width_percent=\u00a0\u00bb100&Prime; uncode_shortcode_id=\u00a0\u00bb136078&Prime;][vc_column_text text_lead=\u00a0\u00bbyes\u00a0\u00bb uncode_shortcode_id=\u00a0\u00bb441222&Prime;]<\/p>\n<ul>\n<li>Organisation d\u2019un trail solidaire<\/li>\n<li>Animation de s\u00e9ances sportives pour adolescents<\/li>\n<li>Encadrement d\u2019une course de caisse \u00e0 savon<\/li>\n<li>Participation \u00e0 une activit\u00e9 jo\u00eblette pour personne \u00e0 mobilit\u00e9 r\u00e9duite\u2026<\/li>\n<\/ul>\n<p>Le sport, c\u2019est la promesse des <strong>rencontres<\/strong>, de <strong>l&rsquo;adr\u00e9naline<\/strong>, des <strong>belles valeurs<\/strong>. C\u2019est aussi cet <strong>esprit d&rsquo;\u00e9quipe<\/strong> qui nous regonfle \u00e0 bloc, un jeu capable de nous mettre en mouvement, de nous oxyg\u00e9ner. Cet \u00e9t\u00e9, soutenez les associations sportives pour que toutes et tous nous puissions partager cette grande bouff\u00e9e d\u2019air frais.[\/vc_column_text][vc_row_inner limit_content=\u00a0\u00bb\u00a0\u00bb][vc_column_inner column_width_percent=\u00a0\u00bb100&Prime; align_horizontal=\u00a0\u00bbalign_center\u00a0\u00bb gutter_size=\u00a0\u00bb3&Prime; overlay_alpha=\u00a0\u00bb50&Prime; shift_x=\u00a0\u00bb0&Prime; shift_y=\u00a0\u00bb0&Prime; shift_y_down=\u00a0\u00bb0&Prime; z_index=\u00a0\u00bb0&Prime; medium_width=\u00a0\u00bb0&Prime; mobile_width=\u00a0\u00bb0&Prime; width=\u00a0\u00bb1\/1&Prime; uncode_shortcode_id=\u00a0\u00bb108173&Prime;][vc_button button_color=\u00a0\u00bbaccent\u00a0\u00bb text_skin=\u00a0\u00bbyes\u00a0\u00bb custom_typo=\u00a0\u00bbyes\u00a0\u00bb font_family=\u00a0\u00bbfont-120570&Prime; font_weight=\u00a0\u00bb400&Prime; border_width=\u00a0\u00bb0&Prime; link=\u00a0\u00bburl:https%3A%2F%2Fwww.jeveuxaider.gouv.fr%2Fmissions-benevolat%3Fdomaines%3DSport%2520pour%2520tous%26tags%3DLa%2520tourn%25C3%25A9e%2520d%2527%25C3%25A9t%25C3%25A9|title:Missions%20b%C3%A9n%C3%A9volat%20sport|target:_blank\u00a0\u00bb button_color_type=\u00a0\u00bbuncode-palette\u00a0\u00bb uncode_shortcode_id=\u00a0\u00bb162431&Prime;]D\u00e9couvrez les missions sportives[\/vc_button][\/vc_column_inner][\/vc_row_inner][vc_empty_space empty_h=\u00a0\u00bb3&Prime;][vc_custom_heading uncode_shortcode_id=\u00a0\u00bb175290&Prime;]<strong>Le temps des loisirs et des \u00e9vasions<\/strong>[\/vc_custom_heading][vc_single_image media=\u00a0\u00bb114624&Prime; media_width_percent=\u00a0\u00bb100&Prime; uncode_shortcode_id=\u00a0\u00bb682472&Prime;][vc_column_text uncode_shortcode_id=\u00a0\u00bb451556&Prime;]<\/p>\n<ul>\n<li>Animation d\u2019activit\u00e9s en ext\u00e9rieur<\/li>\n<li>Permanence en ludoth\u00e8que<\/li>\n<li>Cr\u00e9ation d\u2019\u00e9v\u00e9nements de jeux de soci\u00e9t\u00e9 interg\u00e9n\u00e9rationnels<\/li>\n<li>Participer \u00e0 des moments conviviaux dans les centres m\u00e9dicaux<\/li>\n<li>Organiser des vacances \u00e0 destination des personnes fragiles&#8230;<\/li>\n<\/ul>\n<p>A contre-courant du rythme, de la ma\u00eetrise, de l\u2019habituel, les vacances nous poussent \u00e0 lire des livres jamais ouverts, <strong>jouer ensemble<\/strong>, <strong>nous m\u00ealer aux autres<\/strong>, \u00e0 l\u2019inconnu. Et si on profitait de ces vacances pour partir en <strong>vir\u00e9e solidaire<\/strong> ? Cet \u00e9t\u00e9 devenez <strong>cr\u00e9ateur de joie et de loisirs<\/strong> aupr\u00e8s des associations.[\/vc_column_text][vc_row_inner limit_content=\u00a0\u00bb\u00a0\u00bb][vc_column_inner column_width_percent=\u00a0\u00bb100&Prime; align_horizontal=\u00a0\u00bbalign_center\u00a0\u00bb gutter_size=\u00a0\u00bb3&Prime; overlay_alpha=\u00a0\u00bb50&Prime; shift_x=\u00a0\u00bb0&Prime; shift_y=\u00a0\u00bb0&Prime; shift_y_down=\u00a0\u00bb0&Prime; z_index=\u00a0\u00bb0&Prime; medium_width=\u00a0\u00bb0&Prime; mobile_width=\u00a0\u00bb0&Prime; width=\u00a0\u00bb1\/1&Prime; uncode_shortcode_id=\u00a0\u00bb108173&Prime;][vc_button button_color=\u00a0\u00bbaccent\u00a0\u00bb text_skin=\u00a0\u00bbyes\u00a0\u00bb custom_typo=\u00a0\u00bbyes\u00a0\u00bb font_family=\u00a0\u00bbfont-120570&Prime; font_weight=\u00a0\u00bb400&Prime; border_width=\u00a0\u00bb0&Prime; link=\u00a0\u00bburl:https%3A%2F%2Fwww.jeveuxaider.gouv.fr%2Fmissions-benevolat%3Ftags%3DLa%2520tourn%25C3%25A9e%2520d%2527%25C3%25A9t%25C3%25A9%26activity.name%3D%25C3%2589v%25C3%25A9nementiel%257CAnimation%2520%252F%2520Loisirs%257CAccueil%2520%252F%2520Information|title:Missions%20b%C3%A9n%C3%A9volat%20loisirs|target:_blank\u00a0\u00bb button_color_type=\u00a0\u00bbuncode-palette\u00a0\u00bb uncode_shortcode_id=\u00a0\u00bb123006&Prime;]D\u00e9couvrez les missions li\u00e9es aux loisirs[\/vc_button][\/vc_column_inner][\/vc_row_inner][vc_empty_space empty_h=\u00a0\u00bb3&Prime;][vc_custom_heading uncode_shortcode_id=\u00a0\u00bb275624&Prime;]<strong>3 webinaires pour rencontrer les porteurs de projets et sensibiliser aux th\u00e9matiques<\/strong>[\/vc_custom_heading][vc_single_image media=\u00a0\u00bb114631&Prime; media_width_percent=\u00a0\u00bb100&Prime; uncode_shortcode_id=\u00a0\u00bb127816&Prime;][vc_column_text text_lead=\u00a0\u00bbyes\u00a0\u00bb uncode_shortcode_id=\u00a0\u00bb193308&Prime;]Chaque semaine, nous vous proposons un webinaire d\u2019information qui donne la parole aux associations et \u00e0 leurs b\u00e9n\u00e9voles. Une mani\u00e8re interactive de d\u00e9couvrir les 3 th\u00e9matiques de l&rsquo;op\u00e9ration et l\u2019importance du b\u00e9n\u00e9volat sur le territoire.<\/p>\n<p>Au programme des webinaires :[\/vc_column_text][vc_column_text text_lead=\u00a0\u00bbyes\u00a0\u00bb uncode_shortcode_id=\u00a0\u00bb134005&Prime;]<span role=\"img\" aria-label=\"\ud83c\udfa5\">\ud83c\udfa5<\/span> <strong>\u00a0<em>Le sport au service de la solidarit\u00e9<\/em><\/strong> le 14 juin \u00e0 18h30 avec\u00a0<a href=\"https:\/\/www.oxfamfrance.org\/\" target=\"_blank\" rel=\"noopener\">Oxfam<\/a><\/p>\n<p><span role=\"img\" aria-label=\"\ud83c\udfa5\">\ud83c\udfa5<\/span> \u00a0<em><strong>Le d\u00e9fi des arts et de la culture pour tous<\/strong><\/em> le 20 juin \u00e0 18h30 avec <a href=\"https:\/\/www.artexplora.org\/?gclid=CjwKCAjwscGjBhAXEiwAswQqNNR7LAU6MNlu94vi8IkFMRD-Al7s2rzoS_v0eg6ezIItCDC28Nc-0RoCOksQAvD_BwE\" target=\"_blank\" rel=\"noopener\">Art Explora<\/a><\/p>\n<p><span role=\"img\" aria-label=\"\ud83c\udfa5\">\ud83c\udfa5<\/span> \u00a0<strong><em>Faire vivre le droit aux vacances pour tous<\/em>\u00a0<\/strong>le 27 juin \u00e0 18h30 avec <a href=\"https:\/\/apf-evasion.org\/\" target=\"_blank\" rel=\"noopener\">APF Evasion France Handicap<\/a>[\/vc_column_text][vc_row_inner limit_content=\u00a0\u00bb\u00a0\u00bb][vc_column_inner column_width_percent=\u00a0\u00bb100&Prime; align_horizontal=\u00a0\u00bbalign_center\u00a0\u00bb gutter_size=\u00a0\u00bb3&Prime; overlay_alpha=\u00a0\u00bb50&Prime; shift_x=\u00a0\u00bb0&Prime; shift_y=\u00a0\u00bb0&Prime; shift_y_down=\u00a0\u00bb0&Prime; z_index=\u00a0\u00bb0&Prime; medium_width=\u00a0\u00bb0&Prime; mobile_width=\u00a0\u00bb0&Prime; width=\u00a0\u00bb1\/1&Prime; uncode_shortcode_id=\u00a0\u00bb108173&Prime;][vc_button button_color=\u00a0\u00bbaccent\u00a0\u00bb text_skin=\u00a0\u00bbyes\u00a0\u00bb custom_typo=\u00a0\u00bbyes\u00a0\u00bb font_family=\u00a0\u00bbfont-120570&Prime; font_weight=\u00a0\u00bb400&Prime; border_width=\u00a0\u00bb0&Prime; link=\u00a0\u00bburl:https%3A%2F%2Fwww.jeveuxaider.gouv.fr%2Fengagement%2Fla-tournee-ete-webinaires%2F%20|title:Les%20webinaires%20de%20la%20tourn%C3%A9e%20d&rsquo;%C3%A9t%C3%A9|target:_blank\u00a0\u00bb button_color_type=\u00a0\u00bbuncode-palette\u00a0\u00bb uncode_shortcode_id=\u00a0\u00bb688238&Prime;]D\u00e9couvrez les webinaires[\/vc_button][\/vc_column_inner][\/vc_row_inner][vc_empty_space empty_h=\u00a0\u00bb3&Prime;][vc_custom_heading uncode_shortcode_id=\u00a0\u00bb384192&Prime;]<strong>On vous emm\u00e8ne dans nos valises au VyV Festival<\/strong>[\/vc_custom_heading][vc_row_inner limit_content=\u00a0\u00bb\u00a0\u00bb][vc_column_inner column_width_percent=\u00a0\u00bb100&Prime; align_horizontal=\u00a0\u00bbalign_center\u00a0\u00bb gutter_size=\u00a0\u00bb3&Prime; overlay_alpha=\u00a0\u00bb50&Prime; shift_x=\u00a0\u00bb0&Prime; shift_y=\u00a0\u00bb0&Prime; shift_y_down=\u00a0\u00bb0&Prime; z_index=\u00a0\u00bb0&Prime; medium_width=\u00a0\u00bb0&Prime; mobile_width=\u00a0\u00bb0&Prime; width=\u00a0\u00bb1\/3&Prime; uncode_shortcode_id=\u00a0\u00bb108173&Prime;][vc_single_image media=\u00a0\u00bb114629&Prime; media_width_percent=\u00a0\u00bb100&Prime; uncode_shortcode_id=\u00a0\u00bb429399&Prime;][\/vc_column_inner][vc_column_inner width=\u00a0\u00bb2\/3&Prime;][vc_column_text uncode_shortcode_id=\u00a0\u00bb186272&Prime;]Les <strong>9, 10 et 11 juin<\/strong>, JeVeuxAider.gouv.fr tiendra un stand au <a href=\"https:\/\/vyvfestival.org\/?gclid=CjwKCAjwscGjBhAXEiwAswQqNOUyW2bwg5MGtMvm8fSZIuxt2EyC8UIsQtOBtlv8QDHfmVKLu1SChxoCN7AQAvD_BwE\" target=\"_blank\" rel=\"noopener\">VyV festival<\/a> \u00e0 Dijon.<\/p>\n<p>En plein c\u0153ur de l&rsquo;\u00e9v\u00e9nement, nous vous attendons sur le <em>\u00ab\u00a0Chemin des beaux jours\u00a0\u00bb<\/em> aux c\u00f4t\u00e9s de 30 initiatives solidaires, repr\u00e9sentatives des pr\u00e9occupations actuelles de notre soci\u00e9t\u00e9.[\/vc_column_text][\/vc_column_inner][\/vc_row_inner][vc_column_text uncode_shortcode_id=\u00a0\u00bb159717&Prime;]<\/p>\n<p style=\"text-align: left;\">Nous profiterons de cette occasion pour vous raconter sur les r\u00e9seaux sociaux de mani\u00e8re immersive, ce que c\u2019est que d\u2019\u00eatre b\u00e9n\u00e9vole dans un festival. Sur notre stand baptis\u00e9 <strong>\u00ab Le Refuge de l\u2019Engagement \u00bb<\/strong>, nous vous proposons \u00e9galement de nombreuses activit\u00e9s pour d\u00e9couvrir : ce que signifie l\u2019engagement de nos jours ? Comment trouver du temps pour s\u2019engager ? Vers qui s\u2019orienter pour s\u2019engager ? Et bien d\u2019autres questions qui trouveront leurs r\u00e9ponses \u00e0 travers les animations, les \u00e9changes et les partages d\u2019exp\u00e9riences du Refuge de l\u2019engagement. Et bien s\u00fbr on embarque dans ces 3 jours de tourn\u00e9e notre superbe communaut\u00e9 de b\u00e9n\u00e9voles ! <span role=\"img\" aria-label=\"\ud83e\udd73\">\ud83e\udd73<\/span><\/p>\n<p>[\/vc_column_text][\/vc_column][\/vc_row][vc_row row_height_percent=\u00a0\u00bb0&Prime; override_padding=\u00a0\u00bbyes\u00a0\u00bb h_padding=\u00a0\u00bb2&Prime; top_padding=\u00a0\u00bb3&Prime; bottom_padding=\u00a0\u00bb3&Prime; overlay_alpha=\u00a0\u00bb100&Prime; gutter_size=\u00a0\u00bb3&Prime; column_width_percent=\u00a0\u00bb100&Prime; shift_y=\u00a0\u00bb0&Prime; z_index=\u00a0\u00bb0&Prime; row_height_use_pixel=\u00a0\u00bb\u00a0\u00bb uncode_shortcode_id=\u00a0\u00bb521974&Prime;][vc_column column_width_use_pixel=\u00a0\u00bbyes\u00a0\u00bb gutter_size=\u00a0\u00bb3&Prime; overlay_alpha=\u00a0\u00bb50&Prime; shift_x=\u00a0\u00bb0&Prime; shift_y=\u00a0\u00bb0&Prime; shift_y_down=\u00a0\u00bb0&Prime; z_index=\u00a0\u00bb0&Prime; medium_width=\u00a0\u00bb0&Prime; mobile_width=\u00a0\u00bb0&Prime; zoom_width=\u00a0\u00bb0&Prime; zoom_height=\u00a0\u00bb0&Prime; column_width_pixel=\u00a0\u00bb900&Prime; uncode_shortcode_id=\u00a0\u00bb132975&Prime;][vc_separator sep_color=\u00a0\u00bb\u00a0\u00bb uncode_shortcode_id=\u00a0\u00bb140079&Prime;][vc_custom_heading uncode_shortcode_id=\u00a0\u00bb195579&Prime;]<b>Parler de la campagne autour de soi c\u2019est aussi agir !<\/b>[\/vc_custom_heading][vc_column_text uncode_shortcode_id=\u00a0\u00bb984418&Prime;]Tout repose sur notre engagement collectif et la participation de milliers de citoyens. Nous vous proposons de d\u00e9couvrir notre <a href=\"https:\/\/www.notion.so\/jeveuxaider\/Kit-de-communication-I-La-tourn-e-de-juin-2023-99b4238686c94a7eb24ab368f7f6af06\" target=\"_blank\" rel=\"noopener\">kit de communication<\/a> pour faire conna\u00eetre La tourn\u00e9e d\u2019\u00e9t\u00e9 autour de vous. Un moyen rapide et efficace de soutenir le projet et les associations qui le porte.[\/vc_column_text][vc_row_inner limit_content=\u00a0\u00bb\u00a0\u00bb][vc_column_inner column_width_percent=\u00a0\u00bb100&Prime; align_horizontal=\u00a0\u00bbalign_center\u00a0\u00bb gutter_size=\u00a0\u00bb3&Prime; overlay_alpha=\u00a0\u00bb50&Prime; shift_x=\u00a0\u00bb0&Prime; shift_y=\u00a0\u00bb0&Prime; shift_y_down=\u00a0\u00bb0&Prime; z_index=\u00a0\u00bb0&Prime; medium_width=\u00a0\u00bb0&Prime; mobile_width=\u00a0\u00bb0&Prime; width=\u00a0\u00bb1\/1&Prime; uncode_shortcode_id=\u00a0\u00bb108173&Prime;][vc_button button_color=\u00a0\u00bbaccent\u00a0\u00bb text_skin=\u00a0\u00bbyes\u00a0\u00bb custom_typo=\u00a0\u00bbyes\u00a0\u00bb font_family=\u00a0\u00bbfont-120570&Prime; font_weight=\u00a0\u00bb400&Prime; border_width=\u00a0\u00bb0&Prime; link=\u00a0\u00bburl:https%3A%2F%2Fwww.notion.so%2Fjeveuxaider%2FKit-de-communication-I-La-tourn-e-de-juin-2023-99b4238686c94a7eb24ab368f7f6af06|title:kit%20de%20communication%20La%20tourn%C3%A9e%20d&rsquo;%C3%A9t%C3%A9|target:_blank\u00a0\u00bb button_color_type=\u00a0\u00bbuncode-palette\u00a0\u00bb uncode_shortcode_id=\u00a0\u00bb288107&Prime;]Je passe le message \u00e0 mon voisin[\/vc_button][\/vc_column_inner][\/vc_row_inner][vc_empty_space empty_h=\u00a0\u00bb3&Prime;][vc_column_text uncode_shortcode_id=\u00a0\u00bb169591&Prime;]<\/p>\n<h3><strong>Merci pour votre soutien et votre engagement.\u00a0<\/strong><\/h3>\n<p>Les missions sur la plateforme JeVeuxAider.gouv.fr ne s\u2019arr\u00eatent pas au mois de juin. Tout au long de l\u2019ann\u00e9e, de nombreux b\u00e9n\u00e9voles s\u2019engagent au quotidien pour r\u00e9pondre aux besoins des organisations sur JeVeuxAider.gouv.fr. N\u2019h\u00e9sitez pas \u00e0 parcourir <a href=\"https:\/\/www.jeveuxaider.gouv.fr\/missions-benevolat\">l\u2019ensemble des missions de b\u00e9n\u00e9volat<\/a>\u00a0disponibles.[\/vc_column_text][\/vc_column][\/vc_row]<\/p>\n<\/div>","protected":false},"excerpt":{"rendered":"<p>Les concerts, les f\u00eates, les vir\u00e9es entre amis ou en famille\u2026 C\u2019est \u00e0 tout cela que l\u2019\u00e9t\u00e9 devrait faire penser. En tout cas, c\u2019est le d\u00e9fi que s\u2019est lanc\u00e9 JeVeuxAider.gouv.fr, en partenariat avec des associations et des organisations publiques de toute la France. Pendant le mois de juin, plusieurs milliers de missions de b\u00e9n\u00e9volat seront \u00e0 l\u2019honneur pour rendre, la promesse de l\u2019\u00e9t\u00e9, accessible au plus grand nombre.<\/p>\n","protected":false},"author":5,"featured_media":114621,"comment_status":"open","ping_status":"open","sticky":false,"template":"","format":"standard","meta":{"footnotes":""},"categories":[2],"tags":[],"class_list":["post-114434","post","type-post","status-publish","format-standard","has-post-thumbnail","hentry","category-actualite"],"yoast_head":"<!-- This site is optimized with the Yoast SEO plugin v27.2 - https:\/\/yoast.com\/product\/yoast-seo-wordpress\/ -->\n<title>La tourn\u00e9e d\u2019\u00e9t\u00e9, une nouvelle campagne en faveur des solidarit\u00e9s estivales - Blog B\u00e9n\u00e9volat<\/title>\n<meta name=\"description\" content=\"Quels sont les liens entre b\u00e9n\u00e9volat et insertion professionnelle ? Tester un nouveau m\u00e9tier, cr\u00e9er un r\u00e9seau professionnel, monter en comp\u00e9tences... Le b\u00e9n\u00e9volat aide \u00e0 transiter vers l&#039;emploi.\" \/>\n<meta name=\"robots\" content=\"index, follow, max-snippet:-1, max-image-preview:large, max-video-preview:-1\" \/>\n<link rel=\"canonical\" href=\"https:\/\/www.jeveuxaider.gouv.fr\/engagement\/actualite\/la-tournee-dete-une-nouvelle-campagne-en-faveur-des-solidarites-estivales\/\" \/>\n<meta property=\"og:locale\" content=\"fr_FR\" \/>\n<meta property=\"og:type\" content=\"article\" \/>\n<meta property=\"og:title\" content=\"La tourn\u00e9e d\u2019\u00e9t\u00e9, une nouvelle campagne en faveur des solidarit\u00e9s estivales - Blog B\u00e9n\u00e9volat\" \/>\n<meta property=\"og:description\" content=\"Quels sont les liens entre b\u00e9n\u00e9volat et insertion professionnelle ? Tester un nouveau m\u00e9tier, cr\u00e9er un r\u00e9seau professionnel, monter en comp\u00e9tences... Le b\u00e9n\u00e9volat aide \u00e0 transiter vers l&#039;emploi.\" \/>\n<meta property=\"og:url\" content=\"https:\/\/www.jeveuxaider.gouv.fr\/engagement\/actualite\/la-tournee-dete-une-nouvelle-campagne-en-faveur-des-solidarites-estivales\/\" \/>\n<meta property=\"og:site_name\" content=\"JeVeuxAider.gouv.fr | Le Blog de l&#039;Engagement\" \/>\n<meta property=\"article:published_time\" content=\"2023-05-30T06:22:57+00:00\" \/>\n<meta property=\"article:modified_time\" content=\"2023-06-01T12:25:36+00:00\" \/>\n<meta property=\"og:image\" content=\"https:\/\/jeveuxaider-wp.s3.eu-west-3.amazonaws.com\/uploads\/2023\/05\/BLOG-THUMBNAIL-scaled.jpg\" \/>\n\t<meta property=\"og:image:width\" content=\"2560\" \/>\n\t<meta property=\"og:image:height\" content=\"1407\" \/>\n\t<meta property=\"og:image:type\" content=\"image\/jpeg\" \/>\n<meta name=\"author\" content=\"Laura Verges\" \/>\n<meta name=\"twitter:card\" content=\"summary_large_image\" \/>\n<meta name=\"twitter:label1\" content=\"Written by\" \/>\n\t<meta name=\"twitter:data1\" content=\"Laura Verges\" \/>\n\t<meta name=\"twitter:label2\" content=\"Est. reading time\" \/>\n\t<meta name=\"twitter:data2\" content=\"6 minutes\" \/>\n<script type=\"application\/ld+json\" class=\"yoast-schema-graph\">{\"@context\":\"https:\/\/schema.org\",\"@graph\":[{\"@type\":\"Article\",\"@id\":\"https:\/\/www.jeveuxaider.gouv.fr\/engagement\/actualite\/la-tournee-dete-une-nouvelle-campagne-en-faveur-des-solidarites-estivales\/#article\",\"isPartOf\":{\"@id\":\"https:\/\/www.jeveuxaider.gouv.fr\/engagement\/actualite\/la-tournee-dete-une-nouvelle-campagne-en-faveur-des-solidarites-estivales\/\"},\"author\":{\"name\":\"Laura Verges\",\"@id\":\"https:\/\/prod-jeveuxaider-wordpress.osc-secnum-fr1.scalingo.io\/#\/schema\/person\/f7773644d7a6aa118b55d68712f25353\"},\"headline\":\"La tourn\u00e9e d\u2019\u00e9t\u00e9, une nouvelle campagne en faveur des solidarit\u00e9s estivales\",\"datePublished\":\"2023-05-30T06:22:57+00:00\",\"dateModified\":\"2023-06-01T12:25:36+00:00\",\"mainEntityOfPage\":{\"@id\":\"https:\/\/www.jeveuxaider.gouv.fr\/engagement\/actualite\/la-tournee-dete-une-nouvelle-campagne-en-faveur-des-solidarites-estivales\/\"},\"wordCount\":2018,\"commentCount\":0,\"image\":{\"@id\":\"https:\/\/www.jeveuxaider.gouv.fr\/engagement\/actualite\/la-tournee-dete-une-nouvelle-campagne-en-faveur-des-solidarites-estivales\/#primaryimage\"},\"thumbnailUrl\":\"https:\/\/jeveuxaider-wp.s3.eu-west-3.amazonaws.com\/uploads\/2023\/05\/BLOG-THUMBNAIL-scaled.jpg\",\"articleSection\":[\"Actualit\u00e9s\"],\"inLanguage\":\"fr-FR\",\"potentialAction\":[{\"@type\":\"CommentAction\",\"name\":\"Comment\",\"target\":[\"https:\/\/www.jeveuxaider.gouv.fr\/engagement\/actualite\/la-tournee-dete-une-nouvelle-campagne-en-faveur-des-solidarites-estivales\/#respond\"]}]},{\"@type\":\"WebPage\",\"@id\":\"https:\/\/www.jeveuxaider.gouv.fr\/engagement\/actualite\/la-tournee-dete-une-nouvelle-campagne-en-faveur-des-solidarites-estivales\/\",\"url\":\"https:\/\/www.jeveuxaider.gouv.fr\/engagement\/actualite\/la-tournee-dete-une-nouvelle-campagne-en-faveur-des-solidarites-estivales\/\",\"name\":\"La tourn\u00e9e d\u2019\u00e9t\u00e9, une nouvelle campagne en faveur des solidarit\u00e9s estivales - Blog B\u00e9n\u00e9volat\",\"isPartOf\":{\"@id\":\"https:\/\/prod-jeveuxaider-wordpress.osc-secnum-fr1.scalingo.io\/#website\"},\"primaryImageOfPage\":{\"@id\":\"https:\/\/www.jeveuxaider.gouv.fr\/engagement\/actualite\/la-tournee-dete-une-nouvelle-campagne-en-faveur-des-solidarites-estivales\/#primaryimage\"},\"image\":{\"@id\":\"https:\/\/www.jeveuxaider.gouv.fr\/engagement\/actualite\/la-tournee-dete-une-nouvelle-campagne-en-faveur-des-solidarites-estivales\/#primaryimage\"},\"thumbnailUrl\":\"https:\/\/jeveuxaider-wp.s3.eu-west-3.amazonaws.com\/uploads\/2023\/05\/BLOG-THUMBNAIL-scaled.jpg\",\"datePublished\":\"2023-05-30T06:22:57+00:00\",\"dateModified\":\"2023-06-01T12:25:36+00:00\",\"author\":{\"@id\":\"https:\/\/prod-jeveuxaider-wordpress.osc-secnum-fr1.scalingo.io\/#\/schema\/person\/f7773644d7a6aa118b55d68712f25353\"},\"description\":\"Quels sont les liens entre b\u00e9n\u00e9volat et insertion professionnelle ? Tester un nouveau m\u00e9tier, cr\u00e9er un r\u00e9seau professionnel, monter en comp\u00e9tences... Le b\u00e9n\u00e9volat aide \u00e0 transiter vers l'emploi.\",\"breadcrumb\":{\"@id\":\"https:\/\/www.jeveuxaider.gouv.fr\/engagement\/actualite\/la-tournee-dete-une-nouvelle-campagne-en-faveur-des-solidarites-estivales\/#breadcrumb\"},\"inLanguage\":\"fr-FR\",\"potentialAction\":[{\"@type\":\"ReadAction\",\"target\":[\"https:\/\/www.jeveuxaider.gouv.fr\/engagement\/actualite\/la-tournee-dete-une-nouvelle-campagne-en-faveur-des-solidarites-estivales\/\"]}]},{\"@type\":\"ImageObject\",\"inLanguage\":\"fr-FR\",\"@id\":\"https:\/\/www.jeveuxaider.gouv.fr\/engagement\/actualite\/la-tournee-dete-une-nouvelle-campagne-en-faveur-des-solidarites-estivales\/#primaryimage\",\"url\":\"https:\/\/jeveuxaider-wp.s3.eu-west-3.amazonaws.com\/uploads\/2023\/05\/BLOG-THUMBNAIL-scaled.jpg\",\"contentUrl\":\"https:\/\/jeveuxaider-wp.s3.eu-west-3.amazonaws.com\/uploads\/2023\/05\/BLOG-THUMBNAIL-scaled.jpg\",\"width\":2560,\"height\":1407},{\"@type\":\"BreadcrumbList\",\"@id\":\"https:\/\/www.jeveuxaider.gouv.fr\/engagement\/actualite\/la-tournee-dete-une-nouvelle-campagne-en-faveur-des-solidarites-estivales\/#breadcrumb\",\"itemListElement\":[{\"@type\":\"ListItem\",\"position\":1,\"name\":\"Accueil\",\"item\":\"https:\/\/www.jeveuxaider.gouv.fr\/engagement\/\"},{\"@type\":\"ListItem\",\"position\":2,\"name\":\"La tourn\u00e9e d\u2019\u00e9t\u00e9, une nouvelle campagne en faveur des solidarit\u00e9s estivales\"}]},{\"@type\":\"WebSite\",\"@id\":\"https:\/\/prod-jeveuxaider-wordpress.osc-secnum-fr1.scalingo.io\/#website\",\"url\":\"https:\/\/prod-jeveuxaider-wordpress.osc-secnum-fr1.scalingo.io\/\",\"name\":\"JeVeuxAider.gouv.fr | Le Blog\",\"description\":\"Devenez b\u00e9n\u00e9vole et trouvez des missions en quelques clics\",\"alternateName\":\"JeVeuxAider.gouv.fr | Le Blog\",\"potentialAction\":[{\"@type\":\"SearchAction\",\"target\":{\"@type\":\"EntryPoint\",\"urlTemplate\":\"https:\/\/prod-jeveuxaider-wordpress.osc-secnum-fr1.scalingo.io\/?s={search_term_string}\"},\"query-input\":{\"@type\":\"PropertyValueSpecification\",\"valueRequired\":true,\"valueName\":\"search_term_string\"}}],\"inLanguage\":\"fr-FR\"},{\"@type\":\"Person\",\"@id\":\"https:\/\/prod-jeveuxaider-wordpress.osc-secnum-fr1.scalingo.io\/#\/schema\/person\/f7773644d7a6aa118b55d68712f25353\",\"name\":\"Laura Verges\",\"image\":{\"@type\":\"ImageObject\",\"inLanguage\":\"fr-FR\",\"@id\":\"https:\/\/secure.gravatar.com\/avatar\/a1c54863aced1be155ff54187cc143d992e0532a06e9153eb349d36a4daa69d3?s=96&d=mm&r=g\",\"url\":\"https:\/\/secure.gravatar.com\/avatar\/a1c54863aced1be155ff54187cc143d992e0532a06e9153eb349d36a4daa69d3?s=96&d=mm&r=g\",\"contentUrl\":\"https:\/\/secure.gravatar.com\/avatar\/a1c54863aced1be155ff54187cc143d992e0532a06e9153eb349d36a4daa69d3?s=96&d=mm&r=g\",\"caption\":\"Laura Verges\"}}]}<\/script>\n<!-- \/ Yoast SEO plugin. -->","yoast_head_json":{"title":"La tourn\u00e9e d\u2019\u00e9t\u00e9, une nouvelle campagne en faveur des solidarit\u00e9s estivales - Blog B\u00e9n\u00e9volat","description":"Quels sont les liens entre b\u00e9n\u00e9volat et insertion professionnelle ? Tester un nouveau m\u00e9tier, cr\u00e9er un r\u00e9seau professionnel, monter en comp\u00e9tences... Le b\u00e9n\u00e9volat aide \u00e0 transiter vers l'emploi.","robots":{"index":"index","follow":"follow","max-snippet":"max-snippet:-1","max-image-preview":"max-image-preview:large","max-video-preview":"max-video-preview:-1"},"canonical":"https:\/\/www.jeveuxaider.gouv.fr\/engagement\/actualite\/la-tournee-dete-une-nouvelle-campagne-en-faveur-des-solidarites-estivales\/","og_locale":"fr_FR","og_type":"article","og_title":"La tourn\u00e9e d\u2019\u00e9t\u00e9, une nouvelle campagne en faveur des solidarit\u00e9s estivales - Blog B\u00e9n\u00e9volat","og_description":"Quels sont les liens entre b\u00e9n\u00e9volat et insertion professionnelle ? Tester un nouveau m\u00e9tier, cr\u00e9er un r\u00e9seau professionnel, monter en comp\u00e9tences... Le b\u00e9n\u00e9volat aide \u00e0 transiter vers l'emploi.","og_url":"https:\/\/www.jeveuxaider.gouv.fr\/engagement\/actualite\/la-tournee-dete-une-nouvelle-campagne-en-faveur-des-solidarites-estivales\/","og_site_name":"JeVeuxAider.gouv.fr | Le Blog de l&#039;Engagement","article_published_time":"2023-05-30T06:22:57+00:00","article_modified_time":"2023-06-01T12:25:36+00:00","og_image":[{"width":2560,"height":1407,"url":"https:\/\/jeveuxaider-wp.s3.eu-west-3.amazonaws.com\/uploads\/2023\/05\/BLOG-THUMBNAIL-scaled.jpg","type":"image\/jpeg"}],"author":"Laura Verges","twitter_card":"summary_large_image","twitter_misc":{"Written by":"Laura Verges","Est. reading time":"6 minutes"},"schema":{"@context":"https:\/\/schema.org","@graph":[{"@type":"Article","@id":"https:\/\/www.jeveuxaider.gouv.fr\/engagement\/actualite\/la-tournee-dete-une-nouvelle-campagne-en-faveur-des-solidarites-estivales\/#article","isPartOf":{"@id":"https:\/\/www.jeveuxaider.gouv.fr\/engagement\/actualite\/la-tournee-dete-une-nouvelle-campagne-en-faveur-des-solidarites-estivales\/"},"author":{"name":"Laura Verges","@id":"https:\/\/prod-jeveuxaider-wordpress.osc-secnum-fr1.scalingo.io\/#\/schema\/person\/f7773644d7a6aa118b55d68712f25353"},"headline":"La tourn\u00e9e d\u2019\u00e9t\u00e9, une nouvelle campagne en faveur des solidarit\u00e9s estivales","datePublished":"2023-05-30T06:22:57+00:00","dateModified":"2023-06-01T12:25:36+00:00","mainEntityOfPage":{"@id":"https:\/\/www.jeveuxaider.gouv.fr\/engagement\/actualite\/la-tournee-dete-une-nouvelle-campagne-en-faveur-des-solidarites-estivales\/"},"wordCount":2018,"commentCount":0,"image":{"@id":"https:\/\/www.jeveuxaider.gouv.fr\/engagement\/actualite\/la-tournee-dete-une-nouvelle-campagne-en-faveur-des-solidarites-estivales\/#primaryimage"},"thumbnailUrl":"https:\/\/jeveuxaider-wp.s3.eu-west-3.amazonaws.com\/uploads\/2023\/05\/BLOG-THUMBNAIL-scaled.jpg","articleSection":["Actualit\u00e9s"],"inLanguage":"fr-FR","potentialAction":[{"@type":"CommentAction","name":"Comment","target":["https:\/\/www.jeveuxaider.gouv.fr\/engagement\/actualite\/la-tournee-dete-une-nouvelle-campagne-en-faveur-des-solidarites-estivales\/#respond"]}]},{"@type":"WebPage","@id":"https:\/\/www.jeveuxaider.gouv.fr\/engagement\/actualite\/la-tournee-dete-une-nouvelle-campagne-en-faveur-des-solidarites-estivales\/","url":"https:\/\/www.jeveuxaider.gouv.fr\/engagement\/actualite\/la-tournee-dete-une-nouvelle-campagne-en-faveur-des-solidarites-estivales\/","name":"La tourn\u00e9e d\u2019\u00e9t\u00e9, une nouvelle campagne en faveur des solidarit\u00e9s estivales - Blog B\u00e9n\u00e9volat","isPartOf":{"@id":"https:\/\/prod-jeveuxaider-wordpress.osc-secnum-fr1.scalingo.io\/#website"},"primaryImageOfPage":{"@id":"https:\/\/www.jeveuxaider.gouv.fr\/engagement\/actualite\/la-tournee-dete-une-nouvelle-campagne-en-faveur-des-solidarites-estivales\/#primaryimage"},"image":{"@id":"https:\/\/www.jeveuxaider.gouv.fr\/engagement\/actualite\/la-tournee-dete-une-nouvelle-campagne-en-faveur-des-solidarites-estivales\/#primaryimage"},"thumbnailUrl":"https:\/\/jeveuxaider-wp.s3.eu-west-3.amazonaws.com\/uploads\/2023\/05\/BLOG-THUMBNAIL-scaled.jpg","datePublished":"2023-05-30T06:22:57+00:00","dateModified":"2023-06-01T12:25:36+00:00","author":{"@id":"https:\/\/prod-jeveuxaider-wordpress.osc-secnum-fr1.scalingo.io\/#\/schema\/person\/f7773644d7a6aa118b55d68712f25353"},"description":"Quels sont les liens entre b\u00e9n\u00e9volat et insertion professionnelle ? Tester un nouveau m\u00e9tier, cr\u00e9er un r\u00e9seau professionnel, monter en comp\u00e9tences... Le b\u00e9n\u00e9volat aide \u00e0 transiter vers l'emploi.","breadcrumb":{"@id":"https:\/\/www.jeveuxaider.gouv.fr\/engagement\/actualite\/la-tournee-dete-une-nouvelle-campagne-en-faveur-des-solidarites-estivales\/#breadcrumb"},"inLanguage":"fr-FR","potentialAction":[{"@type":"ReadAction","target":["https:\/\/www.jeveuxaider.gouv.fr\/engagement\/actualite\/la-tournee-dete-une-nouvelle-campagne-en-faveur-des-solidarites-estivales\/"]}]},{"@type":"ImageObject","inLanguage":"fr-FR","@id":"https:\/\/www.jeveuxaider.gouv.fr\/engagement\/actualite\/la-tournee-dete-une-nouvelle-campagne-en-faveur-des-solidarites-estivales\/#primaryimage","url":"https:\/\/jeveuxaider-wp.s3.eu-west-3.amazonaws.com\/uploads\/2023\/05\/BLOG-THUMBNAIL-scaled.jpg","contentUrl":"https:\/\/jeveuxaider-wp.s3.eu-west-3.amazonaws.com\/uploads\/2023\/05\/BLOG-THUMBNAIL-scaled.jpg","width":2560,"height":1407},{"@type":"BreadcrumbList","@id":"https:\/\/www.jeveuxaider.gouv.fr\/engagement\/actualite\/la-tournee-dete-une-nouvelle-campagne-en-faveur-des-solidarites-estivales\/#breadcrumb","itemListElement":[{"@type":"ListItem","position":1,"name":"Accueil","item":"https:\/\/www.jeveuxaider.gouv.fr\/engagement\/"},{"@type":"ListItem","position":2,"name":"La tourn\u00e9e d\u2019\u00e9t\u00e9, une nouvelle campagne en faveur des solidarit\u00e9s estivales"}]},{"@type":"WebSite","@id":"https:\/\/prod-jeveuxaider-wordpress.osc-secnum-fr1.scalingo.io\/#website","url":"https:\/\/prod-jeveuxaider-wordpress.osc-secnum-fr1.scalingo.io\/","name":"JeVeuxAider.gouv.fr | Le Blog","description":"Devenez b\u00e9n\u00e9vole et trouvez des missions en quelques clics","alternateName":"JeVeuxAider.gouv.fr | Le Blog","potentialAction":[{"@type":"SearchAction","target":{"@type":"EntryPoint","urlTemplate":"https:\/\/prod-jeveuxaider-wordpress.osc-secnum-fr1.scalingo.io\/?s={search_term_string}"},"query-input":{"@type":"PropertyValueSpecification","valueRequired":true,"valueName":"search_term_string"}}],"inLanguage":"fr-FR"},{"@type":"Person","@id":"https:\/\/prod-jeveuxaider-wordpress.osc-secnum-fr1.scalingo.io\/#\/schema\/person\/f7773644d7a6aa118b55d68712f25353","name":"Laura Verges","image":{"@type":"ImageObject","inLanguage":"fr-FR","@id":"https:\/\/secure.gravatar.com\/avatar\/a1c54863aced1be155ff54187cc143d992e0532a06e9153eb349d36a4daa69d3?s=96&d=mm&r=g","url":"https:\/\/secure.gravatar.com\/avatar\/a1c54863aced1be155ff54187cc143d992e0532a06e9153eb349d36a4daa69d3?s=96&d=mm&r=g","contentUrl":"https:\/\/secure.gravatar.com\/avatar\/a1c54863aced1be155ff54187cc143d992e0532a06e9153eb349d36a4daa69d3?s=96&d=mm&r=g","caption":"Laura Verges"}}]}},"_links":{"self":[{"href":"https:\/\/www.jeveuxaider.gouv.fr\/engagement\/wp-json\/wp\/v2\/posts\/114434","targetHints":{"allow":["GET"]}}],"collection":[{"href":"https:\/\/www.jeveuxaider.gouv.fr\/engagement\/wp-json\/wp\/v2\/posts"}],"about":[{"href":"https:\/\/www.jeveuxaider.gouv.fr\/engagement\/wp-json\/wp\/v2\/types\/post"}],"author":[{"embeddable":true,"href":"https:\/\/www.jeveuxaider.gouv.fr\/engagement\/wp-json\/wp\/v2\/users\/5"}],"replies":[{"embeddable":true,"href":"https:\/\/www.jeveuxaider.gouv.fr\/engagement\/wp-json\/wp\/v2\/comments?post=114434"}],"version-history":[{"count":29,"href":"https:\/\/www.jeveuxaider.gouv.fr\/engagement\/wp-json\/wp\/v2\/posts\/114434\/revisions"}],"predecessor-version":[{"id":114681,"href":"https:\/\/www.jeveuxaider.gouv.fr\/engagement\/wp-json\/wp\/v2\/posts\/114434\/revisions\/114681"}],"wp:featuredmedia":[{"embeddable":true,"href":"https:\/\/www.jeveuxaider.gouv.fr\/engagement\/wp-json\/wp\/v2\/media\/114621"}],"wp:attachment":[{"href":"https:\/\/www.jeveuxaider.gouv.fr\/engagement\/wp-json\/wp\/v2\/media?parent=114434"}],"wp:term":[{"taxonomy":"category","embeddable":true,"href":"https:\/\/www.jeveuxaider.gouv.fr\/engagement\/wp-json\/wp\/v2\/categories?post=114434"},{"taxonomy":"post_tag","embeddable":true,"href":"https:\/\/www.jeveuxaider.gouv.fr\/engagement\/wp-json\/wp\/v2\/tags?post=114434"}],"curies":[{"name":"wp","href":"https:\/\/api.w.org\/{rel}","templated":true}]}}