{"id":1041,"date":"2020-09-10T07:37:07","date_gmt":"2020-09-10T07:37:07","guid":{"rendered":"https:\/\/covid19.reserve-civique.gouv.fr\/?p=1041"},"modified":"2020-09-10T07:37:07","modified_gmt":"2020-09-10T07:37:07","slug":"la-reserve-civique-sengage-pour-la-solidarite-et-linsertion","status":"publish","type":"post","link":"https:\/\/www.jeveuxaider.gouv.fr\/engagement\/actualite\/la-reserve-civique-sengage-pour-la-solidarite-et-linsertion\/","title":{"rendered":"La R\u00e9serve Civique s&rsquo;engage pour la solidarit\u00e9 et l&rsquo;insertion !"},"content":{"rendered":"<div class=\"wpb-content-wrapper\"><p>[vc_row][vc_column column_width_use_pixel=\u00a0\u00bbyes\u00a0\u00bb gutter_size=\u00a0\u00bb3&Prime; overlay_alpha=\u00a0\u00bb50&Prime; shift_x=\u00a0\u00bb0&Prime; shift_y=\u00a0\u00bb0&Prime; shift_y_down=\u00a0\u00bb0&Prime; z_index=\u00a0\u00bb0&Prime; medium_width=\u00a0\u00bb0&Prime; mobile_width=\u00a0\u00bb0&Prime; width=\u00a0\u00bb1\/1&Prime; column_width_pixel=\u00a0\u00bb800&Prime;][vc_column_text text_lead=\u00a0\u00bbyes\u00a0\u00bb]De la lutte contre la pr\u00e9carit\u00e9 alimentaire au soutien aux enfants malades, en passant par l&rsquo;accompagnement des personnes \u00e2g\u00e9es : il existe d&rsquo;innombrables fa\u00e7ons de s&rsquo;engager pour une soci\u00e9t\u00e9 plus juste, inclusive et solidaire. \u00c0 la cl\u00e9, un m\u00eame b\u00e9n\u00e9fice : le sentiment d&rsquo;\u00eatre utile \u00e0 sa communaut\u00e9. Car chaque mission b\u00e9n\u00e9vole, aussi courte soit-elle, fait grandir le bien commun.[\/vc_column_text][vc_single_image media=\u00a0\u00bb1049&Prime; media_width_use_pixel=\u00a0\u00bbyes\u00a0\u00bb alignment=\u00a0\u00bbcenter\u00a0\u00bb shape=\u00a0\u00bbimg-round\u00a0\u00bb shadow=\u00a0\u00bbyes\u00a0\u00bb shadow_weight=\u00a0\u00bbxs\u00a0\u00bb media_width_pixel=\u00a0\u00bb700&Prime;][vc_empty_space empty_h=\u00a0\u00bb1&Prime;][vc_column_text text_lead=\u00a0\u00bbyes\u00a0\u00bb]<\/p>\n<h3>D\u00e9couvrez les missions Solidarit\u00e9 et insertion<\/h3>\n<p>Vous \u00eates un particulier et vous souhaitez agir concr\u00e8tement dans le domaine de la solidarit\u00e9 ? <a href=\"https:\/\/covid19.reserve-civique.gouv.fr\/thematiques\/solidarite-et-insertion\">C&rsquo;est possible !<\/a> Voici les principales missions auxquelles que vous pouvez effectuer, en tant que b\u00e9n\u00e9vole de la R\u00e9serve Civique. (Rappel : <a href=\"https:\/\/covid19.reserve-civique.gouv.fr\/info\/devenir-reserviste-mode-demploi\/\">toute personne majeure r\u00e9sidant en France, jusqu&rsquo;\u00e0 70 ans pendant la crise, peut s&rsquo;y inscrire<\/a>).[\/vc_column_text][vc_empty_space empty_h=\u00a0\u00bb1&Prime;][vc_column_text text_lead=\u00a0\u00bbyes\u00a0\u00bb]<\/p>\n<h4 class=\"text-lg font-medium text-gray-900\">Lutte contre l&rsquo;isolement des personnes \u00e2g\u00e9es ou en situation de handicap<\/h4>\n<p class=\"text-lg font-medium text-gray-900\">\ud83d\udd0e Je cr\u00e9e du lien social avec une personne en situation de pr\u00e9carit\u00e9, \u00e2g\u00e9e ou en situation de handicap.<\/p>\n<p>[\/vc_column_text][vc_empty_space empty_h=\u00a0\u00bb1&Prime;][vc_column_text text_lead=\u00a0\u00bbyes\u00a0\u00bb]<\/p>\n<h4 class=\"text-lg font-medium text-gray-900\">Participer \u00e0 l\u2019insertion des nouveaux arrivants en France<\/h4>\n<p>\ud83d\udd0e Je cr\u00e9e du lien social avec les nouveaux arrivants en France.[\/vc_column_text][vc_empty_space empty_h=\u00a0\u00bb1&Prime;][vc_column_text text_lead=\u00a0\u00bbyes\u00a0\u00bb]<\/p>\n<h4 class=\"text-lg font-medium text-gray-900\">Aide alimentaire et d&rsquo;urgence au profit des plus d\u00e9munis<\/h4>\n<p class=\"text-lg font-medium text-gray-900\">\ud83d\udd0e Je contribue \u00e0 la distribution de produits de premi\u00e8re n\u00e9cessit\u00e9 (aliments, hygi\u00e8ne, \u2026) ou de repas aux plus d\u00e9munis.<\/p>\n<p>[\/vc_column_text][vc_empty_space empty_h=\u00a0\u00bb1&Prime;][vc_column_text text_lead=\u00a0\u00bbyes\u00a0\u00bb]<\/p>\n<h4 class=\"text-lg font-medium text-gray-900\">Courses au profit des plus fragiles<\/h4>\n<p class=\"text-lg font-medium text-gray-900\">\ud83d\udd0e Je fais les courses pour mes voisins les plus fragiles.<\/p>\n<p>[\/vc_column_text][vc_empty_space empty_h=\u00a0\u00bb1&Prime;][vc_column_text text_lead=\u00a0\u00bbyes\u00a0\u00bb]<\/p>\n<div>\n<div>\n<div>\n<div>\ud83d\udc49Toutes ces missions, et plein d&rsquo;autres encore, sont disponibles d\u00e8s maintenant sur la page <a href=\"https:\/\/covid19.reserve-civique.gouv.fr\/thematiques\/solidarite-et-insertion\">Solidarit\u00e9 et insertion de la R\u00e9serve Civique.<\/a><\/div>\n<div>\n<div>\n<div class=\"mt-2 text-base text-gray-500\"><\/div>\n<\/div>\n<\/div>\n<\/div>\n<\/div>\n<\/div>\n<p>[\/vc_column_text][vc_empty_space empty_h=\u00a0\u00bb1&Prime;][vc_column_text text_lead=\u00a0\u00bbyes\u00a0\u00bb]<\/p>\n<h3 class=\"mt-2 text-base text-gray-500\">Qui sont nos partenaires ?<\/h3>\n<div>L&rsquo;union fait la force ! C&rsquo;est pourquoi la R\u00e9serve Civique s&rsquo;associe avec deux associations : les <a href=\"https:\/\/www.banquealimentaire.org\">Banques Alimentaires<\/a> et l&rsquo;<a href=\"https:\/\/andes-france.com\/\">ANDES<\/a>.<\/div>\n<p>[\/vc_column_text][vc_row_inner][vc_column_inner column_width_percent=\u00a0\u00bb100&Prime; gutter_size=\u00a0\u00bb3&Prime; overlay_alpha=\u00a0\u00bb50&Prime; shift_x=\u00a0\u00bb0&Prime; shift_y=\u00a0\u00bb0&Prime; shift_y_down=\u00a0\u00bb0&Prime; z_index=\u00a0\u00bb0&Prime; medium_width=\u00a0\u00bb0&Prime; mobile_width=\u00a0\u00bb0&Prime; width=\u00a0\u00bb1\/2&Prime; css=\u00a0\u00bb.vc_custom_1599728810909{padding-top: 42px !important;}\u00a0\u00bb][vc_single_image media=\u00a0\u00bb1045&Prime; media_width_percent=\u00a0\u00bb50&Prime; alignment=\u00a0\u00bbcenter\u00a0\u00bb media_link=\u00a0\u00bburl:https%3A%2F%2Fwww.banquealimentaire.org%2F||target:%20_blank|\u00a0\u00bb][vc_empty_space empty_h=\u00a0\u00bb2&Prime;][vc_column_text text_lead=\u00a0\u00bbyes\u00a0\u00bb]<span data-sheets-formula-bar-text-style=\"font-size:13px;color:#000000;font-weight:normal;text-decoration:none;font-family:'Arial';font-style:normal;text-decoration-skip-ink:none;\"><strong>Les Banques Alimentaires<\/strong> agissent contre la pauvret\u00e9, la pr\u00e9carit\u00e9 et le gaspillage alimentaire depuis 35 ans. Elle permettent de fournir 230 millions de repas gratuits par an, notamment gr\u00e2ce \u00e0 leur Collecte Nationale de denr\u00e9es alimentaires aupr\u00e8s du grand public, fin novembre.\u00a0<\/span>[\/vc_column_text][\/vc_column_inner][vc_column_inner width=\u00a0\u00bb1\/2&Prime;][vc_single_image media=\u00a0\u00bb1046&Prime; media_width_percent=\u00a0\u00bb50&Prime; alignment=\u00a0\u00bbcenter\u00a0\u00bb media_link=\u00a0\u00bburl:https%3A%2F%2Fandes-france.com%2F||target:%20_blank|\u00a0\u00bb][vc_empty_space empty_h=\u00a0\u00bb2&Prime;][vc_column_text text_lead=\u00a0\u00bbyes\u00a0\u00bb]<span data-sheets-formula-bar-text-style=\"font-size:13px;color:#000000;font-weight:normal;text-decoration:none;font-family:'Arial';font-style:normal;text-decoration-skip-ink:none;\"><strong>L&rsquo;ANDES<\/strong> est un r\u00e9seau qui rassemble plus de 380 \u00e9piceries sociales et solidaires en France. Son but : innover pour l\u2019insertion durable autour d\u2019une alimentation de qualit\u00e9 pour tous. <\/span>[\/vc_column_text][\/vc_column_inner][\/vc_row_inner][vc_empty_space empty_h=\u00a0\u00bb2&Prime;][vc_column_text text_lead=\u00a0\u00bbyes\u00a0\u00bb]<\/p>\n<h3><strong>Ils s&rsquo;engagent avec la R\u00e9serve Civique <\/strong><\/h3>\n<blockquote>\n<div>\u00ab\u00a0<strong><a href=\"https:\/\/covid19.reserve-civique.gouv.fr\/?p=1020\">Causons<\/a> propose des activit\u00e9s linguistiques et culturelles qui favorisent l&rsquo;insertion et les \u00e9changes entre personnes exil\u00e9es et soci\u00e9t\u00e9 civile d&rsquo;accueil<\/strong>. Rejoindre la R\u00e9serve Civique nous permet d&rsquo;ouvrir la communaut\u00e9 existante et d&rsquo;int\u00e9grer de nouvelles personnes et comp\u00e9tences \u00e0 notre r\u00e9seau de b\u00e9n\u00e9vole.\u00a0\u00bb <strong>H\u00e9l\u00e8ne Ramajo<\/strong> de l&rsquo;association <a href=\"https:\/\/covid19.reserve-civique.gouv.fr\/?p=1020\"><span style=\"text-decoration: underline;\"><strong>Causons<\/strong><\/span><\/a><\/div>\n<\/blockquote>\n<p>[\/vc_column_text][vc_empty_space empty_h=\u00a0\u00bb1&Prime;][vc_column_text text_lead=\u00a0\u00bbyes\u00a0\u00bb]<\/p>\n<blockquote>\n<div>\u00a0\u00bb Depuis 1997, <a href=\"https:\/\/www.lenvol.asso.fr\/\" target=\"_blank\" rel=\"noopener noreferrer\"><strong>L\u2019ENVOL<\/strong><\/a> organise des programmes adapt\u00e9s aux jeunes malades de 6 \u00e0 25 ans et \u00e0 leur famille. Nous permettons \u00e0 1000 b\u00e9n\u00e9ficiaires de trouver force et confiance en eux pour vivre mieux pendant ou apr\u00e8s la maladie et de rompre avec l\u2019isolement. <strong>L\u2019ENVOL a rejoint la R\u00e9serve Civique pour proposer ses missions \u00e0 une grande communaut\u00e9 de citoyens engag\u00e9s de toute la France.<\/strong> Faire partie de la R\u00e9serve Civique, c\u2019est \u00e9galement \u00eatre acteur du d\u00e9veloppement du secteur associatif fran\u00e7ais et offrir un meilleur rayonnement de nos actions sur tout le territoire.\u00a0\u00bb <strong>Charline Sergent<\/strong> de l&rsquo;association <a href=\"https:\/\/www.lenvol.asso.fr\/\"><strong>L&rsquo;ENVOL.<\/strong><\/a><\/div>\n<\/blockquote>\n<div><\/div>\n<p>[\/vc_column_text][vc_empty_space empty_h=\u00a0\u00bb1&Prime;][vc_single_image media=\u00a0\u00bb1053&Prime; media_width_use_pixel=\u00a0\u00bbyes\u00a0\u00bb alignment=\u00a0\u00bbcenter\u00a0\u00bb shape=\u00a0\u00bbimg-round\u00a0\u00bb shadow=\u00a0\u00bbyes\u00a0\u00bb shadow_weight=\u00a0\u00bbxs\u00a0\u00bb media_width_pixel=\u00a0\u00bb700&Prime;][vc_single_image media=\u00a0\u00bb1064&Prime; media_width_use_pixel=\u00a0\u00bbyes\u00a0\u00bb alignment=\u00a0\u00bbcenter\u00a0\u00bb shape=\u00a0\u00bbimg-round\u00a0\u00bb shadow=\u00a0\u00bbyes\u00a0\u00bb shadow_weight=\u00a0\u00bbxs\u00a0\u00bb media_width_pixel=\u00a0\u00bb700&Prime;][vc_empty_space empty_h=\u00a0\u00bb2&Prime;][vc_column_text text_lead=\u00a0\u00bbyes\u00a0\u00bb]\ud83d\udc49 Retrouvez \u00e9galement les missions de la <a href=\"https:\/\/www.croix-rouge.fr\/\">Croix-Rouge Fran\u00e7aise<\/a>, <a href=\"https:\/\/www.actioncontrelafaim.org\/\">Action contre la Faim<\/a>, l&rsquo;<a href=\"https:\/\/www.armeedusalut.fr\/\">Arm\u00e9e du Salut<\/a> ou <a href=\"https:\/\/www.entourage.social\/\">Entourage<\/a> sur la <a href=\"https:\/\/covid19.reserve-civique.gouv.fr\/thematiques\/solidarite-et-insertion\">plateforme de la R\u00e9serve Civique !<\/a>[\/vc_column_text][\/vc_column][\/vc_row]<\/p>\n<\/div>","protected":false},"excerpt":{"rendered":"<p>La R\u00e9serve Civique, en partenariat avec les Banques Alimentaires et l&rsquo;ANDES, vous propose des milliers de missions b\u00e9n\u00e9voles pour faire grandir la solidarit\u00e9 en France.<\/p>\n","protected":false},"author":1,"featured_media":1050,"comment_status":"open","ping_status":"open","sticky":false,"template":"","format":"standard","meta":{"footnotes":""},"categories":[2,5],"tags":[],"class_list":["post-1041","post","type-post","status-publish","format-standard","has-post-thumbnail","hentry","category-actualite","category-info"],"yoast_head":"<!-- This site is optimized with the Yoast SEO plugin v27.2 - https:\/\/yoast.com\/product\/yoast-seo-wordpress\/ -->\n<title>La R\u00e9serve Civique s&#039;engage pour la solidarit\u00e9 et l&#039;insertion ! - Blog B\u00e9n\u00e9volat<\/title>\n<meta name=\"description\" content=\"Toutes les actualit\u00e9s du b\u00e9n\u00e9volat sur le blog de JeVeuxAider.gouv.fr\" \/>\n<meta name=\"robots\" content=\"index, follow, max-snippet:-1, max-image-preview:large, max-video-preview:-1\" \/>\n<link rel=\"canonical\" href=\"https:\/\/www.jeveuxaider.gouv.fr\/engagement\/actualite\/la-reserve-civique-sengage-pour-la-solidarite-et-linsertion\/\" \/>\n<meta property=\"og:locale\" content=\"fr_FR\" \/>\n<meta property=\"og:type\" content=\"article\" \/>\n<meta property=\"og:title\" content=\"La R\u00e9serve Civique s&#039;engage pour la solidarit\u00e9 et l&#039;insertion ! - Blog B\u00e9n\u00e9volat\" \/>\n<meta property=\"og:description\" content=\"Toutes les actualit\u00e9s du b\u00e9n\u00e9volat sur le blog de JeVeuxAider.gouv.fr\" \/>\n<meta property=\"og:url\" content=\"https:\/\/www.jeveuxaider.gouv.fr\/engagement\/actualite\/la-reserve-civique-sengage-pour-la-solidarite-et-linsertion\/\" \/>\n<meta property=\"og:site_name\" content=\"JeVeuxAider.gouv.fr | Le Blog de l&#039;Engagement\" \/>\n<meta property=\"article:published_time\" content=\"2020-09-10T07:37:07+00:00\" \/>\n<meta property=\"og:image\" content=\"https:\/\/jeveuxaider-wp.s3.eu-west-3.amazonaws.com\/uploads\/2020\/09\/Capture-decran-2020-09-09-a-21.25.43.png\" \/>\n\t<meta property=\"og:image:width\" content=\"1412\" \/>\n\t<meta property=\"og:image:height\" content=\"466\" \/>\n\t<meta property=\"og:image:type\" content=\"image\/png\" \/>\n<meta name=\"author\" content=\"Nicolas\" \/>\n<meta name=\"twitter:card\" content=\"summary_large_image\" \/>\n<meta name=\"twitter:label1\" content=\"Written by\" \/>\n\t<meta name=\"twitter:data1\" content=\"Nicolas\" \/>\n\t<meta name=\"twitter:label2\" content=\"Est. reading time\" \/>\n\t<meta name=\"twitter:data2\" content=\"5 minutes\" \/>\n<script type=\"application\/ld+json\" class=\"yoast-schema-graph\">{\"@context\":\"https:\/\/schema.org\",\"@graph\":[{\"@type\":\"Article\",\"@id\":\"https:\/\/www.jeveuxaider.gouv.fr\/engagement\/actualite\/la-reserve-civique-sengage-pour-la-solidarite-et-linsertion\/#article\",\"isPartOf\":{\"@id\":\"https:\/\/www.jeveuxaider.gouv.fr\/engagement\/actualite\/la-reserve-civique-sengage-pour-la-solidarite-et-linsertion\/\"},\"author\":{\"name\":\"Nicolas\",\"@id\":\"https:\/\/prod-jeveuxaider-wordpress.osc-secnum-fr1.scalingo.io\/#\/schema\/person\/a1038efd7988d1bb686b3592a0dc4f28\"},\"headline\":\"La R\u00e9serve Civique s&rsquo;engage pour la solidarit\u00e9 et l&rsquo;insertion !\",\"datePublished\":\"2020-09-10T07:37:07+00:00\",\"mainEntityOfPage\":{\"@id\":\"https:\/\/www.jeveuxaider.gouv.fr\/engagement\/actualite\/la-reserve-civique-sengage-pour-la-solidarite-et-linsertion\/\"},\"wordCount\":940,\"commentCount\":0,\"image\":{\"@id\":\"https:\/\/www.jeveuxaider.gouv.fr\/engagement\/actualite\/la-reserve-civique-sengage-pour-la-solidarite-et-linsertion\/#primaryimage\"},\"thumbnailUrl\":\"https:\/\/jeveuxaider-wp.s3.eu-west-3.amazonaws.com\/uploads\/2020\/09\/Capture-decran-2020-09-09-a-21.25.43.png\",\"articleSection\":[\"Actualit\u00e9s\",\"Info\"],\"inLanguage\":\"fr-FR\",\"potentialAction\":[{\"@type\":\"CommentAction\",\"name\":\"Comment\",\"target\":[\"https:\/\/www.jeveuxaider.gouv.fr\/engagement\/actualite\/la-reserve-civique-sengage-pour-la-solidarite-et-linsertion\/#respond\"]}]},{\"@type\":\"WebPage\",\"@id\":\"https:\/\/www.jeveuxaider.gouv.fr\/engagement\/actualite\/la-reserve-civique-sengage-pour-la-solidarite-et-linsertion\/\",\"url\":\"https:\/\/www.jeveuxaider.gouv.fr\/engagement\/actualite\/la-reserve-civique-sengage-pour-la-solidarite-et-linsertion\/\",\"name\":\"La R\u00e9serve Civique s'engage pour la solidarit\u00e9 et l'insertion ! - Blog B\u00e9n\u00e9volat\",\"isPartOf\":{\"@id\":\"https:\/\/prod-jeveuxaider-wordpress.osc-secnum-fr1.scalingo.io\/#website\"},\"primaryImageOfPage\":{\"@id\":\"https:\/\/www.jeveuxaider.gouv.fr\/engagement\/actualite\/la-reserve-civique-sengage-pour-la-solidarite-et-linsertion\/#primaryimage\"},\"image\":{\"@id\":\"https:\/\/www.jeveuxaider.gouv.fr\/engagement\/actualite\/la-reserve-civique-sengage-pour-la-solidarite-et-linsertion\/#primaryimage\"},\"thumbnailUrl\":\"https:\/\/jeveuxaider-wp.s3.eu-west-3.amazonaws.com\/uploads\/2020\/09\/Capture-decran-2020-09-09-a-21.25.43.png\",\"datePublished\":\"2020-09-10T07:37:07+00:00\",\"author\":{\"@id\":\"https:\/\/prod-jeveuxaider-wordpress.osc-secnum-fr1.scalingo.io\/#\/schema\/person\/a1038efd7988d1bb686b3592a0dc4f28\"},\"description\":\"Toutes les actualit\u00e9s du b\u00e9n\u00e9volat sur le blog de JeVeuxAider.gouv.fr\",\"breadcrumb\":{\"@id\":\"https:\/\/www.jeveuxaider.gouv.fr\/engagement\/actualite\/la-reserve-civique-sengage-pour-la-solidarite-et-linsertion\/#breadcrumb\"},\"inLanguage\":\"fr-FR\",\"potentialAction\":[{\"@type\":\"ReadAction\",\"target\":[\"https:\/\/www.jeveuxaider.gouv.fr\/engagement\/actualite\/la-reserve-civique-sengage-pour-la-solidarite-et-linsertion\/\"]}]},{\"@type\":\"ImageObject\",\"inLanguage\":\"fr-FR\",\"@id\":\"https:\/\/www.jeveuxaider.gouv.fr\/engagement\/actualite\/la-reserve-civique-sengage-pour-la-solidarite-et-linsertion\/#primaryimage\",\"url\":\"https:\/\/jeveuxaider-wp.s3.eu-west-3.amazonaws.com\/uploads\/2020\/09\/Capture-decran-2020-09-09-a-21.25.43.png\",\"contentUrl\":\"https:\/\/jeveuxaider-wp.s3.eu-west-3.amazonaws.com\/uploads\/2020\/09\/Capture-decran-2020-09-09-a-21.25.43.png\",\"width\":1412,\"height\":466},{\"@type\":\"BreadcrumbList\",\"@id\":\"https:\/\/www.jeveuxaider.gouv.fr\/engagement\/actualite\/la-reserve-civique-sengage-pour-la-solidarite-et-linsertion\/#breadcrumb\",\"itemListElement\":[{\"@type\":\"ListItem\",\"position\":1,\"name\":\"Accueil\",\"item\":\"https:\/\/www.jeveuxaider.gouv.fr\/engagement\/\"},{\"@type\":\"ListItem\",\"position\":2,\"name\":\"La R\u00e9serve Civique s&rsquo;engage pour la solidarit\u00e9 et l&rsquo;insertion !\"}]},{\"@type\":\"WebSite\",\"@id\":\"https:\/\/prod-jeveuxaider-wordpress.osc-secnum-fr1.scalingo.io\/#website\",\"url\":\"https:\/\/prod-jeveuxaider-wordpress.osc-secnum-fr1.scalingo.io\/\",\"name\":\"JeVeuxAider.gouv.fr | Le Blog\",\"description\":\"Devenez b\u00e9n\u00e9vole et trouvez des missions en quelques clics\",\"alternateName\":\"JeVeuxAider.gouv.fr | Le Blog\",\"potentialAction\":[{\"@type\":\"SearchAction\",\"target\":{\"@type\":\"EntryPoint\",\"urlTemplate\":\"https:\/\/prod-jeveuxaider-wordpress.osc-secnum-fr1.scalingo.io\/?s={search_term_string}\"},\"query-input\":{\"@type\":\"PropertyValueSpecification\",\"valueRequired\":true,\"valueName\":\"search_term_string\"}}],\"inLanguage\":\"fr-FR\"},{\"@type\":\"Person\",\"@id\":\"https:\/\/prod-jeveuxaider-wordpress.osc-secnum-fr1.scalingo.io\/#\/schema\/person\/a1038efd7988d1bb686b3592a0dc4f28\",\"name\":\"Nicolas\",\"image\":{\"@type\":\"ImageObject\",\"inLanguage\":\"fr-FR\",\"@id\":\"https:\/\/secure.gravatar.com\/avatar\/09455ddc73331fa8c8480bf5e787afcdaeed30de1cfeb4ae87e69b74a32d54c1?s=96&d=mm&r=g\",\"url\":\"https:\/\/secure.gravatar.com\/avatar\/09455ddc73331fa8c8480bf5e787afcdaeed30de1cfeb4ae87e69b74a32d54c1?s=96&d=mm&r=g\",\"contentUrl\":\"https:\/\/secure.gravatar.com\/avatar\/09455ddc73331fa8c8480bf5e787afcdaeed30de1cfeb4ae87e69b74a32d54c1?s=96&d=mm&r=g\",\"caption\":\"Nicolas\"}}]}<\/script>\n<!-- \/ Yoast SEO plugin. -->","yoast_head_json":{"title":"La R\u00e9serve Civique s'engage pour la solidarit\u00e9 et l'insertion ! - Blog B\u00e9n\u00e9volat","description":"Toutes les actualit\u00e9s du b\u00e9n\u00e9volat sur le blog de JeVeuxAider.gouv.fr","robots":{"index":"index","follow":"follow","max-snippet":"max-snippet:-1","max-image-preview":"max-image-preview:large","max-video-preview":"max-video-preview:-1"},"canonical":"https:\/\/www.jeveuxaider.gouv.fr\/engagement\/actualite\/la-reserve-civique-sengage-pour-la-solidarite-et-linsertion\/","og_locale":"fr_FR","og_type":"article","og_title":"La R\u00e9serve Civique s'engage pour la solidarit\u00e9 et l'insertion ! - Blog B\u00e9n\u00e9volat","og_description":"Toutes les actualit\u00e9s du b\u00e9n\u00e9volat sur le blog de JeVeuxAider.gouv.fr","og_url":"https:\/\/www.jeveuxaider.gouv.fr\/engagement\/actualite\/la-reserve-civique-sengage-pour-la-solidarite-et-linsertion\/","og_site_name":"JeVeuxAider.gouv.fr | Le Blog de l&#039;Engagement","article_published_time":"2020-09-10T07:37:07+00:00","og_image":[{"width":1412,"height":466,"url":"https:\/\/jeveuxaider-wp.s3.eu-west-3.amazonaws.com\/uploads\/2020\/09\/Capture-decran-2020-09-09-a-21.25.43.png","type":"image\/png"}],"author":"Nicolas","twitter_card":"summary_large_image","twitter_misc":{"Written by":"Nicolas","Est. reading time":"5 minutes"},"schema":{"@context":"https:\/\/schema.org","@graph":[{"@type":"Article","@id":"https:\/\/www.jeveuxaider.gouv.fr\/engagement\/actualite\/la-reserve-civique-sengage-pour-la-solidarite-et-linsertion\/#article","isPartOf":{"@id":"https:\/\/www.jeveuxaider.gouv.fr\/engagement\/actualite\/la-reserve-civique-sengage-pour-la-solidarite-et-linsertion\/"},"author":{"name":"Nicolas","@id":"https:\/\/prod-jeveuxaider-wordpress.osc-secnum-fr1.scalingo.io\/#\/schema\/person\/a1038efd7988d1bb686b3592a0dc4f28"},"headline":"La R\u00e9serve Civique s&rsquo;engage pour la solidarit\u00e9 et l&rsquo;insertion !","datePublished":"2020-09-10T07:37:07+00:00","mainEntityOfPage":{"@id":"https:\/\/www.jeveuxaider.gouv.fr\/engagement\/actualite\/la-reserve-civique-sengage-pour-la-solidarite-et-linsertion\/"},"wordCount":940,"commentCount":0,"image":{"@id":"https:\/\/www.jeveuxaider.gouv.fr\/engagement\/actualite\/la-reserve-civique-sengage-pour-la-solidarite-et-linsertion\/#primaryimage"},"thumbnailUrl":"https:\/\/jeveuxaider-wp.s3.eu-west-3.amazonaws.com\/uploads\/2020\/09\/Capture-decran-2020-09-09-a-21.25.43.png","articleSection":["Actualit\u00e9s","Info"],"inLanguage":"fr-FR","potentialAction":[{"@type":"CommentAction","name":"Comment","target":["https:\/\/www.jeveuxaider.gouv.fr\/engagement\/actualite\/la-reserve-civique-sengage-pour-la-solidarite-et-linsertion\/#respond"]}]},{"@type":"WebPage","@id":"https:\/\/www.jeveuxaider.gouv.fr\/engagement\/actualite\/la-reserve-civique-sengage-pour-la-solidarite-et-linsertion\/","url":"https:\/\/www.jeveuxaider.gouv.fr\/engagement\/actualite\/la-reserve-civique-sengage-pour-la-solidarite-et-linsertion\/","name":"La R\u00e9serve Civique s'engage pour la solidarit\u00e9 et l'insertion ! - Blog B\u00e9n\u00e9volat","isPartOf":{"@id":"https:\/\/prod-jeveuxaider-wordpress.osc-secnum-fr1.scalingo.io\/#website"},"primaryImageOfPage":{"@id":"https:\/\/www.jeveuxaider.gouv.fr\/engagement\/actualite\/la-reserve-civique-sengage-pour-la-solidarite-et-linsertion\/#primaryimage"},"image":{"@id":"https:\/\/www.jeveuxaider.gouv.fr\/engagement\/actualite\/la-reserve-civique-sengage-pour-la-solidarite-et-linsertion\/#primaryimage"},"thumbnailUrl":"https:\/\/jeveuxaider-wp.s3.eu-west-3.amazonaws.com\/uploads\/2020\/09\/Capture-decran-2020-09-09-a-21.25.43.png","datePublished":"2020-09-10T07:37:07+00:00","author":{"@id":"https:\/\/prod-jeveuxaider-wordpress.osc-secnum-fr1.scalingo.io\/#\/schema\/person\/a1038efd7988d1bb686b3592a0dc4f28"},"description":"Toutes les actualit\u00e9s du b\u00e9n\u00e9volat sur le blog de JeVeuxAider.gouv.fr","breadcrumb":{"@id":"https:\/\/www.jeveuxaider.gouv.fr\/engagement\/actualite\/la-reserve-civique-sengage-pour-la-solidarite-et-linsertion\/#breadcrumb"},"inLanguage":"fr-FR","potentialAction":[{"@type":"ReadAction","target":["https:\/\/www.jeveuxaider.gouv.fr\/engagement\/actualite\/la-reserve-civique-sengage-pour-la-solidarite-et-linsertion\/"]}]},{"@type":"ImageObject","inLanguage":"fr-FR","@id":"https:\/\/www.jeveuxaider.gouv.fr\/engagement\/actualite\/la-reserve-civique-sengage-pour-la-solidarite-et-linsertion\/#primaryimage","url":"https:\/\/jeveuxaider-wp.s3.eu-west-3.amazonaws.com\/uploads\/2020\/09\/Capture-decran-2020-09-09-a-21.25.43.png","contentUrl":"https:\/\/jeveuxaider-wp.s3.eu-west-3.amazonaws.com\/uploads\/2020\/09\/Capture-decran-2020-09-09-a-21.25.43.png","width":1412,"height":466},{"@type":"BreadcrumbList","@id":"https:\/\/www.jeveuxaider.gouv.fr\/engagement\/actualite\/la-reserve-civique-sengage-pour-la-solidarite-et-linsertion\/#breadcrumb","itemListElement":[{"@type":"ListItem","position":1,"name":"Accueil","item":"https:\/\/www.jeveuxaider.gouv.fr\/engagement\/"},{"@type":"ListItem","position":2,"name":"La R\u00e9serve Civique s&rsquo;engage pour la solidarit\u00e9 et l&rsquo;insertion !"}]},{"@type":"WebSite","@id":"https:\/\/prod-jeveuxaider-wordpress.osc-secnum-fr1.scalingo.io\/#website","url":"https:\/\/prod-jeveuxaider-wordpress.osc-secnum-fr1.scalingo.io\/","name":"JeVeuxAider.gouv.fr | Le Blog","description":"Devenez b\u00e9n\u00e9vole et trouvez des missions en quelques clics","alternateName":"JeVeuxAider.gouv.fr | Le Blog","potentialAction":[{"@type":"SearchAction","target":{"@type":"EntryPoint","urlTemplate":"https:\/\/prod-jeveuxaider-wordpress.osc-secnum-fr1.scalingo.io\/?s={search_term_string}"},"query-input":{"@type":"PropertyValueSpecification","valueRequired":true,"valueName":"search_term_string"}}],"inLanguage":"fr-FR"},{"@type":"Person","@id":"https:\/\/prod-jeveuxaider-wordpress.osc-secnum-fr1.scalingo.io\/#\/schema\/person\/a1038efd7988d1bb686b3592a0dc4f28","name":"Nicolas","image":{"@type":"ImageObject","inLanguage":"fr-FR","@id":"https:\/\/secure.gravatar.com\/avatar\/09455ddc73331fa8c8480bf5e787afcdaeed30de1cfeb4ae87e69b74a32d54c1?s=96&d=mm&r=g","url":"https:\/\/secure.gravatar.com\/avatar\/09455ddc73331fa8c8480bf5e787afcdaeed30de1cfeb4ae87e69b74a32d54c1?s=96&d=mm&r=g","contentUrl":"https:\/\/secure.gravatar.com\/avatar\/09455ddc73331fa8c8480bf5e787afcdaeed30de1cfeb4ae87e69b74a32d54c1?s=96&d=mm&r=g","caption":"Nicolas"}}]}},"_links":{"self":[{"href":"https:\/\/www.jeveuxaider.gouv.fr\/engagement\/wp-json\/wp\/v2\/posts\/1041","targetHints":{"allow":["GET"]}}],"collection":[{"href":"https:\/\/www.jeveuxaider.gouv.fr\/engagement\/wp-json\/wp\/v2\/posts"}],"about":[{"href":"https:\/\/www.jeveuxaider.gouv.fr\/engagement\/wp-json\/wp\/v2\/types\/post"}],"author":[{"embeddable":true,"href":"https:\/\/www.jeveuxaider.gouv.fr\/engagement\/wp-json\/wp\/v2\/users\/1"}],"replies":[{"embeddable":true,"href":"https:\/\/www.jeveuxaider.gouv.fr\/engagement\/wp-json\/wp\/v2\/comments?post=1041"}],"version-history":[{"count":0,"href":"https:\/\/www.jeveuxaider.gouv.fr\/engagement\/wp-json\/wp\/v2\/posts\/1041\/revisions"}],"wp:featuredmedia":[{"embeddable":true,"href":"https:\/\/www.jeveuxaider.gouv.fr\/engagement\/wp-json\/wp\/v2\/media\/1050"}],"wp:attachment":[{"href":"https:\/\/www.jeveuxaider.gouv.fr\/engagement\/wp-json\/wp\/v2\/media?parent=1041"}],"wp:term":[{"taxonomy":"category","embeddable":true,"href":"https:\/\/www.jeveuxaider.gouv.fr\/engagement\/wp-json\/wp\/v2\/categories?post=1041"},{"taxonomy":"post_tag","embeddable":true,"href":"https:\/\/www.jeveuxaider.gouv.fr\/engagement\/wp-json\/wp\/v2\/tags?post=1041"}],"curies":[{"name":"wp","href":"https:\/\/api.w.org\/{rel}","templated":true}]}}