{"id":1010,"date":"2020-09-04T13:26:55","date_gmt":"2020-09-04T13:26:55","guid":{"rendered":"https:\/\/covid19.reserve-civique.gouv.fr\/?p=1010"},"modified":"2020-09-04T13:26:55","modified_gmt":"2020-09-04T13:26:55","slug":"decouvrez-la-rentree-des-assos","status":"publish","type":"post","link":"https:\/\/www.jeveuxaider.gouv.fr\/engagement\/actualite\/decouvrez-la-rentree-des-assos\/","title":{"rendered":"Associations et collectivit\u00e9s : d\u00e9couvrez la Rentr\u00e9e des Assos !"},"content":{"rendered":"<div class=\"wpb-content-wrapper\"><p>[vc_row row_height_percent=\u00a0\u00bb0&Prime; overlay_alpha=\u00a0\u00bb50&Prime; gutter_size=\u00a0\u00bb3&Prime; column_width_use_pixel=\u00a0\u00bbyes\u00a0\u00bb shift_y=\u00a0\u00bb0&Prime; z_index=\u00a0\u00bb0&Prime; column_width_pixel=\u00a0\u00bb800&Prime;][vc_column width=\u00a0\u00bb1\/1&Prime;][vc_column_text]<\/p>\n<h3><a href=\"https:\/\/rentreedesassos.org\/\">La Rentr\u00e9e des Assos<\/a> permet aux associations de gagner en visibilit\u00e9, aux collectivit\u00e9s de valoriser leur tissu associatif local et aux Fran\u00e7ais de d\u00e9couvrir des associations pr\u00e8s de chez eux. Elle est port\u00e9e par <a href=\"https:\/\/www.helloasso.com\/\">HelloAsso<\/a> et <a href=\"https:\/\/hacktiv.org\/\">Hacktiv<\/a>, avec le soutien de la R\u00e9serve Civique et du Minist\u00e8re de l\u2019Education Nationale.<\/h3>\n<h4>2020, une rentr\u00e9e (associative) pas comme les autres &#8230;<\/h4>\n<p>La crise li\u00e9e au Covid-19 a eu un fort impact sur le secteur associatif. Selon <a href=\"https:\/\/lemouvementassociatif.org\/wp-content\/uploads\/2020\/06\/COVID19_assos_enquete_2_chiffrescles.pdf\">l\u2019\u00e9tude du Mouvement associatif<\/a>, 70% des associations n\u2019ont pu maintenir que 20% (ou moins) de leurs activit\u00e9s pendant le confinement. C\u2019est pourquoi la rentr\u00e9e de septembre 2020 est d\u2019autant plus importante pour elles. \u00c0 cette p\u00e9riode cl\u00e9, elles remobilisent leurs membres, cherchent de nouveaux b\u00e9n\u00e9voles, proposent des activit\u00e9s \u00e0 de futurs adh\u00e9rents &#8230; Cette ann\u00e9e, leurs objectifs sont d\u00e9cupl\u00e9s afin de parer aux manquements du printemps, mais aussi plus complexes \u00e0 atteindre que les ann\u00e9es pr\u00e9c\u00e9dentes. C\u2019est pourquoi elles doivent \u00eatre encourag\u00e9es !<\/p>\n<p>Si la rentr\u00e9e de septembre est un moment fort pour les organisations, il l\u2019est aussi pour les Fran\u00e7ais qui sont de plus en plus nombreux \u00e0 adh\u00e9rer \u00e0 une association. <a href=\"https:\/\/lemouvementassociatif.org\/wp-content\/uploads\/2016\/09\/LMA_letat_des_assos_en_12infos.pdf\">Selon la m\u00eame \u00e9tude,<\/a> le nombre total d\u2019adh\u00e9sions s&rsquo;\u00e9levait \u00e0 40 millions en 2017, et il progresse depuis 15 ans. Les \u00e9v\u00e9nements de septembre facilitant la rencontre entre les particuliers et les associations sont donc une r\u00e9elle opportunit\u00e9 pour dynamiser leur rentr\u00e9e.<\/p>\n<h4><strong>La Rentr\u00e9e des Assos : un point de rencontre essentiel<br \/>\n<\/strong><\/h4>\n<p>Pour favoriser la rencontre entre les associations et leurs publics, HelloAsso et Hacktiv ont d\u00e9cid\u00e9 de s\u2019unir pour lancer la Rentr\u00e9e des Assos, avec le soutien de la R\u00e9serve Civique et du Minist\u00e8re de l\u2019Education Nationale. Cette initiative soutient le secteur associatif en mettant en avant leurs activit\u00e9s de rentr\u00e9e : cours d\u2019essai, r\u00e9unions d\u2019informations, expositions ou\u00a0 moments conviviaux de d\u00e9but d\u2019ann\u00e9e, pour leur permettre de d\u00e9buter une nouvelle saison positivement.<\/p>\n<blockquote><p><a href=\"https:\/\/rentreedesassos.org\/\">La Rentr\u00e9e des Assos<\/a> est une solution num\u00e9rique compl\u00e9mentaire aux forums des associations organis\u00e9s par les collectivit\u00e9s qui sont un traditionnel temps fort de la vie locale. Concr\u00e8tement, les Fran\u00e7ais qui souhaitent participer \u00e0 une activit\u00e9 associative pr\u00e8s de chez eux b\u00e9n\u00e9ficient d\u2019une plateforme qui g\u00e9olocalise ces activit\u00e9s* et leur donne la possibilit\u00e9 de s&rsquo;y inscrire en ligne.<\/p><\/blockquote>\n<h4><strong>Associations, acteurs de l&rsquo;ESS, collectivit\u00e9s<br \/>\n<\/strong><\/h4>\n<p>R\u00e9el soutien du secteur associatif, les collectivit\u00e9s peuvent participer \u00e0 l\u2019op\u00e9ration pour proposer une solution num\u00e9rique \u00e0 leurs associations et valoriser leur tissu associatif local. La Rentr\u00e9e des Assos est le fruit d\u2019une coop\u00e9ration innovante entre acteurs de l&rsquo;\u00c9conomie Sociale et Solidaire et acteurs publics. La plateforme <a href=\"https:\/\/rentreedesassos.org\/\">rentreedesassos.org<\/a> est le point de rencontre associatif de la rentr\u00e9e 2020.<\/p>\n<h3>\ud83d\udc49 Vous \u00eates une association ou une collectivit\u00e9 et vous souhaitez participer \u00e0 la Rentr\u00e9e des Assos ? <a href=\"https:\/\/rentreedesassos.org\/\">Rendez-vous ici !<\/a><\/h3>\n<p><em>*Si cette initiative \u00e0 vocation \u00e0 cr\u00e9er des points de rencontre entre citoyens et associations locales, elle s\u2019inscrit bien entendu dans le contexte sanitaire actuel. L\u2019ensemble des associations participantes sont sensibilis\u00e9es au respect des mesures de distanciation physique et \u00e0 <\/em><a href=\"https:\/\/www.helloasso.com\/blog\/comment-reprendre-ses-activites-associatives-dans-de-bonnes-conditions\/\"><em>l\u2019accueil de publics dans de bonnes conditions<\/em><\/a>[\/vc_column_text][\/vc_column][\/vc_row]<\/p>\n<\/div>","protected":false},"excerpt":{"rendered":"<p>\u00c0 partir du 16 septembre, cette plateforme num\u00e9rique met les associations \u00e0 l&rsquo;honneur et r\u00e9f\u00e9rence leurs activit\u00e9s de rentr\u00e9e.<\/p>\n","protected":false},"author":1,"featured_media":1030,"comment_status":"open","ping_status":"open","sticky":false,"template":"","format":"standard","meta":{"footnotes":""},"categories":[2],"tags":[],"class_list":["post-1010","post","type-post","status-publish","format-standard","has-post-thumbnail","hentry","category-actualite"],"yoast_head":"<!-- This site is optimized with the Yoast SEO plugin v27.2 - https:\/\/yoast.com\/product\/yoast-seo-wordpress\/ -->\n<title>Associations et collectivit\u00e9s : d\u00e9couvrez la Rentr\u00e9e des Assos ! - Blog B\u00e9n\u00e9volat<\/title>\n<meta name=\"description\" content=\"Toutes les actualit\u00e9s du b\u00e9n\u00e9volat sur le blog de JeVeuxAider.gouv.fr\" \/>\n<meta name=\"robots\" content=\"index, follow, max-snippet:-1, max-image-preview:large, max-video-preview:-1\" \/>\n<link rel=\"canonical\" href=\"https:\/\/www.jeveuxaider.gouv.fr\/engagement\/actualite\/decouvrez-la-rentree-des-assos\/\" \/>\n<meta property=\"og:locale\" content=\"fr_FR\" \/>\n<meta property=\"og:type\" content=\"article\" \/>\n<meta property=\"og:title\" content=\"Associations et collectivit\u00e9s : d\u00e9couvrez la Rentr\u00e9e des Assos ! - Blog B\u00e9n\u00e9volat\" \/>\n<meta property=\"og:description\" content=\"Toutes les actualit\u00e9s du b\u00e9n\u00e9volat sur le blog de JeVeuxAider.gouv.fr\" \/>\n<meta property=\"og:url\" content=\"https:\/\/www.jeveuxaider.gouv.fr\/engagement\/actualite\/decouvrez-la-rentree-des-assos\/\" \/>\n<meta property=\"og:site_name\" content=\"JeVeuxAider.gouv.fr | Le Blog de l&#039;Engagement\" \/>\n<meta property=\"article:published_time\" content=\"2020-09-04T13:26:55+00:00\" \/>\n<meta property=\"og:image\" content=\"https:\/\/jeveuxaider-wp.s3.eu-west-3.amazonaws.com\/uploads\/2020\/09\/Facebook_couverture_Rentree-des-Assos.jpg\" \/>\n\t<meta property=\"og:image:width\" content=\"851\" \/>\n\t<meta property=\"og:image:height\" content=\"315\" \/>\n\t<meta property=\"og:image:type\" content=\"image\/jpeg\" \/>\n<meta name=\"author\" content=\"Nicolas\" \/>\n<meta name=\"twitter:card\" content=\"summary_large_image\" \/>\n<meta name=\"twitter:label1\" content=\"Written by\" \/>\n\t<meta name=\"twitter:data1\" content=\"Nicolas\" \/>\n\t<meta name=\"twitter:label2\" content=\"Est. reading time\" \/>\n\t<meta name=\"twitter:data2\" content=\"3 minutes\" \/>\n<script type=\"application\/ld+json\" class=\"yoast-schema-graph\">{\"@context\":\"https:\/\/schema.org\",\"@graph\":[{\"@type\":\"Article\",\"@id\":\"https:\/\/www.jeveuxaider.gouv.fr\/engagement\/actualite\/decouvrez-la-rentree-des-assos\/#article\",\"isPartOf\":{\"@id\":\"https:\/\/www.jeveuxaider.gouv.fr\/engagement\/actualite\/decouvrez-la-rentree-des-assos\/\"},\"author\":{\"name\":\"Nicolas\",\"@id\":\"https:\/\/prod-jeveuxaider-wordpress.osc-secnum-fr1.scalingo.io\/#\/schema\/person\/a1038efd7988d1bb686b3592a0dc4f28\"},\"headline\":\"Associations et collectivit\u00e9s : d\u00e9couvrez la Rentr\u00e9e des Assos !\",\"datePublished\":\"2020-09-04T13:26:55+00:00\",\"mainEntityOfPage\":{\"@id\":\"https:\/\/www.jeveuxaider.gouv.fr\/engagement\/actualite\/decouvrez-la-rentree-des-assos\/\"},\"wordCount\":605,\"commentCount\":0,\"image\":{\"@id\":\"https:\/\/www.jeveuxaider.gouv.fr\/engagement\/actualite\/decouvrez-la-rentree-des-assos\/#primaryimage\"},\"thumbnailUrl\":\"https:\/\/jeveuxaider-wp.s3.eu-west-3.amazonaws.com\/uploads\/2020\/09\/Facebook_couverture_Rentree-des-Assos.jpg\",\"articleSection\":[\"Actualit\u00e9s\"],\"inLanguage\":\"fr-FR\",\"potentialAction\":[{\"@type\":\"CommentAction\",\"name\":\"Comment\",\"target\":[\"https:\/\/www.jeveuxaider.gouv.fr\/engagement\/actualite\/decouvrez-la-rentree-des-assos\/#respond\"]}]},{\"@type\":\"WebPage\",\"@id\":\"https:\/\/www.jeveuxaider.gouv.fr\/engagement\/actualite\/decouvrez-la-rentree-des-assos\/\",\"url\":\"https:\/\/www.jeveuxaider.gouv.fr\/engagement\/actualite\/decouvrez-la-rentree-des-assos\/\",\"name\":\"Associations et collectivit\u00e9s : d\u00e9couvrez la Rentr\u00e9e des Assos ! - Blog B\u00e9n\u00e9volat\",\"isPartOf\":{\"@id\":\"https:\/\/prod-jeveuxaider-wordpress.osc-secnum-fr1.scalingo.io\/#website\"},\"primaryImageOfPage\":{\"@id\":\"https:\/\/www.jeveuxaider.gouv.fr\/engagement\/actualite\/decouvrez-la-rentree-des-assos\/#primaryimage\"},\"image\":{\"@id\":\"https:\/\/www.jeveuxaider.gouv.fr\/engagement\/actualite\/decouvrez-la-rentree-des-assos\/#primaryimage\"},\"thumbnailUrl\":\"https:\/\/jeveuxaider-wp.s3.eu-west-3.amazonaws.com\/uploads\/2020\/09\/Facebook_couverture_Rentree-des-Assos.jpg\",\"datePublished\":\"2020-09-04T13:26:55+00:00\",\"author\":{\"@id\":\"https:\/\/prod-jeveuxaider-wordpress.osc-secnum-fr1.scalingo.io\/#\/schema\/person\/a1038efd7988d1bb686b3592a0dc4f28\"},\"description\":\"Toutes les actualit\u00e9s du b\u00e9n\u00e9volat sur le blog de JeVeuxAider.gouv.fr\",\"breadcrumb\":{\"@id\":\"https:\/\/www.jeveuxaider.gouv.fr\/engagement\/actualite\/decouvrez-la-rentree-des-assos\/#breadcrumb\"},\"inLanguage\":\"fr-FR\",\"potentialAction\":[{\"@type\":\"ReadAction\",\"target\":[\"https:\/\/www.jeveuxaider.gouv.fr\/engagement\/actualite\/decouvrez-la-rentree-des-assos\/\"]}]},{\"@type\":\"ImageObject\",\"inLanguage\":\"fr-FR\",\"@id\":\"https:\/\/www.jeveuxaider.gouv.fr\/engagement\/actualite\/decouvrez-la-rentree-des-assos\/#primaryimage\",\"url\":\"https:\/\/jeveuxaider-wp.s3.eu-west-3.amazonaws.com\/uploads\/2020\/09\/Facebook_couverture_Rentree-des-Assos.jpg\",\"contentUrl\":\"https:\/\/jeveuxaider-wp.s3.eu-west-3.amazonaws.com\/uploads\/2020\/09\/Facebook_couverture_Rentree-des-Assos.jpg\",\"width\":851,\"height\":315},{\"@type\":\"BreadcrumbList\",\"@id\":\"https:\/\/www.jeveuxaider.gouv.fr\/engagement\/actualite\/decouvrez-la-rentree-des-assos\/#breadcrumb\",\"itemListElement\":[{\"@type\":\"ListItem\",\"position\":1,\"name\":\"Accueil\",\"item\":\"https:\/\/www.jeveuxaider.gouv.fr\/engagement\/\"},{\"@type\":\"ListItem\",\"position\":2,\"name\":\"Associations et collectivit\u00e9s : d\u00e9couvrez la Rentr\u00e9e des Assos !\"}]},{\"@type\":\"WebSite\",\"@id\":\"https:\/\/prod-jeveuxaider-wordpress.osc-secnum-fr1.scalingo.io\/#website\",\"url\":\"https:\/\/prod-jeveuxaider-wordpress.osc-secnum-fr1.scalingo.io\/\",\"name\":\"JeVeuxAider.gouv.fr | Le Blog\",\"description\":\"Devenez b\u00e9n\u00e9vole et trouvez des missions en quelques clics\",\"alternateName\":\"JeVeuxAider.gouv.fr | Le Blog\",\"potentialAction\":[{\"@type\":\"SearchAction\",\"target\":{\"@type\":\"EntryPoint\",\"urlTemplate\":\"https:\/\/prod-jeveuxaider-wordpress.osc-secnum-fr1.scalingo.io\/?s={search_term_string}\"},\"query-input\":{\"@type\":\"PropertyValueSpecification\",\"valueRequired\":true,\"valueName\":\"search_term_string\"}}],\"inLanguage\":\"fr-FR\"},{\"@type\":\"Person\",\"@id\":\"https:\/\/prod-jeveuxaider-wordpress.osc-secnum-fr1.scalingo.io\/#\/schema\/person\/a1038efd7988d1bb686b3592a0dc4f28\",\"name\":\"Nicolas\",\"image\":{\"@type\":\"ImageObject\",\"inLanguage\":\"fr-FR\",\"@id\":\"https:\/\/secure.gravatar.com\/avatar\/09455ddc73331fa8c8480bf5e787afcdaeed30de1cfeb4ae87e69b74a32d54c1?s=96&d=mm&r=g\",\"url\":\"https:\/\/secure.gravatar.com\/avatar\/09455ddc73331fa8c8480bf5e787afcdaeed30de1cfeb4ae87e69b74a32d54c1?s=96&d=mm&r=g\",\"contentUrl\":\"https:\/\/secure.gravatar.com\/avatar\/09455ddc73331fa8c8480bf5e787afcdaeed30de1cfeb4ae87e69b74a32d54c1?s=96&d=mm&r=g\",\"caption\":\"Nicolas\"}}]}<\/script>\n<!-- \/ Yoast SEO plugin. -->","yoast_head_json":{"title":"Associations et collectivit\u00e9s : d\u00e9couvrez la Rentr\u00e9e des Assos ! - Blog B\u00e9n\u00e9volat","description":"Toutes les actualit\u00e9s du b\u00e9n\u00e9volat sur le blog de JeVeuxAider.gouv.fr","robots":{"index":"index","follow":"follow","max-snippet":"max-snippet:-1","max-image-preview":"max-image-preview:large","max-video-preview":"max-video-preview:-1"},"canonical":"https:\/\/www.jeveuxaider.gouv.fr\/engagement\/actualite\/decouvrez-la-rentree-des-assos\/","og_locale":"fr_FR","og_type":"article","og_title":"Associations et collectivit\u00e9s : d\u00e9couvrez la Rentr\u00e9e des Assos ! - Blog B\u00e9n\u00e9volat","og_description":"Toutes les actualit\u00e9s du b\u00e9n\u00e9volat sur le blog de JeVeuxAider.gouv.fr","og_url":"https:\/\/www.jeveuxaider.gouv.fr\/engagement\/actualite\/decouvrez-la-rentree-des-assos\/","og_site_name":"JeVeuxAider.gouv.fr | Le Blog de l&#039;Engagement","article_published_time":"2020-09-04T13:26:55+00:00","og_image":[{"width":851,"height":315,"url":"https:\/\/jeveuxaider-wp.s3.eu-west-3.amazonaws.com\/uploads\/2020\/09\/Facebook_couverture_Rentree-des-Assos.jpg","type":"image\/jpeg"}],"author":"Nicolas","twitter_card":"summary_large_image","twitter_misc":{"Written by":"Nicolas","Est. reading time":"3 minutes"},"schema":{"@context":"https:\/\/schema.org","@graph":[{"@type":"Article","@id":"https:\/\/www.jeveuxaider.gouv.fr\/engagement\/actualite\/decouvrez-la-rentree-des-assos\/#article","isPartOf":{"@id":"https:\/\/www.jeveuxaider.gouv.fr\/engagement\/actualite\/decouvrez-la-rentree-des-assos\/"},"author":{"name":"Nicolas","@id":"https:\/\/prod-jeveuxaider-wordpress.osc-secnum-fr1.scalingo.io\/#\/schema\/person\/a1038efd7988d1bb686b3592a0dc4f28"},"headline":"Associations et collectivit\u00e9s : d\u00e9couvrez la Rentr\u00e9e des Assos !","datePublished":"2020-09-04T13:26:55+00:00","mainEntityOfPage":{"@id":"https:\/\/www.jeveuxaider.gouv.fr\/engagement\/actualite\/decouvrez-la-rentree-des-assos\/"},"wordCount":605,"commentCount":0,"image":{"@id":"https:\/\/www.jeveuxaider.gouv.fr\/engagement\/actualite\/decouvrez-la-rentree-des-assos\/#primaryimage"},"thumbnailUrl":"https:\/\/jeveuxaider-wp.s3.eu-west-3.amazonaws.com\/uploads\/2020\/09\/Facebook_couverture_Rentree-des-Assos.jpg","articleSection":["Actualit\u00e9s"],"inLanguage":"fr-FR","potentialAction":[{"@type":"CommentAction","name":"Comment","target":["https:\/\/www.jeveuxaider.gouv.fr\/engagement\/actualite\/decouvrez-la-rentree-des-assos\/#respond"]}]},{"@type":"WebPage","@id":"https:\/\/www.jeveuxaider.gouv.fr\/engagement\/actualite\/decouvrez-la-rentree-des-assos\/","url":"https:\/\/www.jeveuxaider.gouv.fr\/engagement\/actualite\/decouvrez-la-rentree-des-assos\/","name":"Associations et collectivit\u00e9s : d\u00e9couvrez la Rentr\u00e9e des Assos ! - Blog B\u00e9n\u00e9volat","isPartOf":{"@id":"https:\/\/prod-jeveuxaider-wordpress.osc-secnum-fr1.scalingo.io\/#website"},"primaryImageOfPage":{"@id":"https:\/\/www.jeveuxaider.gouv.fr\/engagement\/actualite\/decouvrez-la-rentree-des-assos\/#primaryimage"},"image":{"@id":"https:\/\/www.jeveuxaider.gouv.fr\/engagement\/actualite\/decouvrez-la-rentree-des-assos\/#primaryimage"},"thumbnailUrl":"https:\/\/jeveuxaider-wp.s3.eu-west-3.amazonaws.com\/uploads\/2020\/09\/Facebook_couverture_Rentree-des-Assos.jpg","datePublished":"2020-09-04T13:26:55+00:00","author":{"@id":"https:\/\/prod-jeveuxaider-wordpress.osc-secnum-fr1.scalingo.io\/#\/schema\/person\/a1038efd7988d1bb686b3592a0dc4f28"},"description":"Toutes les actualit\u00e9s du b\u00e9n\u00e9volat sur le blog de JeVeuxAider.gouv.fr","breadcrumb":{"@id":"https:\/\/www.jeveuxaider.gouv.fr\/engagement\/actualite\/decouvrez-la-rentree-des-assos\/#breadcrumb"},"inLanguage":"fr-FR","potentialAction":[{"@type":"ReadAction","target":["https:\/\/www.jeveuxaider.gouv.fr\/engagement\/actualite\/decouvrez-la-rentree-des-assos\/"]}]},{"@type":"ImageObject","inLanguage":"fr-FR","@id":"https:\/\/www.jeveuxaider.gouv.fr\/engagement\/actualite\/decouvrez-la-rentree-des-assos\/#primaryimage","url":"https:\/\/jeveuxaider-wp.s3.eu-west-3.amazonaws.com\/uploads\/2020\/09\/Facebook_couverture_Rentree-des-Assos.jpg","contentUrl":"https:\/\/jeveuxaider-wp.s3.eu-west-3.amazonaws.com\/uploads\/2020\/09\/Facebook_couverture_Rentree-des-Assos.jpg","width":851,"height":315},{"@type":"BreadcrumbList","@id":"https:\/\/www.jeveuxaider.gouv.fr\/engagement\/actualite\/decouvrez-la-rentree-des-assos\/#breadcrumb","itemListElement":[{"@type":"ListItem","position":1,"name":"Accueil","item":"https:\/\/www.jeveuxaider.gouv.fr\/engagement\/"},{"@type":"ListItem","position":2,"name":"Associations et collectivit\u00e9s : d\u00e9couvrez la Rentr\u00e9e des Assos !"}]},{"@type":"WebSite","@id":"https:\/\/prod-jeveuxaider-wordpress.osc-secnum-fr1.scalingo.io\/#website","url":"https:\/\/prod-jeveuxaider-wordpress.osc-secnum-fr1.scalingo.io\/","name":"JeVeuxAider.gouv.fr | Le Blog","description":"Devenez b\u00e9n\u00e9vole et trouvez des missions en quelques clics","alternateName":"JeVeuxAider.gouv.fr | Le Blog","potentialAction":[{"@type":"SearchAction","target":{"@type":"EntryPoint","urlTemplate":"https:\/\/prod-jeveuxaider-wordpress.osc-secnum-fr1.scalingo.io\/?s={search_term_string}"},"query-input":{"@type":"PropertyValueSpecification","valueRequired":true,"valueName":"search_term_string"}}],"inLanguage":"fr-FR"},{"@type":"Person","@id":"https:\/\/prod-jeveuxaider-wordpress.osc-secnum-fr1.scalingo.io\/#\/schema\/person\/a1038efd7988d1bb686b3592a0dc4f28","name":"Nicolas","image":{"@type":"ImageObject","inLanguage":"fr-FR","@id":"https:\/\/secure.gravatar.com\/avatar\/09455ddc73331fa8c8480bf5e787afcdaeed30de1cfeb4ae87e69b74a32d54c1?s=96&d=mm&r=g","url":"https:\/\/secure.gravatar.com\/avatar\/09455ddc73331fa8c8480bf5e787afcdaeed30de1cfeb4ae87e69b74a32d54c1?s=96&d=mm&r=g","contentUrl":"https:\/\/secure.gravatar.com\/avatar\/09455ddc73331fa8c8480bf5e787afcdaeed30de1cfeb4ae87e69b74a32d54c1?s=96&d=mm&r=g","caption":"Nicolas"}}]}},"_links":{"self":[{"href":"https:\/\/www.jeveuxaider.gouv.fr\/engagement\/wp-json\/wp\/v2\/posts\/1010","targetHints":{"allow":["GET"]}}],"collection":[{"href":"https:\/\/www.jeveuxaider.gouv.fr\/engagement\/wp-json\/wp\/v2\/posts"}],"about":[{"href":"https:\/\/www.jeveuxaider.gouv.fr\/engagement\/wp-json\/wp\/v2\/types\/post"}],"author":[{"embeddable":true,"href":"https:\/\/www.jeveuxaider.gouv.fr\/engagement\/wp-json\/wp\/v2\/users\/1"}],"replies":[{"embeddable":true,"href":"https:\/\/www.jeveuxaider.gouv.fr\/engagement\/wp-json\/wp\/v2\/comments?post=1010"}],"version-history":[{"count":0,"href":"https:\/\/www.jeveuxaider.gouv.fr\/engagement\/wp-json\/wp\/v2\/posts\/1010\/revisions"}],"wp:featuredmedia":[{"embeddable":true,"href":"https:\/\/www.jeveuxaider.gouv.fr\/engagement\/wp-json\/wp\/v2\/media\/1030"}],"wp:attachment":[{"href":"https:\/\/www.jeveuxaider.gouv.fr\/engagement\/wp-json\/wp\/v2\/media?parent=1010"}],"wp:term":[{"taxonomy":"category","embeddable":true,"href":"https:\/\/www.jeveuxaider.gouv.fr\/engagement\/wp-json\/wp\/v2\/categories?post=1010"},{"taxonomy":"post_tag","embeddable":true,"href":"https:\/\/www.jeveuxaider.gouv.fr\/engagement\/wp-json\/wp\/v2\/tags?post=1010"}],"curies":[{"name":"wp","href":"https:\/\/api.w.org\/{rel}","templated":true}]}}